{"id":2513,"date":"2019-09-08T17:27:58","date_gmt":"2019-09-08T15:27:58","guid":{"rendered":"http:\/\/wolfsreise.d-l-w.de\/?p=2513"},"modified":"2019-11-13T14:47:49","modified_gmt":"2019-11-13T13:47:49","slug":"ceret-kuenstlerkolonie-der-fruehen-20er-jahre-des-19-jahrhunderts","status":"publish","type":"post","link":"http:\/\/wolfsreise.d-l-w.de\/?p=2513","title":{"rendered":"C\u00e9ret &#8211; K\u00fcnstlerkolonie der fr\u00fchen 20er Jahre des 20. Jahrhunderts"},"content":{"rendered":"\n<p>Andr\u00e9 Masson lebte und wirkte lange Jahre in C\u00e9ret gelebt, viele seiner Freunde nachgeholt, mit ihnen zusammen Werke geschaffen und letztlich den Grundstein f\u00fcr das sehenswerte Museum der Stadt gelegt. Selbst besuchen macht Freude, vor allem Samstags vormittags, wenn in allen Stra\u00dfen Markt ist und Trubel herrscht.<\/p>\n\n\n\n<p>So gibt\u2019s jetzt Impressionen und nicht Impressionisten.<\/p>\n\n\n\n<figure class=\"wp-block-image\"><img loading=\"lazy\" decoding=\"async\" width=\"1024\" height=\"863\" src=\"http:\/\/wolfsreise.d-l-w.de\/wp-content\/uploads\/2019\/09\/117DDFFF-ADD7-457F-BA7D-30C1DCA046CC-1024x863.jpeg\" alt=\"\" class=\"wp-image-2526\" srcset=\"http:\/\/wolfsreise.d-l-w.de\/wp-content\/uploads\/2019\/09\/117DDFFF-ADD7-457F-BA7D-30C1DCA046CC-1024x863.jpeg 1024w, http:\/\/wolfsreise.d-l-w.de\/wp-content\/uploads\/2019\/09\/117DDFFF-ADD7-457F-BA7D-30C1DCA046CC-150x126.jpeg 150w, http:\/\/wolfsreise.d-l-w.de\/wp-content\/uploads\/2019\/09\/117DDFFF-ADD7-457F-BA7D-30C1DCA046CC-300x253.jpeg 300w, http:\/\/wolfsreise.d-l-w.de\/wp-content\/uploads\/2019\/09\/117DDFFF-ADD7-457F-BA7D-30C1DCA046CC-768x647.jpeg 768w, http:\/\/wolfsreise.d-l-w.de\/wp-content\/uploads\/2019\/09\/117DDFFF-ADD7-457F-BA7D-30C1DCA046CC.jpeg 1360w\" sizes=\"(max-width: 767px) 89vw, (max-width: 1000px) 54vw, (max-width: 1071px) 543px, 580px\" \/><figcaption>Nicht von Masson, sondern von Pinkus Kr\u00e9m\u00e8gne, ein litauischer Maler, den es nach Paris gezogen hatte und der sp\u00e4ter lange in C\u00e9ret malte.<\/figcaption><\/figure>\n\n\n\n<figure class=\"wp-block-image\"><img loading=\"lazy\" decoding=\"async\" width=\"1024\" height=\"768\" src=\"http:\/\/wolfsreise.d-l-w.de\/wp-content\/uploads\/2019\/09\/00A28653-ABCC-466B-AE88-04B140D3F40E-1024x768.jpeg\" alt=\"\" class=\"wp-image-2521\" srcset=\"http:\/\/wolfsreise.d-l-w.de\/wp-content\/uploads\/2019\/09\/00A28653-ABCC-466B-AE88-04B140D3F40E-1024x768.jpeg 1024w, http:\/\/wolfsreise.d-l-w.de\/wp-content\/uploads\/2019\/09\/00A28653-ABCC-466B-AE88-04B140D3F40E-150x113.jpeg 150w, http:\/\/wolfsreise.d-l-w.de\/wp-content\/uploads\/2019\/09\/00A28653-ABCC-466B-AE88-04B140D3F40E-300x225.jpeg 300w, http:\/\/wolfsreise.d-l-w.de\/wp-content\/uploads\/2019\/09\/00A28653-ABCC-466B-AE88-04B140D3F40E-768x576.jpeg 768w, http:\/\/wolfsreise.d-l-w.de\/wp-content\/uploads\/2019\/09\/00A28653-ABCC-466B-AE88-04B140D3F40E.jpeg 2048w\" sizes=\"(max-width: 767px) 89vw, (max-width: 1000px) 54vw, (max-width: 1071px) 543px, 580px\" \/><figcaption>Der Picasso-Brunnen voller Tiergestalten und Wasserfeen. Wunderbar <em>schattig und stilvoll, Aquarellisten malen, wo auch sonst?<\/em><\/figcaption><\/figure>\n\n\n\n<figure class=\"wp-block-image\"><img loading=\"lazy\" decoding=\"async\" width=\"1024\" height=\"768\" src=\"http:\/\/wolfsreise.d-l-w.de\/wp-content\/uploads\/2019\/09\/4C773B83-A675-4B3C-A8D8-450CEF2050C0-1024x768.jpeg\" alt=\"\" class=\"wp-image-2522\" srcset=\"http:\/\/wolfsreise.d-l-w.de\/wp-content\/uploads\/2019\/09\/4C773B83-A675-4B3C-A8D8-450CEF2050C0-1024x768.jpeg 1024w, http:\/\/wolfsreise.d-l-w.de\/wp-content\/uploads\/2019\/09\/4C773B83-A675-4B3C-A8D8-450CEF2050C0-150x112.jpeg 150w, http:\/\/wolfsreise.d-l-w.de\/wp-content\/uploads\/2019\/09\/4C773B83-A675-4B3C-A8D8-450CEF2050C0-300x225.jpeg 300w, http:\/\/wolfsreise.d-l-w.de\/wp-content\/uploads\/2019\/09\/4C773B83-A675-4B3C-A8D8-450CEF2050C0-768x576.jpeg 768w, http:\/\/wolfsreise.d-l-w.de\/wp-content\/uploads\/2019\/09\/4C773B83-A675-4B3C-A8D8-450CEF2050C0.jpeg 1782w\" sizes=\"(max-width: 767px) 89vw, (max-width: 1000px) 54vw, (max-width: 1071px) 543px, 580px\" \/><figcaption>Catalanische Rose trifft aggressive Hornisse oder ist es eine Honigbiene, die sich vor den Pestiziden der Landwirtschaft sch\u00fctzt?<\/figcaption><\/figure>\n\n\n\n<figure class=\"wp-block-image\"><img loading=\"lazy\" decoding=\"async\" width=\"1024\" height=\"768\" src=\"http:\/\/wolfsreise.d-l-w.de\/wp-content\/uploads\/2019\/09\/BD3AF3CE-0AF3-44F0-877A-07235A275A69-1024x768.jpeg\" alt=\"\" class=\"wp-image-2517\" srcset=\"http:\/\/wolfsreise.d-l-w.de\/wp-content\/uploads\/2019\/09\/BD3AF3CE-0AF3-44F0-877A-07235A275A69-1024x768.jpeg 1024w, http:\/\/wolfsreise.d-l-w.de\/wp-content\/uploads\/2019\/09\/BD3AF3CE-0AF3-44F0-877A-07235A275A69-150x113.jpeg 150w, http:\/\/wolfsreise.d-l-w.de\/wp-content\/uploads\/2019\/09\/BD3AF3CE-0AF3-44F0-877A-07235A275A69-300x225.jpeg 300w, http:\/\/wolfsreise.d-l-w.de\/wp-content\/uploads\/2019\/09\/BD3AF3CE-0AF3-44F0-877A-07235A275A69-768x576.jpeg 768w, http:\/\/wolfsreise.d-l-w.de\/wp-content\/uploads\/2019\/09\/BD3AF3CE-0AF3-44F0-877A-07235A275A69.jpeg 1632w\" sizes=\"(max-width: 767px) 89vw, (max-width: 1000px) 54vw, (max-width: 1071px) 543px, 580px\" \/><figcaption>Die definitive Birne aus frischem Ziegenk\u00e4se &#8211; ganz lecker.<\/figcaption><\/figure>\n\n\n\n<figure class=\"wp-block-image\"><img loading=\"lazy\" decoding=\"async\" width=\"768\" height=\"1024\" src=\"http:\/\/wolfsreise.d-l-w.de\/wp-content\/uploads\/2019\/09\/3814DA5B-4378-486F-8A06-1A38FA95CEEE-e1567953509542-768x1024.jpeg\" alt=\"\" class=\"wp-image-2516\" srcset=\"http:\/\/wolfsreise.d-l-w.de\/wp-content\/uploads\/2019\/09\/3814DA5B-4378-486F-8A06-1A38FA95CEEE-e1567953509542-768x1024.jpeg 768w, http:\/\/wolfsreise.d-l-w.de\/wp-content\/uploads\/2019\/09\/3814DA5B-4378-486F-8A06-1A38FA95CEEE-e1567953509542-113x150.jpeg 113w, http:\/\/wolfsreise.d-l-w.de\/wp-content\/uploads\/2019\/09\/3814DA5B-4378-486F-8A06-1A38FA95CEEE-e1567953509542-225x300.jpeg 225w, http:\/\/wolfsreise.d-l-w.de\/wp-content\/uploads\/2019\/09\/3814DA5B-4378-486F-8A06-1A38FA95CEEE-e1567953509542.jpeg 1224w\" sizes=\"(max-width: 767px) 89vw, (max-width: 1000px) 54vw, (max-width: 1071px) 543px, 580px\" \/><figcaption>Schlangenbohnen in allen Farben, will ich n\u00e4chstes Jahr auch in meinem Garten haben !!!<\/figcaption><\/figure>\n\n\n\n<figure class=\"wp-block-image\"><img loading=\"lazy\" decoding=\"async\" width=\"1024\" height=\"768\" src=\"http:\/\/wolfsreise.d-l-w.de\/wp-content\/uploads\/2019\/09\/B73CE74F-948D-49A5-9777-051DC19CFAAA-1024x768.jpeg\" alt=\"\" class=\"wp-image-2518\" srcset=\"http:\/\/wolfsreise.d-l-w.de\/wp-content\/uploads\/2019\/09\/B73CE74F-948D-49A5-9777-051DC19CFAAA-1024x768.jpeg 1024w, http:\/\/wolfsreise.d-l-w.de\/wp-content\/uploads\/2019\/09\/B73CE74F-948D-49A5-9777-051DC19CFAAA-150x113.jpeg 150w, http:\/\/wolfsreise.d-l-w.de\/wp-content\/uploads\/2019\/09\/B73CE74F-948D-49A5-9777-051DC19CFAAA-300x225.jpeg 300w, http:\/\/wolfsreise.d-l-w.de\/wp-content\/uploads\/2019\/09\/B73CE74F-948D-49A5-9777-051DC19CFAAA-768x576.jpeg 768w, http:\/\/wolfsreise.d-l-w.de\/wp-content\/uploads\/2019\/09\/B73CE74F-948D-49A5-9777-051DC19CFAAA.jpeg 1632w\" sizes=\"(max-width: 767px) 89vw, (max-width: 1000px) 54vw, (max-width: 1071px) 543px, 580px\" \/><figcaption>Geruchsexplossion auf s\u00fcdfranz\u00f6sisch<\/figcaption><\/figure>\n\n\n\n<figure class=\"wp-block-image\"><img loading=\"lazy\" decoding=\"async\" width=\"768\" height=\"1024\" src=\"http:\/\/wolfsreise.d-l-w.de\/wp-content\/uploads\/2019\/09\/B93F8473-F915-4BB4-A525-E1C5021F3517-e1567953695470-768x1024.jpeg\" alt=\"\" class=\"wp-image-2519\" srcset=\"http:\/\/wolfsreise.d-l-w.de\/wp-content\/uploads\/2019\/09\/B93F8473-F915-4BB4-A525-E1C5021F3517-e1567953695470-768x1024.jpeg 768w, http:\/\/wolfsreise.d-l-w.de\/wp-content\/uploads\/2019\/09\/B93F8473-F915-4BB4-A525-E1C5021F3517-e1567953695470-113x150.jpeg 113w, http:\/\/wolfsreise.d-l-w.de\/wp-content\/uploads\/2019\/09\/B93F8473-F915-4BB4-A525-E1C5021F3517-e1567953695470-225x300.jpeg 225w, http:\/\/wolfsreise.d-l-w.de\/wp-content\/uploads\/2019\/09\/B93F8473-F915-4BB4-A525-E1C5021F3517-e1567953695470.jpeg 1224w\" sizes=\"(max-width: 767px) 89vw, (max-width: 1000px) 54vw, (max-width: 1071px) 543px, 580px\" \/><figcaption>Am Ende des Marktes: Kaffee muss sein.<\/figcaption><\/figure>\n\n\n\n<p>Und dann nach dem Lunch noch eine kleine Radeltour zur Br\u00fccke, dem Highlight des St\u00e4dtchens.<\/p>\n\n\n\n<figure class=\"wp-block-image\"><img loading=\"lazy\" decoding=\"async\" width=\"1024\" height=\"768\" src=\"http:\/\/wolfsreise.d-l-w.de\/wp-content\/uploads\/2019\/09\/D24FF171-06F1-4EDA-90CC-465DAF1366EE-1024x768.jpeg\" alt=\"\" class=\"wp-image-2520\" srcset=\"http:\/\/wolfsreise.d-l-w.de\/wp-content\/uploads\/2019\/09\/D24FF171-06F1-4EDA-90CC-465DAF1366EE-1024x768.jpeg 1024w, http:\/\/wolfsreise.d-l-w.de\/wp-content\/uploads\/2019\/09\/D24FF171-06F1-4EDA-90CC-465DAF1366EE-150x113.jpeg 150w, http:\/\/wolfsreise.d-l-w.de\/wp-content\/uploads\/2019\/09\/D24FF171-06F1-4EDA-90CC-465DAF1366EE-300x225.jpeg 300w, http:\/\/wolfsreise.d-l-w.de\/wp-content\/uploads\/2019\/09\/D24FF171-06F1-4EDA-90CC-465DAF1366EE-768x576.jpeg 768w, http:\/\/wolfsreise.d-l-w.de\/wp-content\/uploads\/2019\/09\/D24FF171-06F1-4EDA-90CC-465DAF1366EE.jpeg 2048w\" sizes=\"(max-width: 767px) 89vw, (max-width: 1000px) 54vw, (max-width: 1071px) 543px, 580px\" \/><figcaption>Die angeblich \u00e4lteste Bogenbr\u00fccke der Welt.<\/figcaption><\/figure>\n\n\n\n<p>Sp\u00e4ter, sehr viel sp\u00e4ter steht der Herr der Freiluftk\u00fcche wieder in derselben, allerdings mit nagelneuem Sch\u00fcrzchen in den franz\u00f6sischen Farben. Da kann ja nichts mehr schief gehen und die 600g Steak, die wir auf dem Markt in einem Anfall von Fleischeslust angeschnitten bekamen (23,65\u20ac, Hilfe!) gelingen selbstredend. Beilage franz\u00f6sische Pfifferlinge. F\u00fcr den n\u00e4chsten Tag bleibt reichlich Fleisch \u00fcbrig.<\/p>\n\n\n\n<figure class=\"wp-block-image\"><img loading=\"lazy\" decoding=\"async\" width=\"768\" height=\"1024\" src=\"http:\/\/wolfsreise.d-l-w.de\/wp-content\/uploads\/2019\/09\/9B46E91E-63C7-484A-9FB8-6ACD49A48597-e1567953927720-768x1024.jpeg\" alt=\"\" class=\"wp-image-2523\" srcset=\"http:\/\/wolfsreise.d-l-w.de\/wp-content\/uploads\/2019\/09\/9B46E91E-63C7-484A-9FB8-6ACD49A48597-e1567953927720-768x1024.jpeg 768w, http:\/\/wolfsreise.d-l-w.de\/wp-content\/uploads\/2019\/09\/9B46E91E-63C7-484A-9FB8-6ACD49A48597-e1567953927720-113x150.jpeg 113w, http:\/\/wolfsreise.d-l-w.de\/wp-content\/uploads\/2019\/09\/9B46E91E-63C7-484A-9FB8-6ACD49A48597-e1567953927720-225x300.jpeg 225w, http:\/\/wolfsreise.d-l-w.de\/wp-content\/uploads\/2019\/09\/9B46E91E-63C7-484A-9FB8-6ACD49A48597-e1567953927720.jpeg 1224w\" sizes=\"(max-width: 767px) 89vw, (max-width: 1000px) 54vw, (max-width: 1071px) 543px, 580px\" \/><figcaption>Gerds neues Outfit gegen den Fleckenteufel, der beim Kochen immer gleich hervorspringt. <\/figcaption><\/figure>\n","protected":false},"excerpt":{"rendered":"<p>Andr\u00e9 Masson lebte und wirkte lange Jahre in C\u00e9ret gelebt, viele seiner Freunde nachgeholt, mit ihnen zusammen Werke geschaffen und letztlich den Grundstein f\u00fcr das sehenswerte Museum der Stadt gelegt. Selbst besuchen macht Freude, vor allem Samstags vormittags, wenn in allen Stra\u00dfen Markt ist und Trubel herrscht. So gibt\u2019s jetzt Impressionen und nicht Impressionisten. Und &hellip; <\/p>\n<p class=\"link-more\"><a href=\"http:\/\/wolfsreise.d-l-w.de\/?p=2513\" class=\"more-link\"><span class=\"screen-reader-text\">\u201eC\u00e9ret &#8211; K\u00fcnstlerkolonie der fr\u00fchen 20er Jahre des 20. Jahrhunderts\u201c<\/span> weiterlesen<\/a><\/p>\n","protected":false},"author":2,"featured_media":0,"comment_status":"open","ping_status":"open","sticky":false,"template":"","format":"standard","meta":{"footnotes":""},"categories":[9],"tags":[],"class_list":["post-2513","post","type-post","status-publish","format-standard","hentry","category-europa-2019"],"_links":{"self":[{"href":"http:\/\/wolfsreise.d-l-w.de\/index.php?rest_route=\/wp\/v2\/posts\/2513"}],"collection":[{"href":"http:\/\/wolfsreise.d-l-w.de\/index.php?rest_route=\/wp\/v2\/posts"}],"about":[{"href":"http:\/\/wolfsreise.d-l-w.de\/index.php?rest_route=\/wp\/v2\/types\/post"}],"author":[{"embeddable":true,"href":"http:\/\/wolfsreise.d-l-w.de\/index.php?rest_route=\/wp\/v2\/users\/2"}],"replies":[{"embeddable":true,"href":"http:\/\/wolfsreise.d-l-w.de\/index.php?rest_route=%2Fwp%2Fv2%2Fcomments&post=2513"}],"version-history":[{"count":12,"href":"http:\/\/wolfsreise.d-l-w.de\/index.php?rest_route=\/wp\/v2\/posts\/2513\/revisions"}],"predecessor-version":[{"id":2785,"href":"http:\/\/wolfsreise.d-l-w.de\/index.php?rest_route=\/wp\/v2\/posts\/2513\/revisions\/2785"}],"wp:attachment":[{"href":"http:\/\/wolfsreise.d-l-w.de\/index.php?rest_route=%2Fwp%2Fv2%2Fmedia&parent=2513"}],"wp:term":[{"taxonomy":"category","embeddable":true,"href":"http:\/\/wolfsreise.d-l-w.de\/index.php?rest_route=%2Fwp%2Fv2%2Fcategories&post=2513"},{"taxonomy":"post_tag","embeddable":true,"href":"http:\/\/wolfsreise.d-l-w.de\/index.php?rest_route=%2Fwp%2Fv2%2Ftags&post=2513"}],"curies":[{"name":"wp","href":"https:\/\/api.w.org\/{rel}","templated":true}]}}