{"id":2471,"date":"2019-09-06T22:31:50","date_gmt":"2019-09-06T20:31:50","guid":{"rendered":"http:\/\/wolfsreise.d-l-w.de\/?p=2471"},"modified":"2019-09-08T18:49:52","modified_gmt":"2019-09-08T16:49:52","slug":"perpignan-vor-den-pyrenaeen-ganz-entspannt","status":"publish","type":"post","link":"http:\/\/wolfsreise.d-l-w.de\/?p=2471","title":{"rendered":"Perpignan &#8211; vor den Pyren\u00e4en ganz entspannt"},"content":{"rendered":"\n<p>Doch mit dem Bus  hin und zur\u00fcck f\u00fcr zwei und nur 5\u20ac; Windb\u00f6en um 70 km\/h gegen den Wind sprechen eindeutig f\u00fcr Bus, entspannt im hier und jetzt mit Croissant im Mund und in gro\u00dfer Hoffnung auf Kaffee, steigen wir ein.<\/p>\n\n\n\n<p>Nur eine Halbe Stunde sp\u00e4ter sind wir da, stehen vor dem alten Stadtor und wollen &#8211; trotz Plan &#8211; einfach nur Kaffee. Aber nicht aus Plastikbechern, wie uns die ersten Kaffeeketten offerieren bis wir endlich auf eine \u201erichtige\u201c Bar sto\u00dfen. Rein und ran an den noisette, gro\u00dfartig.<\/p>\n\n\n\n<figure class=\"wp-block-image\"><img loading=\"lazy\" decoding=\"async\" width=\"1024\" height=\"768\" src=\"http:\/\/wolfsreise.d-l-w.de\/wp-content\/uploads\/2019\/09\/2BEAF684-34CA-4BD6-BA42-CD70D42540D0-1024x768.jpeg\" alt=\"\" class=\"wp-image-2481\" srcset=\"http:\/\/wolfsreise.d-l-w.de\/wp-content\/uploads\/2019\/09\/2BEAF684-34CA-4BD6-BA42-CD70D42540D0-1024x768.jpeg 1024w, http:\/\/wolfsreise.d-l-w.de\/wp-content\/uploads\/2019\/09\/2BEAF684-34CA-4BD6-BA42-CD70D42540D0-150x113.jpeg 150w, http:\/\/wolfsreise.d-l-w.de\/wp-content\/uploads\/2019\/09\/2BEAF684-34CA-4BD6-BA42-CD70D42540D0-300x225.jpeg 300w, http:\/\/wolfsreise.d-l-w.de\/wp-content\/uploads\/2019\/09\/2BEAF684-34CA-4BD6-BA42-CD70D42540D0-768x576.jpeg 768w, http:\/\/wolfsreise.d-l-w.de\/wp-content\/uploads\/2019\/09\/2BEAF684-34CA-4BD6-BA42-CD70D42540D0.jpeg 2048w\" sizes=\"(max-width: 767px) 89vw, (max-width: 1000px) 54vw, (max-width: 1071px) 543px, 580px\" \/><figcaption>Zutritt erlaubt. Durchs dicke Tor auf in die Altstadt.<\/figcaption><\/figure>\n\n\n\n<p>Wir halten einen Plan mit den must-have in der Hand und machen doch alles anders. Es ist Foto-festival in Perpignand mit \u201eden\u201c Pressefotografen ihre Werke des letzten Jahres pr\u00e4sentieren, wobei wir von neun Stationen nur zwei schaffen, eine Rodin-Maillol Ausstellung, die uns begeistert (so ein Maillolsches Apfelm\u00e4dchen w\u00fcrde sich in unserem Garten auch gut machen). Dann ist unsere Aufmerksamkeitsspanne zu ersch\u00f6pft, um weitere Gro\u00dfartigkeiten aufzunehmen. Trotz der Mittagspause in der Markthalle Vauban mit Messermuschel und weiterem Zeugs aus dem Meer. Kaffee danach half nur kurz.<\/p>\n\n\n\n<figure class=\"wp-block-image\"><img loading=\"lazy\" decoding=\"async\" width=\"768\" height=\"1024\" src=\"http:\/\/wolfsreise.d-l-w.de\/wp-content\/uploads\/2019\/09\/12C7697A-D4E0-4D78-9505-863332AF38E7-e1567788080908-768x1024.jpeg\" alt=\"\" class=\"wp-image-2484\" srcset=\"http:\/\/wolfsreise.d-l-w.de\/wp-content\/uploads\/2019\/09\/12C7697A-D4E0-4D78-9505-863332AF38E7-e1567788080908-768x1024.jpeg 768w, http:\/\/wolfsreise.d-l-w.de\/wp-content\/uploads\/2019\/09\/12C7697A-D4E0-4D78-9505-863332AF38E7-e1567788080908-113x150.jpeg 113w, http:\/\/wolfsreise.d-l-w.de\/wp-content\/uploads\/2019\/09\/12C7697A-D4E0-4D78-9505-863332AF38E7-e1567788080908-225x300.jpeg 225w, http:\/\/wolfsreise.d-l-w.de\/wp-content\/uploads\/2019\/09\/12C7697A-D4E0-4D78-9505-863332AF38E7-e1567788080908.jpeg 1224w\" sizes=\"(max-width: 767px) 89vw, (max-width: 1000px) 54vw, (max-width: 1071px) 543px, 580px\" \/><figcaption>Am Tag darauf treffen wir \u00fcberraschend wieder auf eine Skulptur von Maillol, die unserem Apfelm\u00e4dchen ganz \u00e4hnlich ist. Das Modell ist ohnehin meist seine Muse. Hier in Elne allerdings ehrt sie die f\u00fcr Vaterland im I. Weltkrieg Gefallenen. In Enle lohnt der Besuch der Cathedrale, wirklich, aber wir lassen sie aus.<\/figcaption><\/figure>\n\n\n\n<figure class=\"wp-block-image\"><img loading=\"lazy\" decoding=\"async\" width=\"769\" height=\"1024\" src=\"http:\/\/wolfsreise.d-l-w.de\/wp-content\/uploads\/2019\/09\/2EFEDDD8-7664-473C-B190-85450B4FF2FC-769x1024.jpeg\" alt=\"\" class=\"wp-image-2490\" srcset=\"http:\/\/wolfsreise.d-l-w.de\/wp-content\/uploads\/2019\/09\/2EFEDDD8-7664-473C-B190-85450B4FF2FC-769x1024.jpeg 769w, http:\/\/wolfsreise.d-l-w.de\/wp-content\/uploads\/2019\/09\/2EFEDDD8-7664-473C-B190-85450B4FF2FC-113x150.jpeg 113w, http:\/\/wolfsreise.d-l-w.de\/wp-content\/uploads\/2019\/09\/2EFEDDD8-7664-473C-B190-85450B4FF2FC-225x300.jpeg 225w, http:\/\/wolfsreise.d-l-w.de\/wp-content\/uploads\/2019\/09\/2EFEDDD8-7664-473C-B190-85450B4FF2FC-768x1023.jpeg 768w, http:\/\/wolfsreise.d-l-w.de\/wp-content\/uploads\/2019\/09\/2EFEDDD8-7664-473C-B190-85450B4FF2FC.jpeg 1104w\" sizes=\"(max-width: 767px) 89vw, (max-width: 1000px) 54vw, (max-width: 1071px) 543px, 580px\" \/><figcaption>Auch das ist Maillol, immer eine neue Ansicht auf die Gattin.<\/figcaption><\/figure>\n\n\n\n<figure class=\"wp-block-image\"><img loading=\"lazy\" decoding=\"async\" width=\"1024\" height=\"768\" src=\"http:\/\/wolfsreise.d-l-w.de\/wp-content\/uploads\/2019\/09\/E48A2206-CA9A-438B-8665-D75CA908C0F9-1024x768.jpeg\" alt=\"\" class=\"wp-image-2488\" srcset=\"http:\/\/wolfsreise.d-l-w.de\/wp-content\/uploads\/2019\/09\/E48A2206-CA9A-438B-8665-D75CA908C0F9-1024x768.jpeg 1024w, http:\/\/wolfsreise.d-l-w.de\/wp-content\/uploads\/2019\/09\/E48A2206-CA9A-438B-8665-D75CA908C0F9-150x113.jpeg 150w, http:\/\/wolfsreise.d-l-w.de\/wp-content\/uploads\/2019\/09\/E48A2206-CA9A-438B-8665-D75CA908C0F9-300x225.jpeg 300w, http:\/\/wolfsreise.d-l-w.de\/wp-content\/uploads\/2019\/09\/E48A2206-CA9A-438B-8665-D75CA908C0F9-768x576.jpeg 768w, http:\/\/wolfsreise.d-l-w.de\/wp-content\/uploads\/2019\/09\/E48A2206-CA9A-438B-8665-D75CA908C0F9.jpeg 2048w\" sizes=\"(max-width: 767px) 89vw, (max-width: 1000px) 54vw, (max-width: 1071px) 543px, 580px\" \/><figcaption>EIn rascher Blick in das urbane Leben. Hier verweilen wir gern zu einem kleinen Kaffee.<\/figcaption><\/figure>\n\n\n\n<figure class=\"wp-block-image\"><img loading=\"lazy\" decoding=\"async\" width=\"1024\" height=\"768\" src=\"http:\/\/wolfsreise.d-l-w.de\/wp-content\/uploads\/2019\/09\/C7CD77B2-383C-4AE0-B550-F6ED2EF69AC7-1024x768.jpeg\" alt=\"\" class=\"wp-image-2489\" srcset=\"http:\/\/wolfsreise.d-l-w.de\/wp-content\/uploads\/2019\/09\/C7CD77B2-383C-4AE0-B550-F6ED2EF69AC7-1024x768.jpeg 1024w, http:\/\/wolfsreise.d-l-w.de\/wp-content\/uploads\/2019\/09\/C7CD77B2-383C-4AE0-B550-F6ED2EF69AC7-150x113.jpeg 150w, http:\/\/wolfsreise.d-l-w.de\/wp-content\/uploads\/2019\/09\/C7CD77B2-383C-4AE0-B550-F6ED2EF69AC7-300x225.jpeg 300w, http:\/\/wolfsreise.d-l-w.de\/wp-content\/uploads\/2019\/09\/C7CD77B2-383C-4AE0-B550-F6ED2EF69AC7-768x576.jpeg 768w, http:\/\/wolfsreise.d-l-w.de\/wp-content\/uploads\/2019\/09\/C7CD77B2-383C-4AE0-B550-F6ED2EF69AC7.jpeg 2048w\" sizes=\"(max-width: 767px) 89vw, (max-width: 1000px) 54vw, (max-width: 1071px) 543px, 580px\" \/><figcaption>Klar, wir besuchen die Festung des mallorquinischen K\u00f6nigs aus dem fr\u00fchen Mittelalter. Auch dem geh\u00f6rte Perpignan mal, wie vielen anderen auch.<\/figcaption><\/figure>\n\n\n\n<p>5 Stunden Stadt sind eine anstrengende Angelegenheit. Wir suchen unseren Bus Nr. 5 und schaukeln gem\u00fctlich dem Meer entgegen, um auf eigenen wilden Sturm zu treffen, der Kochen ausschlie\u00dft. Wer will schon bei jedem Bissen Sand im Mund haben, st\u00e4ndig die Kerze ausgeblasen und auf dem Tisch nichts als Sandk\u00f6rner. Aber das Wasser ist warm und na\u00df!<\/p>\n\n\n\n<p>Morgen und die n\u00e4chsten drei Tage bleibt es so. Wir brauchen einen Camping ohne Sand, aber wo soll der herkommen? All unsere Pl\u00e4ne f\u00fcr den n\u00e4chsten Tag platzen dann auch. Frei nach Brecht, kommt alles anders &#8211; \u00fcberraschend sch\u00f6n.<\/p>\n\n\n\n<p>Ja, mach nur einen Plan&nbsp;<br>sei nur ein gro\u00dfes Licht&nbsp;<br>und mach dann noch &#8217;nen zweiten Plan&nbsp;<br>gehn tun sie beide nicht.<\/p>\n\n\n\n<p>Erst springen wir ins sehr kalte, aufgew\u00fchlte Meer und schreien vor K\u00e4lte, der Sandstrahler ist noch immer an. Von einem entspannten Strandtag wird keine Rede sein. Also das f\u00e4llt aus und unser Camping ist auch ein gepuderter Sandhaufen, das gelbe Auto Ocker und beim Fr\u00fchst\u00fcck knirscht der Sand gleichfalls zwischen den Z\u00e4hnen. Wir brechen \u201edie Zelte\u201c ab und wollen auf eine weniger sandigen Platz am Meer, der uns nicht gef\u00e4llt. Auch in Collioure haben wir kein Gl\u00fcck und finden keinen Parkplatz f\u00fcr das lange Auto. So unterbleibt der Besuch im Restaurant, dass die Maler des Fauve ausgemalt haben &#8211; klar: statt Bezahlung.<\/p>\n\n\n\n<p>Wir geben auf und beschlie\u00dfen La Mer M\u00e9diterran\u00e9e hinter uns zu lassen. Auch im Land gibt es sch\u00f6ne Badestellen. Aber erst treibt es uns nach C\u00e9ret ins Museum f\u00fcr Moderne Kunst. In diesem kleinen Ort sind die Kubisten, Fauvisten mit sp\u00e4teren Anfl\u00fcgen zum Surrealismus h\u00e4ngen geblieben als eine Weiterreise zu Maillol durch schlechtes Wetter verhindert wurde und sind gleich viele Jahre, Jahrzehnte geblieben, haben andere nachgezogen, bis dann endlich auch Picasso und Braque dem \u00d6rtchen Renomee verschafft haben f\u00fcr die Ewigkeit. Pierre Bruns als M\u00e4zene hat den Grundstein f\u00fcr das zugeh\u00f6rige Museum gelegt &#8211; ein pyren\u00e4isches must have.<\/p>\n\n\n\n<figure class=\"wp-block-image\"><img loading=\"lazy\" decoding=\"async\" width=\"1024\" height=\"735\" src=\"http:\/\/wolfsreise.d-l-w.de\/wp-content\/uploads\/2019\/09\/BDCC7DA1-1A70-4CB9-9E15-DCBDF9E0CD5F-1024x735.jpeg\" alt=\"\" class=\"wp-image-2500\" srcset=\"http:\/\/wolfsreise.d-l-w.de\/wp-content\/uploads\/2019\/09\/BDCC7DA1-1A70-4CB9-9E15-DCBDF9E0CD5F-1024x735.jpeg 1024w, http:\/\/wolfsreise.d-l-w.de\/wp-content\/uploads\/2019\/09\/BDCC7DA1-1A70-4CB9-9E15-DCBDF9E0CD5F-150x108.jpeg 150w, http:\/\/wolfsreise.d-l-w.de\/wp-content\/uploads\/2019\/09\/BDCC7DA1-1A70-4CB9-9E15-DCBDF9E0CD5F-300x215.jpeg 300w, http:\/\/wolfsreise.d-l-w.de\/wp-content\/uploads\/2019\/09\/BDCC7DA1-1A70-4CB9-9E15-DCBDF9E0CD5F-768x551.jpeg 768w, http:\/\/wolfsreise.d-l-w.de\/wp-content\/uploads\/2019\/09\/BDCC7DA1-1A70-4CB9-9E15-DCBDF9E0CD5F.jpeg 1580w\" sizes=\"(max-width: 767px) 89vw, (max-width: 1000px) 54vw, (max-width: 1071px) 543px, 580px\" \/><figcaption>Wer hat das geschaffen als Triptychon f\u00fcr den Eingang? Kein Sprayer, Spanier. Mit eigenem Museum in Barcelona? <\/figcaption><\/figure>\n\n\n\n<figure class=\"wp-block-image\"><img loading=\"lazy\" decoding=\"async\" width=\"768\" height=\"1024\" src=\"http:\/\/wolfsreise.d-l-w.de\/wp-content\/uploads\/2019\/09\/823765BD-33C9-45A1-9E4C-EE5C3D7D6CE1-e1567801438116-768x1024.jpeg\" alt=\"\" class=\"wp-image-2504\" srcset=\"http:\/\/wolfsreise.d-l-w.de\/wp-content\/uploads\/2019\/09\/823765BD-33C9-45A1-9E4C-EE5C3D7D6CE1-e1567801438116-768x1024.jpeg 768w, http:\/\/wolfsreise.d-l-w.de\/wp-content\/uploads\/2019\/09\/823765BD-33C9-45A1-9E4C-EE5C3D7D6CE1-e1567801438116-113x150.jpeg 113w, http:\/\/wolfsreise.d-l-w.de\/wp-content\/uploads\/2019\/09\/823765BD-33C9-45A1-9E4C-EE5C3D7D6CE1-e1567801438116-225x300.jpeg 225w, http:\/\/wolfsreise.d-l-w.de\/wp-content\/uploads\/2019\/09\/823765BD-33C9-45A1-9E4C-EE5C3D7D6CE1-e1567801438116.jpeg 1224w\" sizes=\"(max-width: 767px) 89vw, (max-width: 1000px) 54vw, (max-width: 1071px) 543px, 580px\" \/><figcaption>Heute wie damals in den 1920er Jahren beherrschen Alster Platanen b\u00fcrgerliche Stadth\u00e4user und beschauliche Pl\u00e4tze. Einladend, flanierend die Zeit zu vergessen.<\/figcaption><\/figure>\n\n\n\n<p>Wir verlieben uns ins St\u00e4dtchen, bleiben spontan auf dem Camping municipal und werden morgen wieder mal \u201egeplant\u201c auf den Samstagsmarkt radeln, im Grand Caf\u00e9 den alten Malern Gedenken und auf deren Wohl einen Mittagslunch genie\u00dfen. Wir bezahlen, m\u00fcssen dann nicht das Caf\u00e9 ausmalen &#8230; w\u00e4re wohl auch unerw\u00fcnscht.<\/p>\n","protected":false},"excerpt":{"rendered":"<p>Doch mit dem Bus hin und zur\u00fcck f\u00fcr zwei und nur 5\u20ac; Windb\u00f6en um 70 km\/h gegen den Wind sprechen eindeutig f\u00fcr Bus, entspannt im hier und jetzt mit Croissant im Mund und in gro\u00dfer Hoffnung auf Kaffee, steigen wir ein. Nur eine Halbe Stunde sp\u00e4ter sind wir da, stehen vor dem alten Stadtor und &hellip; <\/p>\n<p class=\"link-more\"><a href=\"http:\/\/wolfsreise.d-l-w.de\/?p=2471\" class=\"more-link\"><span class=\"screen-reader-text\">\u201ePerpignan &#8211; vor den Pyren\u00e4en ganz entspannt\u201c<\/span> weiterlesen<\/a><\/p>\n","protected":false},"author":2,"featured_media":0,"comment_status":"open","ping_status":"open","sticky":false,"template":"","format":"standard","meta":{"footnotes":""},"categories":[9],"tags":[],"class_list":["post-2471","post","type-post","status-publish","format-standard","hentry","category-europa-2019"],"_links":{"self":[{"href":"http:\/\/wolfsreise.d-l-w.de\/index.php?rest_route=\/wp\/v2\/posts\/2471"}],"collection":[{"href":"http:\/\/wolfsreise.d-l-w.de\/index.php?rest_route=\/wp\/v2\/posts"}],"about":[{"href":"http:\/\/wolfsreise.d-l-w.de\/index.php?rest_route=\/wp\/v2\/types\/post"}],"author":[{"embeddable":true,"href":"http:\/\/wolfsreise.d-l-w.de\/index.php?rest_route=\/wp\/v2\/users\/2"}],"replies":[{"embeddable":true,"href":"http:\/\/wolfsreise.d-l-w.de\/index.php?rest_route=%2Fwp%2Fv2%2Fcomments&post=2471"}],"version-history":[{"count":27,"href":"http:\/\/wolfsreise.d-l-w.de\/index.php?rest_route=\/wp\/v2\/posts\/2471\/revisions"}],"predecessor-version":[{"id":2786,"href":"http:\/\/wolfsreise.d-l-w.de\/index.php?rest_route=\/wp\/v2\/posts\/2471\/revisions\/2786"}],"wp:attachment":[{"href":"http:\/\/wolfsreise.d-l-w.de\/index.php?rest_route=%2Fwp%2Fv2%2Fmedia&parent=2471"}],"wp:term":[{"taxonomy":"category","embeddable":true,"href":"http:\/\/wolfsreise.d-l-w.de\/index.php?rest_route=%2Fwp%2Fv2%2Fcategories&post=2471"},{"taxonomy":"post_tag","embeddable":true,"href":"http:\/\/wolfsreise.d-l-w.de\/index.php?rest_route=%2Fwp%2Fv2%2Ftags&post=2471"}],"curies":[{"name":"wp","href":"https:\/\/api.w.org\/{rel}","templated":true}]}}