{"id":2427,"date":"2019-09-03T21:17:49","date_gmt":"2019-09-03T19:17:49","guid":{"rendered":"http:\/\/wolfsreise.d-l-w.de\/?p=2427"},"modified":"2019-09-04T21:03:44","modified_gmt":"2019-09-04T19:03:44","slug":"das-meer-ist-blau-schaumig-weiss-der-wind-pustet-wild","status":"publish","type":"post","link":"http:\/\/wolfsreise.d-l-w.de\/?p=2427","title":{"rendered":"Das Meer ist blau, schaumig wei\u00df, der Wind pustet wild"},"content":{"rendered":"\n<p>Vor dem Aufstehen im Mittelmeer schwimmen- immer wieder mein Traum, den wir in dieser Woche erf\u00fcllen. Das Wetter ist bedeckt, die Wellen hoch, der Strand steinig, egal rein muss ein!<\/p>\n\n\n\n<figure class=\"wp-block-image\"><img loading=\"lazy\" decoding=\"async\" width=\"1024\" height=\"768\" src=\"http:\/\/wolfsreise.d-l-w.de\/wp-content\/uploads\/2019\/09\/11064CEA-4199-402C-B14F-4FB14AB80044-1024x768.jpeg\" alt=\"\" class=\"wp-image-2429\" srcset=\"http:\/\/wolfsreise.d-l-w.de\/wp-content\/uploads\/2019\/09\/11064CEA-4199-402C-B14F-4FB14AB80044-1024x768.jpeg 1024w, http:\/\/wolfsreise.d-l-w.de\/wp-content\/uploads\/2019\/09\/11064CEA-4199-402C-B14F-4FB14AB80044-150x113.jpeg 150w, http:\/\/wolfsreise.d-l-w.de\/wp-content\/uploads\/2019\/09\/11064CEA-4199-402C-B14F-4FB14AB80044-300x225.jpeg 300w, http:\/\/wolfsreise.d-l-w.de\/wp-content\/uploads\/2019\/09\/11064CEA-4199-402C-B14F-4FB14AB80044-768x576.jpeg 768w, http:\/\/wolfsreise.d-l-w.de\/wp-content\/uploads\/2019\/09\/11064CEA-4199-402C-B14F-4FB14AB80044.jpeg 1632w\" sizes=\"(max-width: 767px) 89vw, (max-width: 1000px) 54vw, (max-width: 1071px) 543px, 580px\" \/><figcaption>Verschlafen gegen 8.00 Uhr wackelig auf dem Steinstrand. Einfach ins Wasser fallen lassen und schon wach!<\/figcaption><\/figure>\n\n\n\n<p>Das auch Matisse das so gemacht hat bezweifle ich zwar, aber in Collioure war er doch, zusammen mit vielen anderen gro\u00dfen Malern. Reisen bildet, wer h\u00e4tte das gedacht.<\/p>\n\n\n\n<figure class=\"wp-block-image\"><img loading=\"lazy\" decoding=\"async\" width=\"1024\" height=\"754\" src=\"http:\/\/wolfsreise.d-l-w.de\/wp-content\/uploads\/2019\/09\/E2044591-0F70-423A-9EE1-869C57880D0D-1024x754.jpeg\" alt=\"\" class=\"wp-image-2445\" srcset=\"http:\/\/wolfsreise.d-l-w.de\/wp-content\/uploads\/2019\/09\/E2044591-0F70-423A-9EE1-869C57880D0D-1024x754.jpeg 1024w, http:\/\/wolfsreise.d-l-w.de\/wp-content\/uploads\/2019\/09\/E2044591-0F70-423A-9EE1-869C57880D0D-150x111.jpeg 150w, http:\/\/wolfsreise.d-l-w.de\/wp-content\/uploads\/2019\/09\/E2044591-0F70-423A-9EE1-869C57880D0D-300x221.jpeg 300w, http:\/\/wolfsreise.d-l-w.de\/wp-content\/uploads\/2019\/09\/E2044591-0F70-423A-9EE1-869C57880D0D-768x566.jpeg 768w, http:\/\/wolfsreise.d-l-w.de\/wp-content\/uploads\/2019\/09\/E2044591-0F70-423A-9EE1-869C57880D0D.jpeg 1269w\" sizes=\"(max-width: 767px) 89vw, (max-width: 1000px) 54vw, (max-width: 1071px) 543px, 580px\" \/><figcaption>Matisse 1905, heute nur noch als Repro zu sehen. Original in NY.<\/figcaption><\/figure>\n\n\n\n<figure class=\"wp-block-image\"><img loading=\"lazy\" decoding=\"async\" width=\"1024\" height=\"768\" src=\"http:\/\/wolfsreise.d-l-w.de\/wp-content\/uploads\/2019\/09\/F8DF7ED9-B444-4BB6-803D-7C0C27C6953D-1024x768.jpeg\" alt=\"\" class=\"wp-image-2434\" srcset=\"http:\/\/wolfsreise.d-l-w.de\/wp-content\/uploads\/2019\/09\/F8DF7ED9-B444-4BB6-803D-7C0C27C6953D-1024x768.jpeg 1024w, http:\/\/wolfsreise.d-l-w.de\/wp-content\/uploads\/2019\/09\/F8DF7ED9-B444-4BB6-803D-7C0C27C6953D-150x113.jpeg 150w, http:\/\/wolfsreise.d-l-w.de\/wp-content\/uploads\/2019\/09\/F8DF7ED9-B444-4BB6-803D-7C0C27C6953D-300x225.jpeg 300w, http:\/\/wolfsreise.d-l-w.de\/wp-content\/uploads\/2019\/09\/F8DF7ED9-B444-4BB6-803D-7C0C27C6953D-768x576.jpeg 768w, http:\/\/wolfsreise.d-l-w.de\/wp-content\/uploads\/2019\/09\/F8DF7ED9-B444-4BB6-803D-7C0C27C6953D.jpeg 1632w\" sizes=\"(max-width: 767px) 89vw, (max-width: 1000px) 54vw, (max-width: 1071px) 543px, 580px\" \/><figcaption>Strandleben in Collioure<\/figcaption><\/figure>\n\n\n\n<p>Wir sind hingewandert \u00fcber Stock und Stein, haben eingekauft und der arme Gerd hat alles auf seinem R\u00fccken geschleppt. Aber wir hatten dann wieder Wasser und Wein in unserer romantischen Bucht.<\/p>\n\n\n\n<figure class=\"wp-block-image\"><img loading=\"lazy\" decoding=\"async\" width=\"1024\" height=\"768\" src=\"http:\/\/wolfsreise.d-l-w.de\/wp-content\/uploads\/2019\/09\/B4E35EC0-BD6A-4D5F-A9E1-0833786D18AB-e1567536573717-1024x768.jpeg\" alt=\"\" class=\"wp-image-2437\" srcset=\"http:\/\/wolfsreise.d-l-w.de\/wp-content\/uploads\/2019\/09\/B4E35EC0-BD6A-4D5F-A9E1-0833786D18AB-e1567536573717-1024x768.jpeg 1024w, http:\/\/wolfsreise.d-l-w.de\/wp-content\/uploads\/2019\/09\/B4E35EC0-BD6A-4D5F-A9E1-0833786D18AB-e1567536573717-150x113.jpeg 150w, http:\/\/wolfsreise.d-l-w.de\/wp-content\/uploads\/2019\/09\/B4E35EC0-BD6A-4D5F-A9E1-0833786D18AB-e1567536573717-300x225.jpeg 300w, http:\/\/wolfsreise.d-l-w.de\/wp-content\/uploads\/2019\/09\/B4E35EC0-BD6A-4D5F-A9E1-0833786D18AB-e1567536573717-768x576.jpeg 768w, http:\/\/wolfsreise.d-l-w.de\/wp-content\/uploads\/2019\/09\/B4E35EC0-BD6A-4D5F-A9E1-0833786D18AB-e1567536573717.jpeg 1632w\" sizes=\"(max-width: 767px) 89vw, (max-width: 1000px) 54vw, (max-width: 1071px) 543px, 580px\" \/><figcaption>Alle Strandbars schon geschlossen, 31.8. ist Schicht. Schade, denn der September ist noch so sch\u00f6n. Aber die Massen sind weg. rentr\u00e8e in france, alle Kinder lernen wieder flei\u00dfig.<\/figcaption><\/figure>\n\n\n\n<p>Wir fahren bis nach Spanien und wieder zur\u00fcck nur um die wilde K\u00fcste zu erleben, essen Tapas, trinken Kaffee in Espagne und haben glatt vergessen wie es auf spanisch hei\u00dft die Rechnung zu bestellen. Der nette junge Mann hilft aus. La cuenta! Por favor. Na, geht doch.<\/p>\n\n\n\n<p>Und jetzt auf zum Sandstrand von St. Marie la Mer, 15 km von Perpignan &#8211; man kann hinradeln. Wir \u00fcberlegen noch, es geht immer aufw\u00e4rts und es sind noch fast 30 Grad. Einen Bus gibt es auch.<\/p>\n\n\n\n<p>\u201e<strong>Frankreich: In Collioure pr\u00e4gten Matisse, Braque und Marquet den Fauvismus<\/strong>:&nbsp;<strong>Farbe pur und knallig<\/strong><\/p>\n\n\n\n<p>An einem Sommermorgen des Jahres 1905 war&nbsp;<a href=\"https:\/\/www.zeit.de\/thema\/henri-matisse\">Henri Matisse<\/a>, mit nur wenigen Sous in der Tasche, nach Collioure gekommen und hatte Quartier in der Pension von Madame Rosette an der Avenue de la Gare bezogen. Der bis dahin vom Impressionismus beeinflu\u00dfte Maler lie\u00df sich bald von Collioures Farbenspiel becircen, so wie es vielen anderen Malern auch erging &#8230; von Rob Kieffer, 9. September 1994, <a href=\"https:\/\/www.zeit.de\/1994\/37\/index?wt_zmc=fix.int.zonpme.zeitde.wall_abo.premium.packshot.cover.zear&amp;utm_medium=fix&amp;utm_source=zeitde_zonpme_int&amp;utm_campaign=wall_abo&amp;utm_content=premium_packshot_cover_zear\"><em>aus: DER ZEIT NR.&nbsp;37\/1994<\/em><\/a><em> (Auszug)<\/em><\/p>\n\n\n\n<p>Das Hafenst\u00e4dtchen liegt zwischen Meer und steilen Weinbergen an der felsigen C\u00f4te Vermeille, der karminroten K\u00fcste am katalonischen&nbsp;<a href=\"https:\/\/www.zeit.de\/thema\/mittelmeer\">Mittelmeer<\/a>. So ungeb\u00e4ndigt wie die zerkl\u00fcfteten Klippen waren auch die Farbkompositionen der Bilder, die hier entstanden.<\/p>\n\n\n\n<p>Die mediterrane Lichtorgie hat bis heute nichts von ihrem Zauber eingeb\u00fc\u00dft: grellget\u00fcnchte Fischerboote, das glei\u00dfende Wei\u00df salzverkrusteter Fangnetze, das Gr\u00fcn und Blau der Fensterl\u00e4den. Aus dem Rot der Ziegeld\u00e4cher ragt das zarte Rosa der k\u00e4ppif\u00f6rmigen Kirchturmkuppel von Saint-Vincent, halb Leuchtturm, halb Minarett.<\/p>\n\n\n\n<p>Farbe pur und knallig bestimmt die Hafen- und K\u00fcstenszenerien, die Matisse zehn Sommer lang in Collioure malte. Sein K\u00fcnstlerkollege Andr\u00e9 Derain, der ebenfalls dem Charme des maurisch gepr\u00e4gten Hafenortes erlag, schw\u00e4rmte in einem Brief an den Maler Maurice de Vlaminck: &#8222;Da ist vor allem dieses Licht \u2013 ein blondes, goldgef\u00e4rbtes Licht, das jeden Schatten ausradiert. F\u00fcr mich hat eine verwirrende Arbeit begonnen, denn alles, was ich bisher gemalt habe, scheint mir beschr\u00e4nkt.&#8220; Die Kritiker zeigten anfangs wenig Begeisterung f\u00fcr den Farbenrausch von Matisse, Derain und den anderen Collioure-Fans wie Georges Braque, Raoul Dufy oder Albert Marquet. Sie wurden als&nbsp;<em>fauves,&nbsp;<\/em>&#8222;Wilde&#8220;, abgekanzelt, nicht ahnend, da\u00df der so gepr\u00e4gte Kunstbegriff &#8222;Fauvismus&#8220; einmal Karriere machen sollte.<\/p>\n\n\n\n<p>Da die Bilder dieser Epoche, die vor dem&nbsp;<a href=\"https:\/\/www.zeit.de\/thema\/erster-weltkrieg\">Ersten Weltkrieg<\/a>&nbsp;endete, leider nicht mehr in Collioure selbst, sondern in Museen wie dem New Yorker MOMA oder der Sankt Petersburger Eremitage zu bewundern sind, t\u00fcftelte man eine originelle Ersatzschau aus. Der &#8222;Chemin du Fauvisme&#8220;, in einer handlichen Brosch\u00fcre beschrieben, f\u00fchrt durch die Gassen und \u00fcber die Hafenpromenade zu zwanzig gro\u00dfformatigen Reproduktionen von Gem\u00e4lden von Matisse und Derain. Diese licht- und wetterbest\u00e4ndigen Abbildungen h\u00e4ngen unter freiem Himmel an jenen Stellen, wo die Maler damals ihre Staffeleien aufgerichtet haben.<\/p>\n\n\n\n<p>Wer den F\u00e4hrten der &#8222;Wilden&#8220; nachsp\u00fcrt, wird sich irgendwann auch auf der Terrasse des Hotelrestaurants &#8222;Les Templiers&#8220; niederlassen. Nachdem Besitzer Jojo Pous die lokale Fischspezialit\u00e4t, in Oliven\u00f6l marinierte Anchovis mit Peperoni, empfohlen hat, zeigt er uns seine einzigartige Kunstsammlung. Die W\u00e4nde des schummrigen Bistroraumes, in dem nach getaner Siesta die Fischer \u00fcber die Br\u00fcsseler Fangquoten-Eurokraten n\u00f6rgeln, h\u00e4ngen voll von Bildern illustrer Maler. Die Gro\u00dfeltern von Jojo Pous, die so manch mittellosem K\u00fcnstler Pastis und Fischsuppe spendierten, bekamen als Dank Meisterwerke geschenkt. Es war der Beginn einer einmaligen Kollektion, die heute mit modernen Gem\u00e4lden in den Speiser\u00e4umen und in den Hotelzimmern ihre Fortsetzung findet. Stolz legt uns der Hotelier das G\u00e4stebuch vor, das von Maestros wie Picasso, Matisse oder Dal\u00ed mit Miniaturzeichnungen und neckischen Spr\u00fcchen geschm\u00fcckt wurde.\u201c<\/p>\n\n\n\n<figure class=\"wp-block-image\"><img loading=\"lazy\" decoding=\"async\" width=\"1024\" height=\"768\" src=\"http:\/\/wolfsreise.d-l-w.de\/wp-content\/uploads\/2019\/09\/9D24AB53-33B0-4F1B-9287-701F6C93EADB-1024x768.jpeg\" alt=\"\" class=\"wp-image-2450\" srcset=\"http:\/\/wolfsreise.d-l-w.de\/wp-content\/uploads\/2019\/09\/9D24AB53-33B0-4F1B-9287-701F6C93EADB-1024x768.jpeg 1024w, http:\/\/wolfsreise.d-l-w.de\/wp-content\/uploads\/2019\/09\/9D24AB53-33B0-4F1B-9287-701F6C93EADB-150x113.jpeg 150w, http:\/\/wolfsreise.d-l-w.de\/wp-content\/uploads\/2019\/09\/9D24AB53-33B0-4F1B-9287-701F6C93EADB-300x225.jpeg 300w, http:\/\/wolfsreise.d-l-w.de\/wp-content\/uploads\/2019\/09\/9D24AB53-33B0-4F1B-9287-701F6C93EADB-768x576.jpeg 768w, http:\/\/wolfsreise.d-l-w.de\/wp-content\/uploads\/2019\/09\/9D24AB53-33B0-4F1B-9287-701F6C93EADB.jpeg 2048w\" sizes=\"(max-width: 767px) 89vw, (max-width: 1000px) 54vw, (max-width: 1071px) 543px, 580px\" \/><figcaption>Wir haben kein Boot, m\u00fcssen also selbst schwimmen!<\/figcaption><\/figure>\n\n\n\n<p>Wir haben nur noch einen Autoschl\u00fcssel. Der andere hat das Bad im Salzwasser nicht \u00fcberstanden. Die Elektronik ist vermutlich hin, Gerd hat wieder was zu basteln. Es ist das erste Mal, dass wir einen Zweiten dabei haben. Hurra!<\/p>\n\n\n\n<p>Und was soll ich sagen? Der Schl\u00fcssel geht wieder. Irgendwer hat das Salz von der Elektronik geleckt. <\/p>\n\n\n\n<p>Strandtag: morgens-Meer, mittags-schwimmen, Nachmittags-Siesta, fr\u00fcher Abend-radeln zum Apero, abends-baden, nachts-Sterne Mond Meer. Tagwerk vollbracht.<\/p>\n\n\n\n<figure class=\"wp-block-image\"><img loading=\"lazy\" decoding=\"async\" width=\"1024\" height=\"768\" src=\"http:\/\/wolfsreise.d-l-w.de\/wp-content\/uploads\/2019\/09\/4CDBFD10-0AF2-45EA-9710-9C5321B20ADD-e1567623598583-1024x768.jpeg\" alt=\"\" class=\"wp-image-2463\" srcset=\"http:\/\/wolfsreise.d-l-w.de\/wp-content\/uploads\/2019\/09\/4CDBFD10-0AF2-45EA-9710-9C5321B20ADD-e1567623598583-1024x768.jpeg 1024w, http:\/\/wolfsreise.d-l-w.de\/wp-content\/uploads\/2019\/09\/4CDBFD10-0AF2-45EA-9710-9C5321B20ADD-e1567623598583-150x113.jpeg 150w, http:\/\/wolfsreise.d-l-w.de\/wp-content\/uploads\/2019\/09\/4CDBFD10-0AF2-45EA-9710-9C5321B20ADD-e1567623598583-300x225.jpeg 300w, http:\/\/wolfsreise.d-l-w.de\/wp-content\/uploads\/2019\/09\/4CDBFD10-0AF2-45EA-9710-9C5321B20ADD-e1567623598583-768x576.jpeg 768w, http:\/\/wolfsreise.d-l-w.de\/wp-content\/uploads\/2019\/09\/4CDBFD10-0AF2-45EA-9710-9C5321B20ADD-e1567623598583.jpeg 1632w\" sizes=\"(max-width: 767px) 89vw, (max-width: 1000px) 54vw, (max-width: 1071px) 543px, 580px\" \/><figcaption>Der Strand von heute. Was w\u00fcrde Theis sagen: \u201eSieht alles aus wie in Schleswig-Holstein\u201c; womit er dieses Mal sogar recht h\u00e4tte.<\/figcaption><\/figure>\n","protected":false},"excerpt":{"rendered":"<p>Vor dem Aufstehen im Mittelmeer schwimmen- immer wieder mein Traum, den wir in dieser Woche erf\u00fcllen. Das Wetter ist bedeckt, die Wellen hoch, der Strand steinig, egal rein muss ein! Das auch Matisse das so gemacht hat bezweifle ich zwar, aber in Collioure war er doch, zusammen mit vielen anderen gro\u00dfen Malern. Reisen bildet, wer &hellip; <\/p>\n<p class=\"link-more\"><a href=\"http:\/\/wolfsreise.d-l-w.de\/?p=2427\" class=\"more-link\"><span class=\"screen-reader-text\">\u201eDas Meer ist blau, schaumig wei\u00df, der Wind pustet wild\u201c<\/span> weiterlesen<\/a><\/p>\n","protected":false},"author":2,"featured_media":0,"comment_status":"open","ping_status":"open","sticky":false,"template":"","format":"standard","meta":{"footnotes":""},"categories":[9],"tags":[],"class_list":["post-2427","post","type-post","status-publish","format-standard","hentry","category-europa-2019"],"_links":{"self":[{"href":"http:\/\/wolfsreise.d-l-w.de\/index.php?rest_route=\/wp\/v2\/posts\/2427"}],"collection":[{"href":"http:\/\/wolfsreise.d-l-w.de\/index.php?rest_route=\/wp\/v2\/posts"}],"about":[{"href":"http:\/\/wolfsreise.d-l-w.de\/index.php?rest_route=\/wp\/v2\/types\/post"}],"author":[{"embeddable":true,"href":"http:\/\/wolfsreise.d-l-w.de\/index.php?rest_route=\/wp\/v2\/users\/2"}],"replies":[{"embeddable":true,"href":"http:\/\/wolfsreise.d-l-w.de\/index.php?rest_route=%2Fwp%2Fv2%2Fcomments&post=2427"}],"version-history":[{"count":18,"href":"http:\/\/wolfsreise.d-l-w.de\/index.php?rest_route=\/wp\/v2\/posts\/2427\/revisions"}],"predecessor-version":[{"id":2465,"href":"http:\/\/wolfsreise.d-l-w.de\/index.php?rest_route=\/wp\/v2\/posts\/2427\/revisions\/2465"}],"wp:attachment":[{"href":"http:\/\/wolfsreise.d-l-w.de\/index.php?rest_route=%2Fwp%2Fv2%2Fmedia&parent=2427"}],"wp:term":[{"taxonomy":"category","embeddable":true,"href":"http:\/\/wolfsreise.d-l-w.de\/index.php?rest_route=%2Fwp%2Fv2%2Fcategories&post=2427"},{"taxonomy":"post_tag","embeddable":true,"href":"http:\/\/wolfsreise.d-l-w.de\/index.php?rest_route=%2Fwp%2Fv2%2Ftags&post=2427"}],"curies":[{"name":"wp","href":"https:\/\/api.w.org\/{rel}","templated":true}]}}