{"id":238,"date":"2015-03-23T21:08:29","date_gmt":"2015-03-23T20:08:29","guid":{"rendered":"http:\/\/wolfsreise.d-l-w.de\/?p=238"},"modified":"2018-06-22T15:40:06","modified_gmt":"2018-06-22T13:40:06","slug":"die-krise-und-folgen","status":"publish","type":"post","link":"http:\/\/wolfsreise.d-l-w.de\/?p=238","title":{"rendered":"Die Krise und ihre Folgen"},"content":{"rendered":"<p>Das hautnahe Erleben der europ\u00e4ischen Krise ist hier jederzeit m\u00f6glich. Auch die Hochschullehrer_innen sind massiv betroffen und sie berichten \u00fcbereinstimmend, dass die kleine, kaum entstandene Mittelschicht verschwindet und das alte Verh\u00e4ltnis mit der weit aufgespannten Schere zwischen arm und reich wieder f\u00fcr alle f\u00fchlbar ist.<\/p>\n<p>Eine der Professorinnen hat in den letzten zwei Jahren etwa 700 \u20ac an monatlichem Verdienst eingeb\u00fc\u00dft, eine andere muss in Lissabon von 900 \u20ac leben und in Evora unterrichten. Zwar ist der Zug billiger als die Busverbindung, aber dennoch, alles muss bezahlt werden. Und die Lebenshaltungskosten sind, soweit ich das feststellen konnte, nicht sehr viel niedriger als bei uns. Obwohl die Mehrzahl der Einwohner Wohneigentum besitzt, was sicher etwas entlastet, muss auch das finanziert werden, wenn es nicht ererbt ist.<\/p>\n<p>Was ist passiert: die Europ\u00e4ische Union hat ihre strenge Hand auf Portugal gelegt, lange vor der griechischen Trag\u00f6die. Das hatte zur Folge, dass alle \u00f6ffentlichen Bediensteten eine heftige Gehaltsk\u00fcrzung hinnehmen mussten. Dann folgte eine kr\u00e4ftige Steuererh\u00f6hung und schon fehlt eine dicke Summe im Portemonnaie mit weitreichenden Folgen.<\/p>\n<p>Das schon alte Auto mit kaputter Elektrik kann nicht repariert werden, Restaurants, bei denen noch vor einem Jahr eine Reservierung erforderlich war, bleiben heute fast leer, Urlaubsreisen sind ganz gestrichen, die Teilnahme an Konferenzen entf\u00e4llt, da die Uni daf\u00fcr ohnehin kein Geld hat. Und diese Schleife schaukelt sich weiter auf. Da die Kosten des Studiums mit ca. 1.000 \u20ac im Jahr finanziert werden muss, m\u00fcssen viele \u00fcberlegen, ob sie es sich leisten k\u00f6nnen, ihre Kinder studieren zu lassen. Dann m\u00fcssen zuerst die Lehrbeauftragten gehen, wenn die Anf\u00e4ngerzahlen sinken, wie es jetzt gerade der Fall ist. Aber auch alle anderen stehen unter Druck, eine &#8222;Verbeamtung&#8220;, wie wir sie kennen (und sch\u00e4tzen), gibt es hier nicht.<\/p>\n<p>Trotzdem bleiben die Menschen fr\u00f6hlich &#8211; jedenfalls auf den ersten und zwei Blick. Sie improvisieren, sie unterst\u00fctzen sich gegenseitig, vor allem m\u00fcssen sich die Kinder um ihre Eltern k\u00fcmmern, denn deren Renten sind schmal, wenn sie \u00fcberhaupt eine haben. Und nicht vergessen, Harz 4 (egal wie man dazu steht), eine solche Grundsicherung gibt es hier auch nicht.<\/p>\n<p>Gespannt bin ich auf den 25. April und den 1. Mai. Noch habe ich keine Aufrufe entdecken k\u00f6nnen. Daf\u00fcr aber ein Plakat mit Frau Merkel (links!) und dem Regierungspr\u00e4sidenten (rechts) und folgendem deutschen Text: &#8222;Unsere Regierung ist deutscher als die deutsche!&#8220;, nur ein kleiner Untertitel \u00fcbersetzt ins portugiesische, ist wohl nicht n\u00f6tig. Deutschland, doch ein Winterm\u00e4rchen?<\/p>\n<p><img decoding=\"async\" src=\"http:\/\/wolfsreise.d-l-w.de\/wp-content\/uploads\/2015\/03\/DSCF3240.jpg\" alt=\"\"><\/p>\n<p><i>Die FDP ist auch keine L\u00f6sung&nbsp;<\/i><\/p>\n<p><i>&nbsp;<\/i><\/p>\n","protected":false},"excerpt":{"rendered":"<p>Das hautnahe Erleben der europ\u00e4ischen Krise ist hier jederzeit m\u00f6glich. Auch die Hochschullehrer_innen sind massiv betroffen und sie berichten \u00fcbereinstimmend, dass die kleine, kaum entstandene Mittelschicht verschwindet und das alte Verh\u00e4ltnis mit der weit aufgespannten Schere zwischen arm und reich wieder f\u00fcr alle f\u00fchlbar ist. Eine der Professorinnen hat in den letzten zwei Jahren etwa &hellip; <\/p>\n<p class=\"link-more\"><a href=\"http:\/\/wolfsreise.d-l-w.de\/?p=238\" class=\"more-link\"><span class=\"screen-reader-text\">\u201eDie Krise und ihre Folgen\u201c<\/span> weiterlesen<\/a><\/p>\n","protected":false},"author":2,"featured_media":0,"comment_status":"open","ping_status":"open","sticky":false,"template":"","format":"standard","meta":{"footnotes":""},"categories":[8],"tags":[],"class_list":["post-238","post","type-post","status-publish","format-standard","hentry","category-portugal"],"_links":{"self":[{"href":"http:\/\/wolfsreise.d-l-w.de\/index.php?rest_route=\/wp\/v2\/posts\/238"}],"collection":[{"href":"http:\/\/wolfsreise.d-l-w.de\/index.php?rest_route=\/wp\/v2\/posts"}],"about":[{"href":"http:\/\/wolfsreise.d-l-w.de\/index.php?rest_route=\/wp\/v2\/types\/post"}],"author":[{"embeddable":true,"href":"http:\/\/wolfsreise.d-l-w.de\/index.php?rest_route=\/wp\/v2\/users\/2"}],"replies":[{"embeddable":true,"href":"http:\/\/wolfsreise.d-l-w.de\/index.php?rest_route=%2Fwp%2Fv2%2Fcomments&post=238"}],"version-history":[{"count":8,"href":"http:\/\/wolfsreise.d-l-w.de\/index.php?rest_route=\/wp\/v2\/posts\/238\/revisions"}],"predecessor-version":[{"id":263,"href":"http:\/\/wolfsreise.d-l-w.de\/index.php?rest_route=\/wp\/v2\/posts\/238\/revisions\/263"}],"wp:attachment":[{"href":"http:\/\/wolfsreise.d-l-w.de\/index.php?rest_route=%2Fwp%2Fv2%2Fmedia&parent=238"}],"wp:term":[{"taxonomy":"category","embeddable":true,"href":"http:\/\/wolfsreise.d-l-w.de\/index.php?rest_route=%2Fwp%2Fv2%2Fcategories&post=238"},{"taxonomy":"post_tag","embeddable":true,"href":"http:\/\/wolfsreise.d-l-w.de\/index.php?rest_route=%2Fwp%2Fv2%2Ftags&post=238"}],"curies":[{"name":"wp","href":"https:\/\/api.w.org\/{rel}","templated":true}]}}