{"id":2354,"date":"2019-09-03T20:27:18","date_gmt":"2019-09-03T18:27:18","guid":{"rendered":"http:\/\/wolfsreise.d-l-w.de\/?p=2354"},"modified":"2019-11-13T15:03:59","modified_gmt":"2019-11-13T14:03:59","slug":"die-rosa-stadt-toulouse-vom-traegen-landleben-in-die-quirlige-stadt-des-suedens","status":"publish","type":"post","link":"http:\/\/wolfsreise.d-l-w.de\/?p=2354","title":{"rendered":"Die rosa Stadt Toulouse: vom tr\u00e4gen Landleben in die quirlige Stadt des S\u00fcdens"},"content":{"rendered":"\n<p>Auf der Reise nach Toulouse schauen wir noch einige der \u201esch\u00f6nsten D\u00f6rfer Frankreichs\u201c an, h\u00f6ren Klaviermusik auf der Mauer einer runden Markthalle, denn am Abend ist das Abschlusskonzert eines Master Class mit japanischer Professorin.  <\/p>\n\n\n\n<figure class=\"wp-block-image\"><img loading=\"lazy\" decoding=\"async\" width=\"1024\" height=\"768\" src=\"http:\/\/wolfsreise.d-l-w.de\/wp-content\/uploads\/2019\/08\/F4DC407C-9AE2-4A49-A18F-C379C7170283-1024x768.jpeg\" alt=\"\" class=\"wp-image-2403\" srcset=\"http:\/\/wolfsreise.d-l-w.de\/wp-content\/uploads\/2019\/08\/F4DC407C-9AE2-4A49-A18F-C379C7170283-1024x768.jpeg 1024w, http:\/\/wolfsreise.d-l-w.de\/wp-content\/uploads\/2019\/08\/F4DC407C-9AE2-4A49-A18F-C379C7170283-150x113.jpeg 150w, http:\/\/wolfsreise.d-l-w.de\/wp-content\/uploads\/2019\/08\/F4DC407C-9AE2-4A49-A18F-C379C7170283-300x225.jpeg 300w, http:\/\/wolfsreise.d-l-w.de\/wp-content\/uploads\/2019\/08\/F4DC407C-9AE2-4A49-A18F-C379C7170283-768x576.jpeg 768w, http:\/\/wolfsreise.d-l-w.de\/wp-content\/uploads\/2019\/08\/F4DC407C-9AE2-4A49-A18F-C379C7170283.jpeg 2048w\" sizes=\"(max-width: 767px) 89vw, (max-width: 1000px) 54vw, (max-width: 1071px) 543px, 580px\" \/><figcaption>Die wunderbare Markthalle von Auvillar, noch immer Samstags in Aktion.<\/figcaption><\/figure>\n\n\n\n<figure class=\"wp-block-image\"><img loading=\"lazy\" decoding=\"async\" width=\"768\" height=\"1024\" src=\"http:\/\/wolfsreise.d-l-w.de\/wp-content\/uploads\/2019\/08\/0BAFBE25-A0C4-4289-9A9A-6D5CF5547B9C-e1567274422478-768x1024.jpeg\" alt=\"\" class=\"wp-image-2404\" srcset=\"http:\/\/wolfsreise.d-l-w.de\/wp-content\/uploads\/2019\/08\/0BAFBE25-A0C4-4289-9A9A-6D5CF5547B9C-e1567274422478-768x1024.jpeg 768w, http:\/\/wolfsreise.d-l-w.de\/wp-content\/uploads\/2019\/08\/0BAFBE25-A0C4-4289-9A9A-6D5CF5547B9C-e1567274422478-113x150.jpeg 113w, http:\/\/wolfsreise.d-l-w.de\/wp-content\/uploads\/2019\/08\/0BAFBE25-A0C4-4289-9A9A-6D5CF5547B9C-e1567274422478-225x300.jpeg 225w, http:\/\/wolfsreise.d-l-w.de\/wp-content\/uploads\/2019\/08\/0BAFBE25-A0C4-4289-9A9A-6D5CF5547B9C-e1567274422478.jpeg 1536w\" sizes=\"(max-width: 767px) 89vw, (max-width: 1000px) 54vw, (max-width: 1071px) 543px, 580px\" \/><figcaption>Warum auch immer die T\u00fcrmchen den Glockenturm umrahmen, wir jedenfalls wissen es nicht und haben auch vor Ort keine Erkl\u00e4rung entdeckt.<\/figcaption><\/figure>\n\n\n\n<p>Drei Tage leben im Luxus einer Wohnung, von der aus das Erkunden von Toulouse mit dem Rad kein Problem ist. Einziger Nachteil: sie liegt in der Einflugschneise des Flughafens und die d\u00fcrfen hier bis sp\u00e4t in die Nacht starten und landen. Wir k\u00f6nnen den Passagieren winken, machen das aber nicht, sondern radeln am Flu\u00df oder an der Bahn entlang zum n\u00e4chsten sch\u00f6nen Platz, zur Markthalle und zu den unbedingt sehenswerten Kirchen und Kathedralen. Davon hat\u2019s hier wieder reichlich.<\/p>\n\n\n\n<figure class=\"wp-block-image\"><img loading=\"lazy\" decoding=\"async\" width=\"1024\" height=\"768\" src=\"http:\/\/wolfsreise.d-l-w.de\/wp-content\/uploads\/2019\/08\/0164E77B-D33B-48C9-8335-9CDDE740A9C9-1024x768.jpeg\" alt=\"\" class=\"wp-image-2377\" srcset=\"http:\/\/wolfsreise.d-l-w.de\/wp-content\/uploads\/2019\/08\/0164E77B-D33B-48C9-8335-9CDDE740A9C9-1024x768.jpeg 1024w, http:\/\/wolfsreise.d-l-w.de\/wp-content\/uploads\/2019\/08\/0164E77B-D33B-48C9-8335-9CDDE740A9C9-150x113.jpeg 150w, http:\/\/wolfsreise.d-l-w.de\/wp-content\/uploads\/2019\/08\/0164E77B-D33B-48C9-8335-9CDDE740A9C9-300x225.jpeg 300w, http:\/\/wolfsreise.d-l-w.de\/wp-content\/uploads\/2019\/08\/0164E77B-D33B-48C9-8335-9CDDE740A9C9-768x576.jpeg 768w, http:\/\/wolfsreise.d-l-w.de\/wp-content\/uploads\/2019\/08\/0164E77B-D33B-48C9-8335-9CDDE740A9C9.jpeg 2048w\" sizes=\"(max-width: 767px) 89vw, (max-width: 1000px) 54vw, (max-width: 1071px) 543px, 580px\" \/><figcaption>Gr\u00f6\u00dfer und mehr rosa geht\u2019s fast nicht mehr: Place du Capitole<\/figcaption><\/figure>\n\n\n\n<p>Fast alle Geb\u00e4ude sind aus hellen roten Ziegeln, die in der Sonne, die ja hier ohn\u2018 Unterla\u00df scheint (ca. 33 Grad, da hilft nur Fahrtwind und ja nicht absteigen) rosa schimmern. Toulouse, eine Stadt ohne Kriegssch\u00e4den, in der die Baustile aller Jahrhunderte nebeneinander Platz haben. Von der gr\u00f6\u00dften romanischen Kirche Frankreichs (nach Cluny, aber das steht ja nicht mehr) mit 110m L\u00e4nge bis zum Modernismus der Markthalle aus den 1970er Jahren, alles passt nebeneinander.<\/p>\n\n\n\n<figure class=\"wp-block-image\"><img loading=\"lazy\" decoding=\"async\" width=\"768\" height=\"1024\" src=\"http:\/\/wolfsreise.d-l-w.de\/wp-content\/uploads\/2019\/08\/5F2FF3D0-5C97-45DE-BAF8-F66E43A1845B-e1567239553176-768x1024.jpeg\" alt=\"\" class=\"wp-image-2380\" srcset=\"http:\/\/wolfsreise.d-l-w.de\/wp-content\/uploads\/2019\/08\/5F2FF3D0-5C97-45DE-BAF8-F66E43A1845B-e1567239553176-768x1024.jpeg 768w, http:\/\/wolfsreise.d-l-w.de\/wp-content\/uploads\/2019\/08\/5F2FF3D0-5C97-45DE-BAF8-F66E43A1845B-e1567239553176-113x150.jpeg 113w, http:\/\/wolfsreise.d-l-w.de\/wp-content\/uploads\/2019\/08\/5F2FF3D0-5C97-45DE-BAF8-F66E43A1845B-e1567239553176-225x300.jpeg 225w, http:\/\/wolfsreise.d-l-w.de\/wp-content\/uploads\/2019\/08\/5F2FF3D0-5C97-45DE-BAF8-F66E43A1845B-e1567239553176.jpeg 1536w\" sizes=\"(max-width: 767px) 89vw, (max-width: 1000px) 54vw, (max-width: 1071px) 543px, 580px\" \/><figcaption>Basilique Saint-Sernin, nahe der Markthalle mit allem was das Herz begehrt.<\/figcaption><\/figure>\n\n\n\n<figure class=\"wp-block-image\"><img loading=\"lazy\" decoding=\"async\" width=\"1024\" height=\"768\" src=\"http:\/\/wolfsreise.d-l-w.de\/wp-content\/uploads\/2019\/08\/846E3268-8FD4-4BAF-B410-1870D970B8B5-1024x768.jpeg\" alt=\"\" class=\"wp-image-2382\" srcset=\"http:\/\/wolfsreise.d-l-w.de\/wp-content\/uploads\/2019\/08\/846E3268-8FD4-4BAF-B410-1870D970B8B5-1024x768.jpeg 1024w, http:\/\/wolfsreise.d-l-w.de\/wp-content\/uploads\/2019\/08\/846E3268-8FD4-4BAF-B410-1870D970B8B5-150x113.jpeg 150w, http:\/\/wolfsreise.d-l-w.de\/wp-content\/uploads\/2019\/08\/846E3268-8FD4-4BAF-B410-1870D970B8B5-300x225.jpeg 300w, http:\/\/wolfsreise.d-l-w.de\/wp-content\/uploads\/2019\/08\/846E3268-8FD4-4BAF-B410-1870D970B8B5-768x576.jpeg 768w, http:\/\/wolfsreise.d-l-w.de\/wp-content\/uploads\/2019\/08\/846E3268-8FD4-4BAF-B410-1870D970B8B5.jpeg 2048w\" sizes=\"(max-width: 767px) 89vw, (max-width: 1000px) 54vw, (max-width: 1071px) 543px, 580px\" \/><figcaption>Fenstergalerie in luftiger H\u00f6he, Basilique Saint-Sernin<\/figcaption><\/figure>\n\n\n\n<p>Zum Gl\u00fcck gibt es fast \u00fcberall Bars, Bistros und vor allem Restaurants, die den steten Durst stillen. Ohne Wasserflasche ist Frau bei dieser Hitze aufgeschmissen. Im Convent des Jacobins m\u00fcssen wir die Taschenmesser an der Pforte abgeben (der Aufseher ist begeistert von unseren Ger\u00e4ten, den wundersch\u00f6nen laguiole-Messern, die wir u bedingt wieder haben wollen.) Wir treffen zuf\u00e4llig auf einen Experten f\u00fcr den Dom, der uns ungefragt in die Ma\u00dfe einf\u00fchrt und die Kreuzrippen des Palmenf\u00e4chers des gotischen Gew\u00f6lbes mit allen Ma\u00dfen vorf\u00fchrt &#8211; ungefragt, spannend, weil er sich eben daf\u00fcr interessiert und ohnehin gleich neben der Kirche wohnt. Wie oft er das wohl macht?<\/p>\n\n\n\n<figure class=\"wp-block-image\"><img loading=\"lazy\" decoding=\"async\" width=\"1024\" height=\"768\" src=\"http:\/\/wolfsreise.d-l-w.de\/wp-content\/uploads\/2019\/08\/FB42A9AE-48AA-471C-AFBE-2C9C3D80F5A6-1024x768.jpeg\" alt=\"\" class=\"wp-image-2386\" srcset=\"http:\/\/wolfsreise.d-l-w.de\/wp-content\/uploads\/2019\/08\/FB42A9AE-48AA-471C-AFBE-2C9C3D80F5A6-1024x768.jpeg 1024w, http:\/\/wolfsreise.d-l-w.de\/wp-content\/uploads\/2019\/08\/FB42A9AE-48AA-471C-AFBE-2C9C3D80F5A6-150x113.jpeg 150w, http:\/\/wolfsreise.d-l-w.de\/wp-content\/uploads\/2019\/08\/FB42A9AE-48AA-471C-AFBE-2C9C3D80F5A6-300x225.jpeg 300w, http:\/\/wolfsreise.d-l-w.de\/wp-content\/uploads\/2019\/08\/FB42A9AE-48AA-471C-AFBE-2C9C3D80F5A6-768x576.jpeg 768w, http:\/\/wolfsreise.d-l-w.de\/wp-content\/uploads\/2019\/08\/FB42A9AE-48AA-471C-AFBE-2C9C3D80F5A6.jpeg 2048w\" sizes=\"(max-width: 767px) 89vw, (max-width: 1000px) 54vw, (max-width: 1071px) 543px, 580px\" \/><figcaption>Ganz sch\u00f6n wirr auf den ersten Blick, auf den zweiten hat alles seine Ordnung. Der kleine lila Streifen ist die aktuelle Lichtinstallation.<\/figcaption><\/figure>\n\n\n\n<figure class=\"wp-block-image\"><img loading=\"lazy\" decoding=\"async\" width=\"768\" height=\"1024\" src=\"http:\/\/wolfsreise.d-l-w.de\/wp-content\/uploads\/2019\/08\/44C0CE03-7B9B-49D5-A3C9-AE524FA78ACD-768x1024.jpeg\" alt=\"\" class=\"wp-image-2388\" srcset=\"http:\/\/wolfsreise.d-l-w.de\/wp-content\/uploads\/2019\/08\/44C0CE03-7B9B-49D5-A3C9-AE524FA78ACD-768x1024.jpeg 768w, http:\/\/wolfsreise.d-l-w.de\/wp-content\/uploads\/2019\/08\/44C0CE03-7B9B-49D5-A3C9-AE524FA78ACD-113x150.jpeg 113w, http:\/\/wolfsreise.d-l-w.de\/wp-content\/uploads\/2019\/08\/44C0CE03-7B9B-49D5-A3C9-AE524FA78ACD-225x300.jpeg 225w, http:\/\/wolfsreise.d-l-w.de\/wp-content\/uploads\/2019\/08\/44C0CE03-7B9B-49D5-A3C9-AE524FA78ACD.jpeg 1449w\" sizes=\"(max-width: 767px) 89vw, (max-width: 1000px) 54vw, (max-width: 1071px) 543px, 580px\" \/><figcaption>Fast echt diese Palme.<\/figcaption><\/figure>\n\n\n\n<p>Toulouse ist eine Fahrradstadt. Es gibt sie: Radwege! Und sie werden fast respektiert, au\u00dfer man muss unbedingt parken. Am ersten Abend radeln wir zum Essen. Als wir schon fast sitzen, m\u00fcssen und d\u00fcrfen wir die R\u00e4der mit ins Restaurant nehmen, sonst w\u00fcrden sie gestohlen, ganz schnell. Sp\u00e4ter stellen wir fest, dass tats\u00e4chlich alle R\u00e4der, egal wie alt, an irgendeinem B\u00fcgel oder einer Stange angekettet sind. Davon gibt\u2019s reichlich, wie gut. Und auch Leihr\u00e4der sind schwer im Gebrauch, stehen sie doch \u00fcberall herum und die erste Stunde ist kostenlos. <\/p>\n\n\n\n<p>Und Abends? Nat\u00fcrlich an den Fluss! Bars gibt\u2019s genug, Musik manchmal, auf jeden Fall gelassene Stimmung und etwas k\u00fchlere Luft.<\/p>\n\n\n\n<figure class=\"wp-block-image\"><img loading=\"lazy\" decoding=\"async\" width=\"1024\" height=\"768\" src=\"http:\/\/wolfsreise.d-l-w.de\/wp-content\/uploads\/2019\/08\/FFCB6631-853D-4F8C-9511-414C65615BCE-1024x768.jpeg\" alt=\"\" class=\"wp-image-2394\" srcset=\"http:\/\/wolfsreise.d-l-w.de\/wp-content\/uploads\/2019\/08\/FFCB6631-853D-4F8C-9511-414C65615BCE-1024x768.jpeg 1024w, http:\/\/wolfsreise.d-l-w.de\/wp-content\/uploads\/2019\/08\/FFCB6631-853D-4F8C-9511-414C65615BCE-150x113.jpeg 150w, http:\/\/wolfsreise.d-l-w.de\/wp-content\/uploads\/2019\/08\/FFCB6631-853D-4F8C-9511-414C65615BCE-300x225.jpeg 300w, http:\/\/wolfsreise.d-l-w.de\/wp-content\/uploads\/2019\/08\/FFCB6631-853D-4F8C-9511-414C65615BCE-768x576.jpeg 768w, http:\/\/wolfsreise.d-l-w.de\/wp-content\/uploads\/2019\/08\/FFCB6631-853D-4F8C-9511-414C65615BCE.jpeg 2016w\" sizes=\"(max-width: 767px) 89vw, (max-width: 1000px) 54vw, (max-width: 1071px) 543px, 580px\" \/><figcaption>Auch wir sitzen hier eine kurze Weile und radeln zur\u00fcck in \u201eunser\u201c Viertel zu einem Glas Wein und einer Tapa: Basilikumbrot mit Tatar aus getrockneten Tomaten, unbedingt merken!<\/figcaption><\/figure>\n\n\n\n<p>Wir \u201eshoppen\u201c durch die Altstadt. In jeder kleinen Gasse was Lustiges, Grelles, \u00dcberfl\u00fcssiges, Gruseliges zu erwerben und wir kaufen nix. Nur Kaffee, Bier, Wasser und Wein und eben Tapas, Empanadas und saure Fische stehen auf unserem Programm.<\/p>\n\n\n\n<p>Eine tolle Stadt, gelassen, ruhig ist es nicht, aber mit viel Zeit dennoch, auch wenn es gesch\u00e4ftiger zugeht als auf dem Lande, aber das wollten wir ja auch mal wieder einschieben. Und ein richtig breites Bett hat ja auch Mal wieder was, eine Dusche, die erst wieder aufh\u00f6rt, wenn ich sie abstelle und deren W\u00e4rme ich selbst einstelle.<\/p>\n\n\n\n<figure class=\"wp-block-image\"><img loading=\"lazy\" decoding=\"async\" width=\"768\" height=\"1024\" src=\"http:\/\/wolfsreise.d-l-w.de\/wp-content\/uploads\/2019\/08\/27F6FF5D-B575-4573-B812-BA288546E03C-e1567267071218-768x1024.jpeg\" alt=\"\" class=\"wp-image-2397\" srcset=\"http:\/\/wolfsreise.d-l-w.de\/wp-content\/uploads\/2019\/08\/27F6FF5D-B575-4573-B812-BA288546E03C-e1567267071218-768x1024.jpeg 768w, http:\/\/wolfsreise.d-l-w.de\/wp-content\/uploads\/2019\/08\/27F6FF5D-B575-4573-B812-BA288546E03C-e1567267071218-113x150.jpeg 113w, http:\/\/wolfsreise.d-l-w.de\/wp-content\/uploads\/2019\/08\/27F6FF5D-B575-4573-B812-BA288546E03C-e1567267071218-225x300.jpeg 225w, http:\/\/wolfsreise.d-l-w.de\/wp-content\/uploads\/2019\/08\/27F6FF5D-B575-4573-B812-BA288546E03C-e1567267071218.jpeg 1536w\" sizes=\"(max-width: 767px) 89vw, (max-width: 1000px) 54vw, (max-width: 1071px) 543px, 580px\" \/><figcaption>In den engen Gassen Richtung Basilique Saint-Sernin \u00fcberstrahlt sie alles und \u00f6ffnet zu einem wunderbar ruhigen Stadtplatz.<\/figcaption><\/figure>\n\n\n\n<p>Wir tr\u00e4umen vom Wiederkommen, fliegen dauert lang, Umsteigen in Paris, Zug ebenso, aber geht schon ab 70\u20ac eine Fahrt. Noch besser ist es von der Normandie aus &#8230; vielleicht, vielleicht. Aber es gibt noch so viel Ungesehenes. Z.B. Lyon, da will ich schon immer mal wieder hin.<\/p>\n\n\n\n<p>Wir verabschieden uns von unserer Vermieterin, der Stadt, dem Schuster, der meine Sandalen gerichtet hat und von jungen blonden Sch\u00f6nheiten aus Polen tr\u00e4umt (mein Blond war ihm nicht sch\u00f6n genug) und fahren ins Corbi\u00e8re an den Canal du Midi zu einem Weinbauern mit dem Gerd jetzt im Keller verschwunden ist und Rotwein probiert. <\/p>\n\n\n\n<p>Ich hingegen sitze im Weinberg bei Gewitter und Regen, die K\u00fcche bleibt kalt. Wetterumschwung: von 36 auf 18 Grad, das ist doch mal eine Ansage.<\/p>\n\n\n\n<figure class=\"wp-block-image\"><img loading=\"lazy\" decoding=\"async\" width=\"1024\" height=\"765\" src=\"http:\/\/wolfsreise.d-l-w.de\/wp-content\/uploads\/2019\/08\/F3ED3947-1C26-435D-B414-78E0BAB17B4A-e1567275071272-1024x765.jpeg\" alt=\"\" class=\"wp-image-2408\" srcset=\"http:\/\/wolfsreise.d-l-w.de\/wp-content\/uploads\/2019\/08\/F3ED3947-1C26-435D-B414-78E0BAB17B4A-e1567275071272-1024x765.jpeg 1024w, http:\/\/wolfsreise.d-l-w.de\/wp-content\/uploads\/2019\/08\/F3ED3947-1C26-435D-B414-78E0BAB17B4A-e1567275071272-150x112.jpeg 150w, http:\/\/wolfsreise.d-l-w.de\/wp-content\/uploads\/2019\/08\/F3ED3947-1C26-435D-B414-78E0BAB17B4A-e1567275071272-300x224.jpeg 300w, http:\/\/wolfsreise.d-l-w.de\/wp-content\/uploads\/2019\/08\/F3ED3947-1C26-435D-B414-78E0BAB17B4A-e1567275071272-768x574.jpeg 768w\" sizes=\"(max-width: 767px) 89vw, (max-width: 1000px) 54vw, (max-width: 1071px) 543px, 580px\" \/><figcaption>Kalt, aber mit Stil. Da das Wasser von oben kommt, muss das reichen. Wei\u00dfwein ist ja schon da.<\/figcaption><\/figure>\n","protected":false},"excerpt":{"rendered":"<p>Auf der Reise nach Toulouse schauen wir noch einige der \u201esch\u00f6nsten D\u00f6rfer Frankreichs\u201c an, h\u00f6ren Klaviermusik auf der Mauer einer runden Markthalle, denn am Abend ist das Abschlusskonzert eines Master Class mit japanischer Professorin. Drei Tage leben im Luxus einer Wohnung, von der aus das Erkunden von Toulouse mit dem Rad kein Problem ist. Einziger &hellip; <\/p>\n<p class=\"link-more\"><a href=\"http:\/\/wolfsreise.d-l-w.de\/?p=2354\" class=\"more-link\"><span class=\"screen-reader-text\">\u201eDie rosa Stadt Toulouse: vom tr\u00e4gen Landleben in die quirlige Stadt des S\u00fcdens\u201c<\/span> weiterlesen<\/a><\/p>\n","protected":false},"author":2,"featured_media":0,"comment_status":"open","ping_status":"open","sticky":false,"template":"","format":"standard","meta":{"footnotes":""},"categories":[9],"tags":[],"class_list":["post-2354","post","type-post","status-publish","format-standard","hentry","category-europa-2019"],"_links":{"self":[{"href":"http:\/\/wolfsreise.d-l-w.de\/index.php?rest_route=\/wp\/v2\/posts\/2354"}],"collection":[{"href":"http:\/\/wolfsreise.d-l-w.de\/index.php?rest_route=\/wp\/v2\/posts"}],"about":[{"href":"http:\/\/wolfsreise.d-l-w.de\/index.php?rest_route=\/wp\/v2\/types\/post"}],"author":[{"embeddable":true,"href":"http:\/\/wolfsreise.d-l-w.de\/index.php?rest_route=\/wp\/v2\/users\/2"}],"replies":[{"embeddable":true,"href":"http:\/\/wolfsreise.d-l-w.de\/index.php?rest_route=%2Fwp%2Fv2%2Fcomments&post=2354"}],"version-history":[{"count":31,"href":"http:\/\/wolfsreise.d-l-w.de\/index.php?rest_route=\/wp\/v2\/posts\/2354\/revisions"}],"predecessor-version":[{"id":2787,"href":"http:\/\/wolfsreise.d-l-w.de\/index.php?rest_route=\/wp\/v2\/posts\/2354\/revisions\/2787"}],"wp:attachment":[{"href":"http:\/\/wolfsreise.d-l-w.de\/index.php?rest_route=%2Fwp%2Fv2%2Fmedia&parent=2354"}],"wp:term":[{"taxonomy":"category","embeddable":true,"href":"http:\/\/wolfsreise.d-l-w.de\/index.php?rest_route=%2Fwp%2Fv2%2Fcategories&post=2354"},{"taxonomy":"post_tag","embeddable":true,"href":"http:\/\/wolfsreise.d-l-w.de\/index.php?rest_route=%2Fwp%2Fv2%2Ftags&post=2354"}],"curies":[{"name":"wp","href":"https:\/\/api.w.org\/{rel}","templated":true}]}}