{"id":226,"date":"2015-03-23T20:28:27","date_gmt":"2015-03-23T19:28:27","guid":{"rendered":"http:\/\/wolfsreise.d-l-w.de\/?p=226"},"modified":"2018-06-22T15:40:06","modified_gmt":"2018-06-22T13:40:06","slug":"exkursion-mit-studierenden-nach-lissabon","status":"publish","type":"post","link":"http:\/\/wolfsreise.d-l-w.de\/?p=226","title":{"rendered":"Exkursion mit Studierenden nach Lissabon"},"content":{"rendered":"<p>7.45 Uhr betritt ein neuer Stdent, m\u00e4nnlich, z\u00f6gernd die drei Stufen ins Geb\u00e4ude. Sein Z\u00f6gern kann ich verstehen. Er w\u00e4re ja mit den Putzfrauen ganz allein.<\/p>\n<p><img decoding=\"async\" src=\"http:\/\/wolfsreise.d-l-w.de\/wp-content\/uploads\/2015\/03\/DSCF3202.jpg\" alt=\"\"><\/p>\n<p><i>Der neue Stdent erobert die Uni &#8211; Senior Pfau<\/i>&nbsp;<\/p>\n<p>Wie alle anderen dreht er ab. 8.00 Uhr Treffpunkt, der Bus, Aurora und ich sind p\u00fcnktlich und zwei Studentinnen. Gegen 8.30 Uhr geht&#8217;s schon los, niemand au\u00dfer mir ist verwundert und es f\u00e4llt kein ermahnendes Wort. Warum auch, Professorin Paula kam als letzte.<\/p>\n<p>Der Bus f\u00e4hrt z\u00fcgig und ruhig die eineinhalb Stunden nach Lisboa. Zwischen Evora und einem weiten Tal machen sich die St\u00f6rche die Starkstrommasten streitig. Die Energieversorger sind inzwischen sogar dazu \u00fcbergegangen extra Aufbauten auf die Masten zu setzen.Auf einem z\u00e4hle ich sieben (!) bewohnte Nester. Die St\u00f6rche von Evora ziehen auch nicht mehr weg, sondern &#8222;\u00fcberwintern&#8220; hier. Es ist alles da: feuchte Wiesen, weite T\u00e4ler, genug zumuteten, was will Storch mehr? Kinder, Kinder, Kinder &#8230; Auch wenn der demographische Wandel im Alentejo l\u00e4ngst zugeschlagen hat.<\/p>\n<p>Und davon gibt es leider keine Fotos.<\/p>\n<p>Anders als bei unseren Exkursionen gibt es keine Ansage, was an dem Tag passieren wird. Als wir aussteigen, werden sie Studies kurz gesammelt, gez\u00e4hlt wird nicht und dann geht&#8217;s los, durch Treppengassen bis hinauf zum Castel, um den zukommen Landschaftsarchitekt_innen erst mal einen \u00dcberblick zu verschaffen. Die &#8222;gr\u00fcne&#8220; Struktur wird als Vernetzung problematisiert und als gro\u00dfes Ziel angesprochen. Die Frage nach Dach- oder Hausbegr\u00fcnungen wird zur\u00fcckgewiesen, denn das trockene Sommerklima w\u00fcrde dem den Garaus machen. Also nicht.<\/p>\n<p>Der Tag ist sonnig, ein bi\u00dfchen W\u00e4rme verbreitet sich im Sonnenschein, kalter Nordwind frischt auf und wird uns am Abend zu Handschuhen (aus Peru, Gott sei Dank) zwingen. alle hoffen auf den April, denn am 25., dem Tag der Revolution wird es auf jeden Fall warm und die Sonn scheint immerdar.<\/p>\n<p>Neben dem, was wir vor zwei Jahren schon sahen, k\u00f6nnte ich drei neue freiraumplanerische Projekte kennen lernen.<\/p>\n<p>1. Die Waterfront ist fertig und die Gr\u00fcnanlage vor dem Regierungsgeb\u00e4ude liegt nicht nutzbar der Waterfront gegen\u00fcber. Schon wieder m\u00fcsste man die gestufte Rampe s\u00e4ubern, denn bis zur dritten Stufe herrscht gr\u00fcn vor. Gut genutzt sind ist die Waterfront weiterhin, nicht nur von den Touris. Die gesetzten B\u00e4ume werden die gr\u00fcne Netzstruktur irgendwann unterst\u00fctzen.<\/p>\n<p>&nbsp;<\/p>\n<p><img decoding=\"async\" src=\"http:\/\/wolfsreise.d-l-w.de\/wp-content\/uploads\/2015\/03\/DSCF3228.jpg\" alt=\"\">&nbsp;<span style=\"line-height: 28px;\">&nbsp;<\/span><\/p>\n<p><img decoding=\"async\" src=\"http:\/\/wolfsreise.d-l-w.de\/wp-content\/uploads\/2015\/03\/DSCF3229.jpg\" alt=\"\">&nbsp;&nbsp;<img decoding=\"async\" src=\"http:\/\/wolfsreise.d-l-w.de\/wp-content\/uploads\/2015\/03\/DSCF3231.jpg\" alt=\"\"><\/p>\n<p><i>Die Waterfront mit gegen\u00fcberliegender Freifl\u00e4che<\/i>&nbsp;<\/p>\n<p>&nbsp;Was wir seinerzeit \u00fcbersehen hatten oder vielleicht ist es auch nur mir entgangen, weil der spannende Pavillon mit Tejoblick im Vordergrund stand, ist der &#8222;Japanische Garten&#8220;, 2011 gestaltet, den die drei Professorinnen als &#8222;Kirschgarten&#8220; titulieren. Leicht reliefierte &#8222;h\u00fcgelig&#8220; geformte Erhebungen bilden den kleinen Garten, in dem gerastert viel zu kleine Kirschen mit dicken Knospen wachsen sollen. Ich fl\u00fcstere Ihnen zu, dass sie das schnell machen sollen und bin gespannt, ob sie den Seewind und die doch leicht salzhaltige Luft auf Dauer tolerieren werden. Design ist Geschmacksache.<\/p>\n<p><img decoding=\"async\" src=\"http:\/\/wolfsreise.d-l-w.de\/wp-content\/uploads\/2015\/03\/DSCF3232-0.jpg\" alt=\"\"><\/p>\n<p><i>Der japanische Garten, ein Freundschaftsgeschenk Japans, 2011, Landschaftsarchitekt unbekannt<\/i>&nbsp;<\/p>\n<p>&nbsp;Aufgefallen ist uns 2012 die &#8222;Sichtachse&#8220; vom Torre de Belem bis zur Kapelle St. Jos\u00e9, eines der ersten &#8222;modernen&#8220; landschaftsarchtektonischen Projekte in Portugal. Architekt muss ich noch mal nachfragen. Er hatte vor vom Mirador der Kapelle bis zum Torre mehrere Sichtachsen zu schlagen und so eine optische Verkn\u00fcpfung koloniealen Handelns herzustellen. Eine gute Idee, eigentlich, nur muss man B\u00e4ume, denn sie wachsen, dann auch schneiden. So ist es also nix geworden, aber nicht wegen &#8222;\u00d6ko&#8220;, so wie bei uns, sonder aus Mangel an Pflege. Aber, das kann ja noch werden.<\/p>\n<p>&nbsp;<\/p>\n<p><img decoding=\"async\" src=\"http:\/\/wolfsreise.d-l-w.de\/wp-content\/uploads\/2015\/03\/DSCF3241.jpg\" alt=\"\">&nbsp;<span style=\"line-height: 28px;\">&nbsp;<\/span><\/p>\n<figure style=\"width: 1000px\" class=\"wp-caption alignnone\"><img loading=\"lazy\" decoding=\"async\" class=\"size-custom\" title=\"\" src=\"http:\/\/wolfsreise.d-l-w.de\/wp-content\/uploads\/2015\/03\/DSCF3242.jpg\" alt=\"\" width=\"1000\" height=\"750\"><figcaption class=\"wp-caption-text\">Wie bei uns: erschlaffte Studierende als H\u00fchnchen auf der Stange<\/figcaption><\/figure>\n<p>&nbsp;&nbsp;<\/p>\n<p>Als wir in Evora im Uni eigene. Bus zur\u00fcck sind, w\u00fcnschen wir uns alle dringend eine warmen Ofen, Handschuhe und M\u00fctzen, Caf\u00e9 und was das Leben sonst noch so braucht. Portwein w\u00e4re auch nicht schlecht, aber leider noch zu fr\u00fch.<\/p>\n<p>&nbsp;<\/p>\n","protected":false},"excerpt":{"rendered":"<p>7.45 Uhr betritt ein neuer Stdent, m\u00e4nnlich, z\u00f6gernd die drei Stufen ins Geb\u00e4ude. Sein Z\u00f6gern kann ich verstehen. Er w\u00e4re ja mit den Putzfrauen ganz allein. Der neue Stdent erobert die Uni &#8211; Senior Pfau&nbsp; Wie alle anderen dreht er ab. 8.00 Uhr Treffpunkt, der Bus, Aurora und ich sind p\u00fcnktlich und zwei Studentinnen. Gegen &hellip; <\/p>\n<p class=\"link-more\"><a href=\"http:\/\/wolfsreise.d-l-w.de\/?p=226\" class=\"more-link\"><span class=\"screen-reader-text\">\u201eExkursion mit Studierenden nach Lissabon\u201c<\/span> weiterlesen<\/a><\/p>\n","protected":false},"author":2,"featured_media":0,"comment_status":"open","ping_status":"open","sticky":false,"template":"","format":"standard","meta":{"footnotes":""},"categories":[8],"tags":[],"class_list":["post-226","post","type-post","status-publish","format-standard","hentry","category-portugal"],"_links":{"self":[{"href":"http:\/\/wolfsreise.d-l-w.de\/index.php?rest_route=\/wp\/v2\/posts\/226"}],"collection":[{"href":"http:\/\/wolfsreise.d-l-w.de\/index.php?rest_route=\/wp\/v2\/posts"}],"about":[{"href":"http:\/\/wolfsreise.d-l-w.de\/index.php?rest_route=\/wp\/v2\/types\/post"}],"author":[{"embeddable":true,"href":"http:\/\/wolfsreise.d-l-w.de\/index.php?rest_route=\/wp\/v2\/users\/2"}],"replies":[{"embeddable":true,"href":"http:\/\/wolfsreise.d-l-w.de\/index.php?rest_route=%2Fwp%2Fv2%2Fcomments&post=226"}],"version-history":[{"count":8,"href":"http:\/\/wolfsreise.d-l-w.de\/index.php?rest_route=\/wp\/v2\/posts\/226\/revisions"}],"predecessor-version":[{"id":245,"href":"http:\/\/wolfsreise.d-l-w.de\/index.php?rest_route=\/wp\/v2\/posts\/226\/revisions\/245"}],"wp:attachment":[{"href":"http:\/\/wolfsreise.d-l-w.de\/index.php?rest_route=%2Fwp%2Fv2%2Fmedia&parent=226"}],"wp:term":[{"taxonomy":"category","embeddable":true,"href":"http:\/\/wolfsreise.d-l-w.de\/index.php?rest_route=%2Fwp%2Fv2%2Fcategories&post=226"},{"taxonomy":"post_tag","embeddable":true,"href":"http:\/\/wolfsreise.d-l-w.de\/index.php?rest_route=%2Fwp%2Fv2%2Ftags&post=226"}],"curies":[{"name":"wp","href":"https:\/\/api.w.org\/{rel}","templated":true}]}}