{"id":2196,"date":"2019-08-21T20:03:37","date_gmt":"2019-08-21T18:03:37","guid":{"rendered":"http:\/\/wolfsreise.d-l-w.de\/?p=2196"},"modified":"2019-08-24T18:28:22","modified_gmt":"2019-08-24T16:28:22","slug":"drei-gaerten-unterschiedlicher-gehts-nicht","status":"publish","type":"post","link":"http:\/\/wolfsreise.d-l-w.de\/?p=2196","title":{"rendered":"Drei G\u00e4rten &#8211; unterschiedlicher geht\u2019s nicht"},"content":{"rendered":"\n<p>Marqueyssac, im Guide Michelin angepriesen. Ein ltolles Animationsfoto lockt uns in den \u201ejardins suspendus\u201c. Weitl\u00e4ufig mit 12 ha, aber au\u00dfer gr\u00fcn nichts gewesen, ein Weg hin, ein Weg zur\u00fcck, zwischendurch Kinderspiel. Wir haben tolle Ausblicke auf das Tal der Dordogne , ansonsten \u201eorganisiere Langeweile\u201c, die zwar nur 9,50\u20ac kostet, aber ehrlich nicht sein muss, auch wenn es sch\u00f6ne Fotos gibt. Es geht einfach immer den einen Weg lang &#8230;<\/p>\n\n\n\n<figure class=\"wp-block-image\"><img loading=\"lazy\" decoding=\"async\" width=\"1024\" height=\"768\" src=\"http:\/\/wolfsreise.d-l-w.de\/wp-content\/uploads\/2019\/08\/9D92F1E6-A818-42A9-B445-915238E248BB-1024x768.jpeg\" alt=\"\" class=\"wp-image-2224\" srcset=\"http:\/\/wolfsreise.d-l-w.de\/wp-content\/uploads\/2019\/08\/9D92F1E6-A818-42A9-B445-915238E248BB-1024x768.jpeg 1024w, http:\/\/wolfsreise.d-l-w.de\/wp-content\/uploads\/2019\/08\/9D92F1E6-A818-42A9-B445-915238E248BB-150x113.jpeg 150w, http:\/\/wolfsreise.d-l-w.de\/wp-content\/uploads\/2019\/08\/9D92F1E6-A818-42A9-B445-915238E248BB-300x225.jpeg 300w, http:\/\/wolfsreise.d-l-w.de\/wp-content\/uploads\/2019\/08\/9D92F1E6-A818-42A9-B445-915238E248BB-768x576.jpeg 768w, http:\/\/wolfsreise.d-l-w.de\/wp-content\/uploads\/2019\/08\/9D92F1E6-A818-42A9-B445-915238E248BB.jpeg 2048w\" sizes=\"(max-width: 767px) 89vw, (max-width: 1000px) 54vw, (max-width: 1071px) 543px, 580px\" \/><figcaption>Sieht gut aus, aber bleibt auch so f\u00fcr ca. zwei Stunden ein und dasselbe Bild.<\/figcaption><\/figure>\n\n\n\n<p>In Terrasson wollen wir in die Jardins de l\u2018imaginaire und sind bereit f\u00fcr einen l\u00e4ngeren Spaziergang. Das wird uns gleich an der Kasse ausgetrieben, denn es geht nur mit F\u00fchrung, genau f\u00fcr 1,5 Std., ohne tr\u00f6deln und nicht allein rumlaufen &#8230; die Dame, die f\u00fchrt, hat eine gro\u00dfe Gruppe hinter sich, eine leise Stimme und keine Geduld (oder keine Erlaubnis) auf die Letzten zu warten, so dass die armen Franzosen, die hinten sind, sicherlich nichts h\u00f6ren. Wir haben an der Kasse eine (schlechte) deutsche \u00dcbersetzung bekommen, denn unserem Guide ist egal ob wir was verstehen, sie hat nicht mal gefragt, ob wir ggf. Franz\u00f6sisch verstehen. Sie h\u00e4tte ihr Sprachtempo bestimmt nicht anpassen k\u00f6nnen. Macht der Gewohnheit.<\/p>\n\n\n\n<p>Der Garten ist Ergebnis der Initiative des B\u00fcrgermeisters von Terrasson, der 1996 einen internationalen Wettbewerb veranstaltete und vermutlich jede Menge europ\u00e4ische Kohle sammeln konnte, selbstverst\u00e4ndlich auch lokale und regionale Spender mobilisierte. \u201eUne \u00e9vocation de l\u2019histoire des jardins depuis la p\u00e9riode romaine en\u00a013 tableaux naturels\u00a0aussi surprenants qu\u2019envo\u00fbtants o\u00f9 le visiteur retrouve les invariants des jardins du Monde : eau, mouvements du vent, terrasses, v\u00e9g\u00e9taux, perspectives\u2026\u201c (Selbstdarstellung durch das Tourismusmanagement). Kathryn Gustafson, amerikanische Landschaftsarchitektin l\u00e4\u00dft 6ha und 13 Gartenbilder in Windeseile durchlaufen, ich w\u00fcnschte meine Exkursion her und eine qualifizierte und angemessene F\u00fchrung. Der englische Architekt Ian Ritchie, inzwischen weltbekannt (ich kannte ihn nat\u00fcrlich nicht) hat an Haus und Garten mitgewirkt, Skulpturen geschaffen, um \u201estarre, invariable\u201c Elemente, obwohl Pflanzen und Natur sich ja ohnehin stetig ver\u00e4ndern. Wie fast immer steht die Vegetation, das Wasser, die Luft, Perspektiven und Materialien. Aber sch\u00f6ne Bilder gibt\u2019s trotzdem:<\/p>\n\n\n\n<figure class=\"wp-block-image\"><img loading=\"lazy\" decoding=\"async\" width=\"1024\" height=\"768\" src=\"http:\/\/wolfsreise.d-l-w.de\/wp-content\/uploads\/2019\/08\/54FC9FFD-88DC-449A-B1FB-EAC6A08A45AD-1024x768.jpeg\" alt=\"\" class=\"wp-image-2230\" srcset=\"http:\/\/wolfsreise.d-l-w.de\/wp-content\/uploads\/2019\/08\/54FC9FFD-88DC-449A-B1FB-EAC6A08A45AD-1024x768.jpeg 1024w, http:\/\/wolfsreise.d-l-w.de\/wp-content\/uploads\/2019\/08\/54FC9FFD-88DC-449A-B1FB-EAC6A08A45AD-150x113.jpeg 150w, http:\/\/wolfsreise.d-l-w.de\/wp-content\/uploads\/2019\/08\/54FC9FFD-88DC-449A-B1FB-EAC6A08A45AD-300x225.jpeg 300w, http:\/\/wolfsreise.d-l-w.de\/wp-content\/uploads\/2019\/08\/54FC9FFD-88DC-449A-B1FB-EAC6A08A45AD-768x576.jpeg 768w, http:\/\/wolfsreise.d-l-w.de\/wp-content\/uploads\/2019\/08\/54FC9FFD-88DC-449A-B1FB-EAC6A08A45AD.jpeg 2048w\" sizes=\"(max-width: 767px) 89vw, (max-width: 1000px) 54vw, (max-width: 1071px) 543px, 580px\" \/><figcaption>Gartentheater mit Blick auf die Stadt.<\/figcaption><\/figure>\n\n\n\n<figure class=\"wp-block-image\"><img loading=\"lazy\" decoding=\"async\" width=\"1024\" height=\"768\" src=\"http:\/\/wolfsreise.d-l-w.de\/wp-content\/uploads\/2019\/08\/B91D19F2-63BE-4EE5-9C4E-FB0259446C5A-1024x768.jpeg\" alt=\"\" class=\"wp-image-2231\" srcset=\"http:\/\/wolfsreise.d-l-w.de\/wp-content\/uploads\/2019\/08\/B91D19F2-63BE-4EE5-9C4E-FB0259446C5A-1024x768.jpeg 1024w, http:\/\/wolfsreise.d-l-w.de\/wp-content\/uploads\/2019\/08\/B91D19F2-63BE-4EE5-9C4E-FB0259446C5A-150x113.jpeg 150w, http:\/\/wolfsreise.d-l-w.de\/wp-content\/uploads\/2019\/08\/B91D19F2-63BE-4EE5-9C4E-FB0259446C5A-300x225.jpeg 300w, http:\/\/wolfsreise.d-l-w.de\/wp-content\/uploads\/2019\/08\/B91D19F2-63BE-4EE5-9C4E-FB0259446C5A-768x576.jpeg 768w, http:\/\/wolfsreise.d-l-w.de\/wp-content\/uploads\/2019\/08\/B91D19F2-63BE-4EE5-9C4E-FB0259446C5A.jpeg 2048w\" sizes=\"(max-width: 767px) 89vw, (max-width: 1000px) 54vw, (max-width: 1071px) 543px, 580px\" \/><figcaption>Natur hat Vorfahrt, auch eines der Bilder un die Wasser gibt\u2019s nat\u00fcrlich auch.<\/figcaption><\/figure>\n\n\n\n<figure class=\"wp-block-image\"><img loading=\"lazy\" decoding=\"async\" width=\"1024\" height=\"768\" src=\"http:\/\/wolfsreise.d-l-w.de\/wp-content\/uploads\/2019\/08\/7E823513-0957-488B-B26E-C3196C891787-1024x768.jpeg\" alt=\"\" class=\"wp-image-2232\" srcset=\"http:\/\/wolfsreise.d-l-w.de\/wp-content\/uploads\/2019\/08\/7E823513-0957-488B-B26E-C3196C891787-1024x768.jpeg 1024w, http:\/\/wolfsreise.d-l-w.de\/wp-content\/uploads\/2019\/08\/7E823513-0957-488B-B26E-C3196C891787-150x113.jpeg 150w, http:\/\/wolfsreise.d-l-w.de\/wp-content\/uploads\/2019\/08\/7E823513-0957-488B-B26E-C3196C891787-300x225.jpeg 300w, http:\/\/wolfsreise.d-l-w.de\/wp-content\/uploads\/2019\/08\/7E823513-0957-488B-B26E-C3196C891787-768x576.jpeg 768w, http:\/\/wolfsreise.d-l-w.de\/wp-content\/uploads\/2019\/08\/7E823513-0957-488B-B26E-C3196C891787.jpeg 2048w\" sizes=\"(max-width: 767px) 89vw, (max-width: 1000px) 54vw, (max-width: 1071px) 543px, 580px\" \/><figcaption>Kaskade mit einem Wasserspiel, das je nach Sonnenstand Regenbogen erzeugt.<\/figcaption><\/figure>\n\n\n\n<figure class=\"wp-block-image\"><img loading=\"lazy\" decoding=\"async\" width=\"1024\" height=\"768\" src=\"http:\/\/wolfsreise.d-l-w.de\/wp-content\/uploads\/2019\/08\/DB5244A6-1050-4DCB-98C4-4CD636C1786C-1024x768.jpeg\" alt=\"\" class=\"wp-image-2233\" srcset=\"http:\/\/wolfsreise.d-l-w.de\/wp-content\/uploads\/2019\/08\/DB5244A6-1050-4DCB-98C4-4CD636C1786C-1024x768.jpeg 1024w, http:\/\/wolfsreise.d-l-w.de\/wp-content\/uploads\/2019\/08\/DB5244A6-1050-4DCB-98C4-4CD636C1786C-150x113.jpeg 150w, http:\/\/wolfsreise.d-l-w.de\/wp-content\/uploads\/2019\/08\/DB5244A6-1050-4DCB-98C4-4CD636C1786C-300x225.jpeg 300w, http:\/\/wolfsreise.d-l-w.de\/wp-content\/uploads\/2019\/08\/DB5244A6-1050-4DCB-98C4-4CD636C1786C-768x576.jpeg 768w, http:\/\/wolfsreise.d-l-w.de\/wp-content\/uploads\/2019\/08\/DB5244A6-1050-4DCB-98C4-4CD636C1786C.jpeg 2048w\" sizes=\"(max-width: 767px) 89vw, (max-width: 1000px) 54vw, (max-width: 1071px) 543px, 580px\" \/><figcaption>Selbstredend umgibt das Ch\u00e2teau Jean d\u2018Arc ein franz\u00f6sisch-strenger Garten.<\/figcaption><\/figure>\n\n\n\n<h2 class=\"wp-block-heading\">Der Garten der Pastorin<\/h2>\n\n\n\n<p>Sonia Delaunnay inspiriert Frau Pfarrer zu einem kreativen Projekt mit Kirchenmitgliedern, die in einem kleinen D\u00f6rfchen mit einem aufgeweckten  B\u00fcrgermeister Chaumot nacheifern und in ganz kleinem Ma\u00dfe zum Thema Farbe und Gef\u00fchl ihre G\u00e4rten gestalten. Hier also die Idee und ihre Realisierung, die dazu f\u00fchrt, dass es jedes Mal wenn ein Gartenbesuch erfolgt ist, zahllos Bohnen, Tomaten, Schnittlauch und Kresse zu ernten gibt. Demn\u00e4chst an vielen vielen Tagen gelbe, organgene und blaue K\u00fcrbisse.  Vorlage und Ergebnis:<\/p>\n\n\n\n<figure class=\"wp-block-image\"><img loading=\"lazy\" decoding=\"async\" width=\"403\" height=\"504\" src=\"http:\/\/wolfsreise.d-l-w.de\/wp-content\/uploads\/2019\/08\/A3A49ACE-5A1B-4CE2-9512-32E1727B9504.jpeg\" alt=\"\" class=\"wp-image-2219\" srcset=\"http:\/\/wolfsreise.d-l-w.de\/wp-content\/uploads\/2019\/08\/A3A49ACE-5A1B-4CE2-9512-32E1727B9504.jpeg 403w, http:\/\/wolfsreise.d-l-w.de\/wp-content\/uploads\/2019\/08\/A3A49ACE-5A1B-4CE2-9512-32E1727B9504-120x150.jpeg 120w, http:\/\/wolfsreise.d-l-w.de\/wp-content\/uploads\/2019\/08\/A3A49ACE-5A1B-4CE2-9512-32E1727B9504-240x300.jpeg 240w\" sizes=\"(max-width: 403px) 100vw, 403px\" \/><figcaption>Die Idee: Delaunnay<\/figcaption><\/figure>\n\n\n\n<figure class=\"wp-block-image\"><img loading=\"lazy\" decoding=\"async\" width=\"1024\" height=\"768\" src=\"http:\/\/wolfsreise.d-l-w.de\/wp-content\/uploads\/2019\/08\/60846EDF-B027-45D9-98FD-9F9EBA6E1C02-1024x768.jpeg\" alt=\"\" class=\"wp-image-2221\" srcset=\"http:\/\/wolfsreise.d-l-w.de\/wp-content\/uploads\/2019\/08\/60846EDF-B027-45D9-98FD-9F9EBA6E1C02-1024x768.jpeg 1024w, http:\/\/wolfsreise.d-l-w.de\/wp-content\/uploads\/2019\/08\/60846EDF-B027-45D9-98FD-9F9EBA6E1C02-150x113.jpeg 150w, http:\/\/wolfsreise.d-l-w.de\/wp-content\/uploads\/2019\/08\/60846EDF-B027-45D9-98FD-9F9EBA6E1C02-300x225.jpeg 300w, http:\/\/wolfsreise.d-l-w.de\/wp-content\/uploads\/2019\/08\/60846EDF-B027-45D9-98FD-9F9EBA6E1C02-768x576.jpeg 768w, http:\/\/wolfsreise.d-l-w.de\/wp-content\/uploads\/2019\/08\/60846EDF-B027-45D9-98FD-9F9EBA6E1C02.jpeg 2048w\" sizes=\"(max-width: 767px) 89vw, (max-width: 1000px) 54vw, (max-width: 1071px) 543px, 580px\" \/><figcaption>Das Ergebnis: zwei Wellen in gelb und blau, am besten aus der Vogelperspektive.<\/figcaption><\/figure>\n\n\n\n<p>Nach 4 Tagen Besuch bei Angelika und Hans-Joachim, Studienfreunde Gerds und seit langem Pastoren in Frankreich, jetzt in Barbizeux, sind wir in Cahor und Gerd hat endlich Gelegenheit Rotwein zu verkosten.<\/p>\n","protected":false},"excerpt":{"rendered":"<p>Marqueyssac, im Guide Michelin angepriesen. Ein ltolles Animationsfoto lockt uns in den \u201ejardins suspendus\u201c. Weitl\u00e4ufig mit 12 ha, aber au\u00dfer gr\u00fcn nichts gewesen, ein Weg hin, ein Weg zur\u00fcck, zwischendurch Kinderspiel. Wir haben tolle Ausblicke auf das Tal der Dordogne , ansonsten \u201eorganisiere Langeweile\u201c, die zwar nur 9,50\u20ac kostet, aber ehrlich nicht sein muss, auch &hellip; <\/p>\n<p class=\"link-more\"><a href=\"http:\/\/wolfsreise.d-l-w.de\/?p=2196\" class=\"more-link\"><span class=\"screen-reader-text\">\u201eDrei G\u00e4rten &#8211; unterschiedlicher geht\u2019s nicht\u201c<\/span> weiterlesen<\/a><\/p>\n","protected":false},"author":2,"featured_media":0,"comment_status":"open","ping_status":"open","sticky":false,"template":"","format":"standard","meta":{"footnotes":""},"categories":[9],"tags":[],"class_list":["post-2196","post","type-post","status-publish","format-standard","hentry","category-europa-2019"],"_links":{"self":[{"href":"http:\/\/wolfsreise.d-l-w.de\/index.php?rest_route=\/wp\/v2\/posts\/2196"}],"collection":[{"href":"http:\/\/wolfsreise.d-l-w.de\/index.php?rest_route=\/wp\/v2\/posts"}],"about":[{"href":"http:\/\/wolfsreise.d-l-w.de\/index.php?rest_route=\/wp\/v2\/types\/post"}],"author":[{"embeddable":true,"href":"http:\/\/wolfsreise.d-l-w.de\/index.php?rest_route=\/wp\/v2\/users\/2"}],"replies":[{"embeddable":true,"href":"http:\/\/wolfsreise.d-l-w.de\/index.php?rest_route=%2Fwp%2Fv2%2Fcomments&post=2196"}],"version-history":[{"count":21,"href":"http:\/\/wolfsreise.d-l-w.de\/index.php?rest_route=\/wp\/v2\/posts\/2196\/revisions"}],"predecessor-version":[{"id":2298,"href":"http:\/\/wolfsreise.d-l-w.de\/index.php?rest_route=\/wp\/v2\/posts\/2196\/revisions\/2298"}],"wp:attachment":[{"href":"http:\/\/wolfsreise.d-l-w.de\/index.php?rest_route=%2Fwp%2Fv2%2Fmedia&parent=2196"}],"wp:term":[{"taxonomy":"category","embeddable":true,"href":"http:\/\/wolfsreise.d-l-w.de\/index.php?rest_route=%2Fwp%2Fv2%2Fcategories&post=2196"},{"taxonomy":"post_tag","embeddable":true,"href":"http:\/\/wolfsreise.d-l-w.de\/index.php?rest_route=%2Fwp%2Fv2%2Ftags&post=2196"}],"curies":[{"name":"wp","href":"https:\/\/api.w.org\/{rel}","templated":true}]}}