{"id":2175,"date":"2019-08-18T22:31:27","date_gmt":"2019-08-18T20:31:27","guid":{"rendered":"http:\/\/wolfsreise.d-l-w.de\/?p=2175"},"modified":"2019-11-14T17:22:13","modified_gmt":"2019-11-14T16:22:13","slug":"an-auf-und-in-der-charente","status":"publish","type":"post","link":"http:\/\/wolfsreise.d-l-w.de\/?p=2175","title":{"rendered":"An, auf und in der Charente"},"content":{"rendered":"\n<figure class=\"wp-block-image\"><img loading=\"lazy\" decoding=\"async\" width=\"1024\" height=\"768\" src=\"http:\/\/wolfsreise.d-l-w.de\/wp-content\/uploads\/2019\/08\/A5B3C82E-4044-4624-8400-B3B09F3EB838-1024x768.jpeg\" alt=\"\" class=\"wp-image-2176\" srcset=\"http:\/\/wolfsreise.d-l-w.de\/wp-content\/uploads\/2019\/08\/A5B3C82E-4044-4624-8400-B3B09F3EB838-1024x768.jpeg 1024w, http:\/\/wolfsreise.d-l-w.de\/wp-content\/uploads\/2019\/08\/A5B3C82E-4044-4624-8400-B3B09F3EB838-150x113.jpeg 150w, http:\/\/wolfsreise.d-l-w.de\/wp-content\/uploads\/2019\/08\/A5B3C82E-4044-4624-8400-B3B09F3EB838-300x225.jpeg 300w, http:\/\/wolfsreise.d-l-w.de\/wp-content\/uploads\/2019\/08\/A5B3C82E-4044-4624-8400-B3B09F3EB838-768x576.jpeg 768w, http:\/\/wolfsreise.d-l-w.de\/wp-content\/uploads\/2019\/08\/A5B3C82E-4044-4624-8400-B3B09F3EB838.jpeg 2048w\" sizes=\"(max-width: 767px) 89vw, (max-width: 1000px) 54vw, (max-width: 1071px) 543px, 580px\" \/><figcaption>Auf der Charente<\/figcaption><\/figure>\n\n\n\n<p>Ein klares, tr\u00e4ges Fl\u00fcsschen, ges\u00e4umt von hohen Pappeln, Buchen und Weiden, Schleusen zum Selbstkurbeln, sanftes Pl\u00e4tschern und wir auf historischem B\u00f6tchen, das einmal Steine, die wei\u00dfen Steinquader in den Norden transportierte. Ein Samstag Nachmittag, der ebenso langsam dahin flie\u00dft wie das dunkle Wasser der Charente. Mit Freunden schwatzen, lachen, erz\u00e4hlen, die Neuigkeiten der vergangenen zwei Jahre austauschen, im Gartenbistro gemeinsam essen, vor der lauten Rockmusik fl\u00fcchten die neben unserem Tisch aus den Lautsprechern geschmettert wird (daf\u00fcr sind wir wohl doch zu alt), das ist Leben wie Gott in Frankreich!<\/p>\n\n\n\n<figure class=\"wp-block-image\"><img loading=\"lazy\" decoding=\"async\" width=\"1024\" height=\"768\" src=\"http:\/\/wolfsreise.d-l-w.de\/wp-content\/uploads\/2019\/08\/501068FA-6676-4BD1-9FD7-8BBD6B8D0E61-1024x768.jpeg\" alt=\"\" class=\"wp-image-2177\" srcset=\"http:\/\/wolfsreise.d-l-w.de\/wp-content\/uploads\/2019\/08\/501068FA-6676-4BD1-9FD7-8BBD6B8D0E61-1024x768.jpeg 1024w, http:\/\/wolfsreise.d-l-w.de\/wp-content\/uploads\/2019\/08\/501068FA-6676-4BD1-9FD7-8BBD6B8D0E61-150x113.jpeg 150w, http:\/\/wolfsreise.d-l-w.de\/wp-content\/uploads\/2019\/08\/501068FA-6676-4BD1-9FD7-8BBD6B8D0E61-300x225.jpeg 300w, http:\/\/wolfsreise.d-l-w.de\/wp-content\/uploads\/2019\/08\/501068FA-6676-4BD1-9FD7-8BBD6B8D0E61-768x576.jpeg 768w, http:\/\/wolfsreise.d-l-w.de\/wp-content\/uploads\/2019\/08\/501068FA-6676-4BD1-9FD7-8BBD6B8D0E61.jpeg 2048w\" sizes=\"(max-width: 767px) 89vw, (max-width: 1000px) 54vw, (max-width: 1071px) 543px, 580px\" \/><figcaption>Auf der Gabare, der alte Kapit\u00e4n hatte schon ein Mobil am Ohr &#8211; angewachsen?<\/figcaption><\/figure>\n\n\n\n<p>Die Charente ist inzwischen wieder so sauber, dass \u00fcberall gebadet werden kann. Das verlockt die Kids zu wilden Spr\u00fcngen ins kalte Wasser. Papa hat eine luftige Schaukel in den Baum geh\u00e4ngt, so geht es am besten.<\/p>\n\n\n\n<p>Und dann nat\u00fcrlich Sonntagsgottesdienst, denn wir besuchen ja Frau und Herrn Pastor von Barbezieux.<\/p>\n\n\n\n<p>Schnell noch die Predigt ausdrucken, ins Auto springen, losbrausen, nur eine halbe Stunde bis zum Schloss fahren. Zur Gemeinde geh\u00f6ren 6 Kirchen, weit verstreut, bis zu mehr als eine Autostunde entfernt . Insgesamt ca. 200 protestantischen Familien. In ganz Frankreich arbeiten etwa 400 evangelische Pfarrerinnen und Pfarrer, noch ist das Land \u00fcberwiegend katholisch. Religionskriege, die Vertreibung und T\u00f6tung Andersgl\u00e4ubiger haben Enklaven zur\u00fcck gelassen,  wie in der Normandie auch in der Charente, im Averon und an einigen anderen Orten, so auch in La Rochelle, weit weg von Paris, in unwegsamen Regionen und heute nat\u00fcrlich auch wieder durch viele Zuwanderer in Paris.<\/p>\n\n\n\n<p>Heute findet der Gottesdienst und das anschlie\u00dfende Picknick im Freien und im Schlosspark eines Kirchenmitglieds statt, so lange bis es regnet, was leider f\u00fcr den Nachmittag vorher gesagt ist.  <\/p>\n\n\n\n<figure class=\"wp-block-image\"><img loading=\"lazy\" decoding=\"async\" width=\"640\" height=\"480\" src=\"http:\/\/wolfsreise.d-l-w.de\/wp-content\/uploads\/2019\/08\/210290EF-0192-4FBF-A088-2135FF909295.jpeg\" alt=\"\" class=\"wp-image-2179\" srcset=\"http:\/\/wolfsreise.d-l-w.de\/wp-content\/uploads\/2019\/08\/210290EF-0192-4FBF-A088-2135FF909295.jpeg 640w, http:\/\/wolfsreise.d-l-w.de\/wp-content\/uploads\/2019\/08\/210290EF-0192-4FBF-A088-2135FF909295-150x113.jpeg 150w, http:\/\/wolfsreise.d-l-w.de\/wp-content\/uploads\/2019\/08\/210290EF-0192-4FBF-A088-2135FF909295-300x225.jpeg 300w\" sizes=\"(max-width: 640px) 100vw, 640px\" \/><figcaption>Nein, nein, nicht an der Loire, nur so \u00e4hnlich, aber ein wenig geschrumpft.<\/figcaption><\/figure>\n\n\n\n<figure class=\"wp-block-image\"><img loading=\"lazy\" decoding=\"async\" width=\"640\" height=\"480\" src=\"http:\/\/wolfsreise.d-l-w.de\/wp-content\/uploads\/2019\/08\/BBD0E529-AC4C-499C-9B2A-AEAB3237D830.jpeg\" alt=\"\" class=\"wp-image-2180\" srcset=\"http:\/\/wolfsreise.d-l-w.de\/wp-content\/uploads\/2019\/08\/BBD0E529-AC4C-499C-9B2A-AEAB3237D830.jpeg 640w, http:\/\/wolfsreise.d-l-w.de\/wp-content\/uploads\/2019\/08\/BBD0E529-AC4C-499C-9B2A-AEAB3237D830-150x113.jpeg 150w, http:\/\/wolfsreise.d-l-w.de\/wp-content\/uploads\/2019\/08\/BBD0E529-AC4C-499C-9B2A-AEAB3237D830-300x225.jpeg 300w\" sizes=\"(max-width: 640px) 100vw, 640px\" \/><figcaption>Die Freiluftkirche in Vorbereitung.<\/figcaption><\/figure>\n\n\n\n<p>Am Montag sind wir noch immer zu Gast, helfen zur decheterie zu fahren und ein Auto voller M\u00fcll zu entsorgen, dass Gartenprojekt von Frau Pastor zu bewundern, zu ernten, eine gro\u00dfe Sch\u00fcssel  Tomaten und noch mehr Bohnen, eine Aubergine aus Nachbars Garten, die im Ratatouille besonders gut schmeckt, neben der Templer-Kapelle in einer weiteren romanischen Abtei in Marcillac-Lanville weiterem Fresken und einen wunderbar harmonischen Kirchenraum zu bewundern und endlich wieder an der Charente zu landen und zu baden. Denn an der Charente gibt es wunderbare Badepl\u00e4tze, die, seit sie wieder sauber ist, klar und einladend sind.<\/p>\n\n\n\n<figure class=\"wp-block-image\"><img loading=\"lazy\" decoding=\"async\" width=\"1024\" height=\"768\" src=\"http:\/\/wolfsreise.d-l-w.de\/wp-content\/uploads\/2019\/08\/08405A47-88FE-466D-A55F-2EB0CA456270-1024x768.jpeg\" alt=\"\" class=\"wp-image-2191\" srcset=\"http:\/\/wolfsreise.d-l-w.de\/wp-content\/uploads\/2019\/08\/08405A47-88FE-466D-A55F-2EB0CA456270-1024x768.jpeg 1024w, http:\/\/wolfsreise.d-l-w.de\/wp-content\/uploads\/2019\/08\/08405A47-88FE-466D-A55F-2EB0CA456270-150x113.jpeg 150w, http:\/\/wolfsreise.d-l-w.de\/wp-content\/uploads\/2019\/08\/08405A47-88FE-466D-A55F-2EB0CA456270-300x225.jpeg 300w, http:\/\/wolfsreise.d-l-w.de\/wp-content\/uploads\/2019\/08\/08405A47-88FE-466D-A55F-2EB0CA456270-768x576.jpeg 768w, http:\/\/wolfsreise.d-l-w.de\/wp-content\/uploads\/2019\/08\/08405A47-88FE-466D-A55F-2EB0CA456270.jpeg 2048w\" sizes=\"(max-width: 767px) 89vw, (max-width: 1000px) 54vw, (max-width: 1071px) 543px, 580px\" \/><figcaption>Hans-Joachim = 18 Grad, Gerd = 20 Grad, ich halte mich raus und schwimme, 19 Grad?<\/figcaption><\/figure>\n\n\n\n<p>Und nun zu den Templern, deren Herberge heute zur Eglise Protestant geh\u00f6rt und in der sie reiten und reiten und reiten, nat\u00fcrlich  gegen die Muselmannen? Keiner kann bislang die Fresken richtig deuten. Macht nix, sch\u00f6n sind sie trotzdem.<\/p>\n\n\n\n<figure class=\"wp-block-image\"><img loading=\"lazy\" decoding=\"async\" width=\"1024\" height=\"768\" src=\"http:\/\/wolfsreise.d-l-w.de\/wp-content\/uploads\/2019\/08\/4135CA8D-03BC-4EC8-881E-F854778C2DC5-1024x768.jpeg\" alt=\"\" class=\"wp-image-2199\" srcset=\"http:\/\/wolfsreise.d-l-w.de\/wp-content\/uploads\/2019\/08\/4135CA8D-03BC-4EC8-881E-F854778C2DC5-1024x768.jpeg 1024w, http:\/\/wolfsreise.d-l-w.de\/wp-content\/uploads\/2019\/08\/4135CA8D-03BC-4EC8-881E-F854778C2DC5-150x113.jpeg 150w, http:\/\/wolfsreise.d-l-w.de\/wp-content\/uploads\/2019\/08\/4135CA8D-03BC-4EC8-881E-F854778C2DC5-300x225.jpeg 300w, http:\/\/wolfsreise.d-l-w.de\/wp-content\/uploads\/2019\/08\/4135CA8D-03BC-4EC8-881E-F854778C2DC5-768x576.jpeg 768w, http:\/\/wolfsreise.d-l-w.de\/wp-content\/uploads\/2019\/08\/4135CA8D-03BC-4EC8-881E-F854778C2DC5.jpeg 2048w\" sizes=\"(max-width: 767px) 89vw, (max-width: 1000px) 54vw, (max-width: 1071px) 543px, 580px\" \/><figcaption>Da reiten die Templer gegen die Mohamedaner, aber  wohin geht die Reise wirklich? Erg\u00e4nzen Sie sinnvoll.<\/figcaption><\/figure>\n\n\n\n<figure class=\"wp-block-image\"><img loading=\"lazy\" decoding=\"async\" width=\"768\" height=\"1024\" src=\"http:\/\/wolfsreise.d-l-w.de\/wp-content\/uploads\/2019\/08\/356F5FD8-1A55-46BB-9CE4-2C0B2519DA7E-e1566393594938-768x1024.jpeg\" alt=\"\" class=\"wp-image-2203\" srcset=\"http:\/\/wolfsreise.d-l-w.de\/wp-content\/uploads\/2019\/08\/356F5FD8-1A55-46BB-9CE4-2C0B2519DA7E-e1566393594938-768x1024.jpeg 768w, http:\/\/wolfsreise.d-l-w.de\/wp-content\/uploads\/2019\/08\/356F5FD8-1A55-46BB-9CE4-2C0B2519DA7E-e1566393594938-113x150.jpeg 113w, http:\/\/wolfsreise.d-l-w.de\/wp-content\/uploads\/2019\/08\/356F5FD8-1A55-46BB-9CE4-2C0B2519DA7E-e1566393594938-225x300.jpeg 225w, http:\/\/wolfsreise.d-l-w.de\/wp-content\/uploads\/2019\/08\/356F5FD8-1A55-46BB-9CE4-2C0B2519DA7E-e1566393594938.jpeg 1536w\" sizes=\"(max-width: 767px) 89vw, (max-width: 1000px) 54vw, (max-width: 1071px) 543px, 580px\" \/><figcaption>Der Temple der Templer mit seinem schlichten Portal in Cressac Staint-Genis.<\/figcaption><\/figure>\n\n\n\n<figure class=\"wp-block-image\"><img loading=\"lazy\" decoding=\"async\" width=\"768\" height=\"1024\" src=\"http:\/\/wolfsreise.d-l-w.de\/wp-content\/uploads\/2019\/08\/C000F441-B1AF-4D8A-A718-B7BF08614807-e1566393491192-768x1024.jpeg\" alt=\"\" class=\"wp-image-2204\" srcset=\"http:\/\/wolfsreise.d-l-w.de\/wp-content\/uploads\/2019\/08\/C000F441-B1AF-4D8A-A718-B7BF08614807-e1566393491192-768x1024.jpeg 768w, http:\/\/wolfsreise.d-l-w.de\/wp-content\/uploads\/2019\/08\/C000F441-B1AF-4D8A-A718-B7BF08614807-e1566393491192-113x150.jpeg 113w, http:\/\/wolfsreise.d-l-w.de\/wp-content\/uploads\/2019\/08\/C000F441-B1AF-4D8A-A718-B7BF08614807-e1566393491192-225x300.jpeg 225w, http:\/\/wolfsreise.d-l-w.de\/wp-content\/uploads\/2019\/08\/C000F441-B1AF-4D8A-A718-B7BF08614807-e1566393491192.jpeg 1536w\" sizes=\"(max-width: 767px) 89vw, (max-width: 1000px) 54vw, (max-width: 1071px) 543px, 580px\" \/><figcaption>Der romanische Chor &#8211; Harmonie und Licht: wie es uns gef\u00e4llt<\/figcaption><\/figure>\n\n\n\n<figure class=\"wp-block-image\"><img loading=\"lazy\" decoding=\"async\" width=\"1024\" height=\"792\" src=\"http:\/\/wolfsreise.d-l-w.de\/wp-content\/uploads\/2019\/08\/7EE971C2-6586-403A-B0EC-EA92DACE5804-1024x792.jpeg\" alt=\"\" class=\"wp-image-2206\" srcset=\"http:\/\/wolfsreise.d-l-w.de\/wp-content\/uploads\/2019\/08\/7EE971C2-6586-403A-B0EC-EA92DACE5804-1024x792.jpeg 1024w, http:\/\/wolfsreise.d-l-w.de\/wp-content\/uploads\/2019\/08\/7EE971C2-6586-403A-B0EC-EA92DACE5804-150x116.jpeg 150w, http:\/\/wolfsreise.d-l-w.de\/wp-content\/uploads\/2019\/08\/7EE971C2-6586-403A-B0EC-EA92DACE5804-300x232.jpeg 300w, http:\/\/wolfsreise.d-l-w.de\/wp-content\/uploads\/2019\/08\/7EE971C2-6586-403A-B0EC-EA92DACE5804-768x594.jpeg 768w, http:\/\/wolfsreise.d-l-w.de\/wp-content\/uploads\/2019\/08\/7EE971C2-6586-403A-B0EC-EA92DACE5804.jpeg 1599w\" sizes=\"(max-width: 767px) 89vw, (max-width: 1000px) 54vw, (max-width: 1071px) 543px, 580px\" \/><figcaption>Heute nur noch wenige Reste einstiger Gro\u00dfartigkeit, aber auch noch heute mit menschlichen Ma\u00df.<\/figcaption><\/figure>\n\n\n\n<p>Und hier noch ein Link, unbedingt anschauen: \u201ema femme est pasteure\u201c =<\/p>\n\n\n\n<p>https:\/\/www.youtube.com\/watch?v=GoAH1pLAT7s.<\/p>\n\n\n\n<p><\/p>\n\n\n\n<p>Und nun noch eine neue R\u00e4tselaufgabe:<\/p>\n\n\n\n<figure class=\"wp-block-image\"><img loading=\"lazy\" decoding=\"async\" width=\"640\" height=\"344\" src=\"http:\/\/wolfsreise.d-l-w.de\/wp-content\/uploads\/2019\/08\/73BED30A-1A6D-4C76-B826-B573D444A4E1.jpeg\" alt=\"\" class=\"wp-image-2281\" srcset=\"http:\/\/wolfsreise.d-l-w.de\/wp-content\/uploads\/2019\/08\/73BED30A-1A6D-4C76-B826-B573D444A4E1.jpeg 640w, http:\/\/wolfsreise.d-l-w.de\/wp-content\/uploads\/2019\/08\/73BED30A-1A6D-4C76-B826-B573D444A4E1-150x81.jpeg 150w, http:\/\/wolfsreise.d-l-w.de\/wp-content\/uploads\/2019\/08\/73BED30A-1A6D-4C76-B826-B573D444A4E1-300x161.jpeg 300w\" sizes=\"(max-width: 640px) 100vw, 640px\" \/><\/figure>\n","protected":false},"excerpt":{"rendered":"<p>Ein klares, tr\u00e4ges Fl\u00fcsschen, ges\u00e4umt von hohen Pappeln, Buchen und Weiden, Schleusen zum Selbstkurbeln, sanftes Pl\u00e4tschern und wir auf historischem B\u00f6tchen, das einmal Steine, die wei\u00dfen Steinquader in den Norden transportierte. Ein Samstag Nachmittag, der ebenso langsam dahin flie\u00dft wie das dunkle Wasser der Charente. Mit Freunden schwatzen, lachen, erz\u00e4hlen, die Neuigkeiten der vergangenen zwei &hellip; <\/p>\n<p class=\"link-more\"><a href=\"http:\/\/wolfsreise.d-l-w.de\/?p=2175\" class=\"more-link\"><span class=\"screen-reader-text\">\u201eAn, auf und in der Charente\u201c<\/span> weiterlesen<\/a><\/p>\n","protected":false},"author":2,"featured_media":0,"comment_status":"open","ping_status":"open","sticky":false,"template":"","format":"standard","meta":{"footnotes":""},"categories":[9],"tags":[],"class_list":["post-2175","post","type-post","status-publish","format-standard","hentry","category-europa-2019"],"_links":{"self":[{"href":"http:\/\/wolfsreise.d-l-w.de\/index.php?rest_route=\/wp\/v2\/posts\/2175"}],"collection":[{"href":"http:\/\/wolfsreise.d-l-w.de\/index.php?rest_route=\/wp\/v2\/posts"}],"about":[{"href":"http:\/\/wolfsreise.d-l-w.de\/index.php?rest_route=\/wp\/v2\/types\/post"}],"author":[{"embeddable":true,"href":"http:\/\/wolfsreise.d-l-w.de\/index.php?rest_route=\/wp\/v2\/users\/2"}],"replies":[{"embeddable":true,"href":"http:\/\/wolfsreise.d-l-w.de\/index.php?rest_route=%2Fwp%2Fv2%2Fcomments&post=2175"}],"version-history":[{"count":27,"href":"http:\/\/wolfsreise.d-l-w.de\/index.php?rest_route=\/wp\/v2\/posts\/2175\/revisions"}],"predecessor-version":[{"id":2816,"href":"http:\/\/wolfsreise.d-l-w.de\/index.php?rest_route=\/wp\/v2\/posts\/2175\/revisions\/2816"}],"wp:attachment":[{"href":"http:\/\/wolfsreise.d-l-w.de\/index.php?rest_route=%2Fwp%2Fv2%2Fmedia&parent=2175"}],"wp:term":[{"taxonomy":"category","embeddable":true,"href":"http:\/\/wolfsreise.d-l-w.de\/index.php?rest_route=%2Fwp%2Fv2%2Fcategories&post=2175"},{"taxonomy":"post_tag","embeddable":true,"href":"http:\/\/wolfsreise.d-l-w.de\/index.php?rest_route=%2Fwp%2Fv2%2Ftags&post=2175"}],"curies":[{"name":"wp","href":"https:\/\/api.w.org\/{rel}","templated":true}]}}