{"id":2164,"date":"2019-08-18T22:30:41","date_gmt":"2019-08-18T20:30:41","guid":{"rendered":"http:\/\/wolfsreise.d-l-w.de\/?p=2164"},"modified":"2019-08-21T20:30:47","modified_gmt":"2019-08-21T18:30:47","slug":"die-fresken-von-brioud-und-lavadieu","status":"publish","type":"post","link":"http:\/\/wolfsreise.d-l-w.de\/?p=2164","title":{"rendered":"Die Fresken von Brioude und Lavaudieu"},"content":{"rendered":"\n<p>Alte und noch \u00e4ltere Fresken s\u00e4umen unseren Weg, den der romanisch-gotischen Krichen, Basiliken und Kapellen, ohne dass wir den Jakobsweg gehen wollen w\u00fcrden. Aber wir treffen ihn immer wieder, schlie\u00dflich war er fast \u00fcberall, um dann geb\u00fcndelt in S\u00fcdfrankreich die Pyren\u00e4en zu \u00fcberwinden. Also besuchen wir erneut zwei Sterne-Kirchen, die ganz wunderbar sind. <\/p>\n\n\n\n<p>Die Basilika von Brioude im \u00dcbergang zur Gothik mit den \u00e4ltesten Fresken der Auvergne, bestens erhalten und konktrastiert mit neuen Kirchenfenstern eines chinesisch-belgischen Glask\u00fcstlers, die frisches Licht ins alte Gem\u00e4uer bringen.<\/p>\n\n\n\n<figure class=\"wp-block-image\"><img loading=\"lazy\" decoding=\"async\" width=\"1024\" height=\"768\" src=\"http:\/\/wolfsreise.d-l-w.de\/wp-content\/uploads\/2019\/08\/B35B174F-2687-4C64-84A4-492C9D71F323-1024x768.jpeg\" alt=\"\" class=\"wp-image-2167\" srcset=\"http:\/\/wolfsreise.d-l-w.de\/wp-content\/uploads\/2019\/08\/B35B174F-2687-4C64-84A4-492C9D71F323-1024x768.jpeg 1024w, http:\/\/wolfsreise.d-l-w.de\/wp-content\/uploads\/2019\/08\/B35B174F-2687-4C64-84A4-492C9D71F323-150x113.jpeg 150w, http:\/\/wolfsreise.d-l-w.de\/wp-content\/uploads\/2019\/08\/B35B174F-2687-4C64-84A4-492C9D71F323-300x225.jpeg 300w, http:\/\/wolfsreise.d-l-w.de\/wp-content\/uploads\/2019\/08\/B35B174F-2687-4C64-84A4-492C9D71F323-768x576.jpeg 768w, http:\/\/wolfsreise.d-l-w.de\/wp-content\/uploads\/2019\/08\/B35B174F-2687-4C64-84A4-492C9D71F323.jpeg 2048w\" sizes=\"(max-width: 767px) 89vw, (max-width: 1000px) 54vw, (max-width: 1071px) 543px, 580px\" \/><figcaption>Kleine und gr\u00f6\u00dfere Monster haben Angst, Ehrfurcht und Schrecken verbreitet. Wer nicht lesen konnte, musste glauben.<\/figcaption><\/figure>\n\n\n\n<figure class=\"wp-block-image\"><img loading=\"lazy\" decoding=\"async\" width=\"768\" height=\"1024\" src=\"http:\/\/wolfsreise.d-l-w.de\/wp-content\/uploads\/2019\/08\/74F97E96-CA53-450D-B15B-FD59CE985CEE-e1566159421492-768x1024.jpeg\" alt=\"\" class=\"wp-image-2168\" srcset=\"http:\/\/wolfsreise.d-l-w.de\/wp-content\/uploads\/2019\/08\/74F97E96-CA53-450D-B15B-FD59CE985CEE-e1566159421492-768x1024.jpeg 768w, http:\/\/wolfsreise.d-l-w.de\/wp-content\/uploads\/2019\/08\/74F97E96-CA53-450D-B15B-FD59CE985CEE-e1566159421492-113x150.jpeg 113w, http:\/\/wolfsreise.d-l-w.de\/wp-content\/uploads\/2019\/08\/74F97E96-CA53-450D-B15B-FD59CE985CEE-e1566159421492-225x300.jpeg 225w, http:\/\/wolfsreise.d-l-w.de\/wp-content\/uploads\/2019\/08\/74F97E96-CA53-450D-B15B-FD59CE985CEE-e1566159421492.jpeg 1536w\" sizes=\"(max-width: 767px) 89vw, (max-width: 1000px) 54vw, (max-width: 1071px) 543px, 580px\" \/><\/figure>\n\n\n\n<figure class=\"wp-block-image\"><img loading=\"lazy\" decoding=\"async\" width=\"768\" height=\"1024\" src=\"http:\/\/wolfsreise.d-l-w.de\/wp-content\/uploads\/2019\/08\/E3AF181B-D7D1-4438-9013-5D5DBDBCBDCE-e1566159500264-768x1024.jpeg\" alt=\"\" class=\"wp-image-2169\" srcset=\"http:\/\/wolfsreise.d-l-w.de\/wp-content\/uploads\/2019\/08\/E3AF181B-D7D1-4438-9013-5D5DBDBCBDCE-e1566159500264-768x1024.jpeg 768w, http:\/\/wolfsreise.d-l-w.de\/wp-content\/uploads\/2019\/08\/E3AF181B-D7D1-4438-9013-5D5DBDBCBDCE-e1566159500264-113x150.jpeg 113w, http:\/\/wolfsreise.d-l-w.de\/wp-content\/uploads\/2019\/08\/E3AF181B-D7D1-4438-9013-5D5DBDBCBDCE-e1566159500264-225x300.jpeg 225w, http:\/\/wolfsreise.d-l-w.de\/wp-content\/uploads\/2019\/08\/E3AF181B-D7D1-4438-9013-5D5DBDBCBDCE-e1566159500264.jpeg 1536w\" sizes=\"(max-width: 767px) 89vw, (max-width: 1000px) 54vw, (max-width: 1071px) 543px, 580px\" \/><\/figure>\n\n\n\n<figure class=\"wp-block-image\"><img loading=\"lazy\" decoding=\"async\" width=\"768\" height=\"1024\" src=\"http:\/\/wolfsreise.d-l-w.de\/wp-content\/uploads\/2019\/08\/E194B002-0D34-4CEC-BB28-65D62D473E7C-e1566159468847-768x1024.jpeg\" alt=\"\" class=\"wp-image-2170\" srcset=\"http:\/\/wolfsreise.d-l-w.de\/wp-content\/uploads\/2019\/08\/E194B002-0D34-4CEC-BB28-65D62D473E7C-e1566159468847-768x1024.jpeg 768w, http:\/\/wolfsreise.d-l-w.de\/wp-content\/uploads\/2019\/08\/E194B002-0D34-4CEC-BB28-65D62D473E7C-e1566159468847-113x150.jpeg 113w, http:\/\/wolfsreise.d-l-w.de\/wp-content\/uploads\/2019\/08\/E194B002-0D34-4CEC-BB28-65D62D473E7C-e1566159468847-225x300.jpeg 225w, http:\/\/wolfsreise.d-l-w.de\/wp-content\/uploads\/2019\/08\/E194B002-0D34-4CEC-BB28-65D62D473E7C-e1566159468847.jpeg 1536w\" sizes=\"(max-width: 767px) 89vw, (max-width: 1000px) 54vw, (max-width: 1071px) 543px, 580px\" \/><\/figure>\n\n\n\n<p>Das Kloster von Lavaudieu<\/p>\n\n\n\n<p>Zuvor, als noch die reichen christlichen Fr\u00e4uleins dort wohnten und ihre Familien dem Kloster mit reichlichen Gaben, L\u00e4ndereien, Geldgeschenken und sonstigen Besitzt\u00fcmern f\u00fcr das Ansehen des Klosters sorgten, und wenn eine dieser Damen dann verstarb, hatte der Prior das Recht ihre pers\u00f6nliche Habe (M\u00f6bel, Schmuck und was auch immer) zu ver\u00e4u\u00dfern. So kamen die umliegenden Farmer zu allerlei Besonderem.<\/p>\n\n\n\n<p>Noch eine Besonderheit sind die schwarzen Perlen, die aus Kohlenstoff und Glas den Schmuck der Frauen der Region bildeten. Sie waren teuer und so kauften die Frauen im Laufe ihres Lebens immer einige Perlen dazu, um sie ihrer Stola anzuf\u00fcgen. Denn das geringe Entgeld, das sie mit ihrer Spitzenkl\u00f6ppelei hinzu verdienen konnten, geh\u00f6rte ihnen pers\u00f6nlich. Der Tuchh\u00e4ndler machte mit einer Dame aus dem Ort einen Vertrag \u00fcber die Abnahme und bestimmte, was in den langen Wintermonaten zu arbeiten war: Muster, Gr\u00f6\u00dfe, L\u00e4nge, Farbe &#8230;<\/p>\n\n\n\n<figure class=\"wp-block-image\"><img loading=\"lazy\" decoding=\"async\" width=\"1024\" height=\"768\" src=\"http:\/\/wolfsreise.d-l-w.de\/wp-content\/uploads\/2019\/08\/11DB96CA-4A94-499D-9D7F-4190F93C2C2B-1024x768.jpeg\" alt=\"\" class=\"wp-image-2172\" srcset=\"http:\/\/wolfsreise.d-l-w.de\/wp-content\/uploads\/2019\/08\/11DB96CA-4A94-499D-9D7F-4190F93C2C2B-1024x768.jpeg 1024w, http:\/\/wolfsreise.d-l-w.de\/wp-content\/uploads\/2019\/08\/11DB96CA-4A94-499D-9D7F-4190F93C2C2B-150x113.jpeg 150w, http:\/\/wolfsreise.d-l-w.de\/wp-content\/uploads\/2019\/08\/11DB96CA-4A94-499D-9D7F-4190F93C2C2B-300x225.jpeg 300w, http:\/\/wolfsreise.d-l-w.de\/wp-content\/uploads\/2019\/08\/11DB96CA-4A94-499D-9D7F-4190F93C2C2B-768x576.jpeg 768w, http:\/\/wolfsreise.d-l-w.de\/wp-content\/uploads\/2019\/08\/11DB96CA-4A94-499D-9D7F-4190F93C2C2B.jpeg 2048w\" sizes=\"(max-width: 767px) 89vw, (max-width: 1000px) 54vw, (max-width: 1071px) 543px, 580px\" \/><figcaption> Das Musterbuch der kl\u00f6ppelnden Damen<\/figcaption><\/figure>\n\n\n\n<p>Man trug schwarz, Frau und Mann. Hatte einen Sonntagsornat, in dem geheiratet und mit dem man beerdigt wurde. Die Frauen erhielten ein besonderes Hochzeitsgeschenk vom Gatten. Ein sehr gro\u00dfes Tuch, ehemals gewebt aus Kaschmir und teuer erkauft aus England. Daf\u00fcr musste der Br\u00e4utigam lange sparen. Sp\u00e4ter, als das maschinelle Weben auch Frankreich erreichte, wurde es billiger,  in Lyon webte man diese T\u00fccher dann aus Seide und feinem Leinen.<\/p>\n\n\n\n<p>Starb die Besitzerin, wollte jede Hinterbliebene ein Erinnerungsst\u00fcck behalten. So wurden die T\u00fccher in kleine Streifen zerschnitten und vererbt. Daher findet man sie heute kaum mehr. Ebenso wie den schwarzen Perlenschmuck, der mit seiner Stickerei kaum mehr existiert.<\/p>\n\n\n\n<figure class=\"wp-block-image\"><img loading=\"lazy\" decoding=\"async\" width=\"768\" height=\"1024\" src=\"http:\/\/wolfsreise.d-l-w.de\/wp-content\/uploads\/2019\/08\/AD04E768-16F7-4DF8-AFA1-545BDDF1AAD3-e1565625463447-768x1024.jpeg\" alt=\"\" class=\"wp-image-2147\" srcset=\"http:\/\/wolfsreise.d-l-w.de\/wp-content\/uploads\/2019\/08\/AD04E768-16F7-4DF8-AFA1-545BDDF1AAD3-e1565625463447-768x1024.jpeg 768w, http:\/\/wolfsreise.d-l-w.de\/wp-content\/uploads\/2019\/08\/AD04E768-16F7-4DF8-AFA1-545BDDF1AAD3-e1565625463447-113x150.jpeg 113w, http:\/\/wolfsreise.d-l-w.de\/wp-content\/uploads\/2019\/08\/AD04E768-16F7-4DF8-AFA1-545BDDF1AAD3-e1565625463447-225x300.jpeg 225w, http:\/\/wolfsreise.d-l-w.de\/wp-content\/uploads\/2019\/08\/AD04E768-16F7-4DF8-AFA1-545BDDF1AAD3-e1565625463447.jpeg 1536w\" sizes=\"(max-width: 767px) 89vw, (max-width: 1000px) 54vw, (max-width: 1071px) 543px, 580px\" \/><figcaption>Wenn die B\u00e4nder des H\u00e4ubchens&nbsp;&nbsp;nicht verknotet waren, war die junge Maid noch zu haben. Nach der Hochzeit blieben die Knoten fest verschlossen.<\/figcaption><\/figure>\n\n\n\n<p>Was hab\u2019s noch Besonderes?&nbsp;<\/p>\n\n\n\n<p>Die Bettpfanne waren ganz andere als bei uns. Es wurden gro\u00dfe, filigrane Holzgestelle gebaut, konisch zulaufend, so da so sie unter die Bettdecke geschoben werden konnten. In der Mitte stand ein Metallk\u00e4stchen mit Hei\u00dfen Kohlen, ohne die W\u00e4sche zu ber\u00fchren und zu verschmutzen. Leider habe ich vergessen es zu fotografieren.<\/p>\n\n\n\n<p>Inzwischen sind wir in der Vulkanregion gelandet, Temperatursturz von 28 auf 15 Grad, Wasser von oben und Nebel auf ganzer Fl\u00e4che. Wir stehen auf dem Campingplatz mit der umwerfenden Aussicht auf das Bergmassiv. Was sehen wir? Nix!!! Hoffnung auf morgen.<\/p>\n","protected":false},"excerpt":{"rendered":"<p>Alte und noch \u00e4ltere Fresken s\u00e4umen unseren Weg, den der romanisch-gotischen Krichen, Basiliken und Kapellen, ohne dass wir den Jakobsweg gehen wollen w\u00fcrden. Aber wir treffen ihn immer wieder, schlie\u00dflich war er fast \u00fcberall, um dann geb\u00fcndelt in S\u00fcdfrankreich die Pyren\u00e4en zu \u00fcberwinden. Also besuchen wir erneut zwei Sterne-Kirchen, die ganz wunderbar sind. Die Basilika &hellip; <\/p>\n<p class=\"link-more\"><a href=\"http:\/\/wolfsreise.d-l-w.de\/?p=2164\" class=\"more-link\"><span class=\"screen-reader-text\">\u201eDie Fresken von Brioude und Lavaudieu\u201c<\/span> weiterlesen<\/a><\/p>\n","protected":false},"author":2,"featured_media":0,"comment_status":"open","ping_status":"open","sticky":false,"template":"","format":"standard","meta":{"footnotes":""},"categories":[9],"tags":[],"class_list":["post-2164","post","type-post","status-publish","format-standard","hentry","category-europa-2019"],"_links":{"self":[{"href":"http:\/\/wolfsreise.d-l-w.de\/index.php?rest_route=\/wp\/v2\/posts\/2164"}],"collection":[{"href":"http:\/\/wolfsreise.d-l-w.de\/index.php?rest_route=\/wp\/v2\/posts"}],"about":[{"href":"http:\/\/wolfsreise.d-l-w.de\/index.php?rest_route=\/wp\/v2\/types\/post"}],"author":[{"embeddable":true,"href":"http:\/\/wolfsreise.d-l-w.de\/index.php?rest_route=\/wp\/v2\/users\/2"}],"replies":[{"embeddable":true,"href":"http:\/\/wolfsreise.d-l-w.de\/index.php?rest_route=%2Fwp%2Fv2%2Fcomments&post=2164"}],"version-history":[{"count":7,"href":"http:\/\/wolfsreise.d-l-w.de\/index.php?rest_route=\/wp\/v2\/posts\/2164\/revisions"}],"predecessor-version":[{"id":2247,"href":"http:\/\/wolfsreise.d-l-w.de\/index.php?rest_route=\/wp\/v2\/posts\/2164\/revisions\/2247"}],"wp:attachment":[{"href":"http:\/\/wolfsreise.d-l-w.de\/index.php?rest_route=%2Fwp%2Fv2%2Fmedia&parent=2164"}],"wp:term":[{"taxonomy":"category","embeddable":true,"href":"http:\/\/wolfsreise.d-l-w.de\/index.php?rest_route=%2Fwp%2Fv2%2Fcategories&post=2164"},{"taxonomy":"post_tag","embeddable":true,"href":"http:\/\/wolfsreise.d-l-w.de\/index.php?rest_route=%2Fwp%2Fv2%2Ftags&post=2164"}],"curies":[{"name":"wp","href":"https:\/\/api.w.org\/{rel}","templated":true}]}}