{"id":2157,"date":"2019-08-13T21:42:27","date_gmt":"2019-08-13T19:42:27","guid":{"rendered":"http:\/\/wolfsreise.d-l-w.de\/?p=2157"},"modified":"2019-08-21T20:17:14","modified_gmt":"2019-08-21T18:17:14","slug":"um-die-puys-gehts-rund","status":"publish","type":"post","link":"http:\/\/wolfsreise.d-l-w.de\/?p=2157","title":{"rendered":"Um die Puys geht\u2019s rund"},"content":{"rendered":"\n<p>Nach dem gro\u00dfen Gewitter und bei Wandertemperaturen steigern wir unsere  Kilometerleistung auf ganze 10 und umrunden den Puy &#8230;, laufen im Schatten, in der Sonne, zwischen Schafen und vor allem Schafsk\u00f6tteln hinauf auf den eher kleine H\u00fcgel, wo uns eine Kunstinstallation \u00fcberrascht.<\/p>\n\n\n\n<figure class=\"wp-block-image\"><img loading=\"lazy\" decoding=\"async\" width=\"1024\" height=\"768\" src=\"http:\/\/wolfsreise.d-l-w.de\/wp-content\/uploads\/2019\/08\/B7955A46-421F-4D6A-A8E0-FBE9962B4F8C-1024x768.jpeg\" alt=\"\" class=\"wp-image-2159\" srcset=\"http:\/\/wolfsreise.d-l-w.de\/wp-content\/uploads\/2019\/08\/B7955A46-421F-4D6A-A8E0-FBE9962B4F8C-1024x768.jpeg 1024w, http:\/\/wolfsreise.d-l-w.de\/wp-content\/uploads\/2019\/08\/B7955A46-421F-4D6A-A8E0-FBE9962B4F8C-150x113.jpeg 150w, http:\/\/wolfsreise.d-l-w.de\/wp-content\/uploads\/2019\/08\/B7955A46-421F-4D6A-A8E0-FBE9962B4F8C-300x225.jpeg 300w, http:\/\/wolfsreise.d-l-w.de\/wp-content\/uploads\/2019\/08\/B7955A46-421F-4D6A-A8E0-FBE9962B4F8C-768x576.jpeg 768w, http:\/\/wolfsreise.d-l-w.de\/wp-content\/uploads\/2019\/08\/B7955A46-421F-4D6A-A8E0-FBE9962B4F8C.jpeg 2048w\" sizes=\"(max-width: 767px) 89vw, (max-width: 1000px) 54vw, (max-width: 1071px) 543px, 580px\" \/><figcaption>Vulkanlandschaft mit wilden Wolken.<\/figcaption><\/figure>\n\n\n\n<figure class=\"wp-block-image\"><img loading=\"lazy\" decoding=\"async\" width=\"1024\" height=\"768\" src=\"http:\/\/wolfsreise.d-l-w.de\/wp-content\/uploads\/2019\/08\/4640D0CE-6196-46E2-8FD1-993655944FFD-1024x768.jpeg\" alt=\"\" class=\"wp-image-2160\" srcset=\"http:\/\/wolfsreise.d-l-w.de\/wp-content\/uploads\/2019\/08\/4640D0CE-6196-46E2-8FD1-993655944FFD-1024x768.jpeg 1024w, http:\/\/wolfsreise.d-l-w.de\/wp-content\/uploads\/2019\/08\/4640D0CE-6196-46E2-8FD1-993655944FFD-150x113.jpeg 150w, http:\/\/wolfsreise.d-l-w.de\/wp-content\/uploads\/2019\/08\/4640D0CE-6196-46E2-8FD1-993655944FFD-300x225.jpeg 300w, http:\/\/wolfsreise.d-l-w.de\/wp-content\/uploads\/2019\/08\/4640D0CE-6196-46E2-8FD1-993655944FFD-768x576.jpeg 768w, http:\/\/wolfsreise.d-l-w.de\/wp-content\/uploads\/2019\/08\/4640D0CE-6196-46E2-8FD1-993655944FFD.jpeg 2048w\" sizes=\"(max-width: 767px) 89vw, (max-width: 1000px) 54vw, (max-width: 1071px) 543px, 580px\" \/><figcaption>Welche Rasse sie sind, keine Ahnung, aber ganz h\u00fcbsch.<\/figcaption><\/figure>\n\n\n\n<figure class=\"wp-block-image\"><img loading=\"lazy\" decoding=\"async\" width=\"1024\" height=\"768\" src=\"http:\/\/wolfsreise.d-l-w.de\/wp-content\/uploads\/2019\/08\/F228E19E-E706-4C7E-88A3-B7F4E9CED447-1024x768.jpeg\" alt=\"\" class=\"wp-image-2161\" srcset=\"http:\/\/wolfsreise.d-l-w.de\/wp-content\/uploads\/2019\/08\/F228E19E-E706-4C7E-88A3-B7F4E9CED447-1024x768.jpeg 1024w, http:\/\/wolfsreise.d-l-w.de\/wp-content\/uploads\/2019\/08\/F228E19E-E706-4C7E-88A3-B7F4E9CED447-150x113.jpeg 150w, http:\/\/wolfsreise.d-l-w.de\/wp-content\/uploads\/2019\/08\/F228E19E-E706-4C7E-88A3-B7F4E9CED447-300x225.jpeg 300w, http:\/\/wolfsreise.d-l-w.de\/wp-content\/uploads\/2019\/08\/F228E19E-E706-4C7E-88A3-B7F4E9CED447-768x576.jpeg 768w, http:\/\/wolfsreise.d-l-w.de\/wp-content\/uploads\/2019\/08\/F228E19E-E706-4C7E-88A3-B7F4E9CED447.jpeg 2048w\" sizes=\"(max-width: 767px) 89vw, (max-width: 1000px) 54vw, (max-width: 1071px) 543px, 580px\" \/><figcaption>N.N. Mit Gl\u00f6ckchen, Musik, wenn der Wind rauscht. Sonst m\u00e4hm\u00e4h und Stille am Berg.<\/figcaption><\/figure>\n\n\n\n<p>In den D\u00f6rfern, durch die wir laufen oder die wir streifen, gibt es au\u00dfer Bauernh\u00f6fen, K\u00fchen und Misthaufens nix &#8211; keine Bar, kein Kaffee &#8211; wie schade.<\/p>\n","protected":false},"excerpt":{"rendered":"<p>Nach dem gro\u00dfen Gewitter und bei Wandertemperaturen steigern wir unsere Kilometerleistung auf ganze 10 und umrunden den Puy &#8230;, laufen im Schatten, in der Sonne, zwischen Schafen und vor allem Schafsk\u00f6tteln hinauf auf den eher kleine H\u00fcgel, wo uns eine Kunstinstallation \u00fcberrascht. In den D\u00f6rfern, durch die wir laufen oder die wir streifen, gibt es &hellip; <\/p>\n<p class=\"link-more\"><a href=\"http:\/\/wolfsreise.d-l-w.de\/?p=2157\" class=\"more-link\"><span class=\"screen-reader-text\">\u201eUm die Puys geht\u2019s rund\u201c<\/span> weiterlesen<\/a><\/p>\n","protected":false},"author":2,"featured_media":0,"comment_status":"open","ping_status":"open","sticky":false,"template":"","format":"standard","meta":{"footnotes":""},"categories":[9],"tags":[],"class_list":["post-2157","post","type-post","status-publish","format-standard","hentry","category-europa-2019"],"_links":{"self":[{"href":"http:\/\/wolfsreise.d-l-w.de\/index.php?rest_route=\/wp\/v2\/posts\/2157"}],"collection":[{"href":"http:\/\/wolfsreise.d-l-w.de\/index.php?rest_route=\/wp\/v2\/posts"}],"about":[{"href":"http:\/\/wolfsreise.d-l-w.de\/index.php?rest_route=\/wp\/v2\/types\/post"}],"author":[{"embeddable":true,"href":"http:\/\/wolfsreise.d-l-w.de\/index.php?rest_route=\/wp\/v2\/users\/2"}],"replies":[{"embeddable":true,"href":"http:\/\/wolfsreise.d-l-w.de\/index.php?rest_route=%2Fwp%2Fv2%2Fcomments&post=2157"}],"version-history":[{"count":4,"href":"http:\/\/wolfsreise.d-l-w.de\/index.php?rest_route=\/wp\/v2\/posts\/2157\/revisions"}],"predecessor-version":[{"id":2243,"href":"http:\/\/wolfsreise.d-l-w.de\/index.php?rest_route=\/wp\/v2\/posts\/2157\/revisions\/2243"}],"wp:attachment":[{"href":"http:\/\/wolfsreise.d-l-w.de\/index.php?rest_route=%2Fwp%2Fv2%2Fmedia&parent=2157"}],"wp:term":[{"taxonomy":"category","embeddable":true,"href":"http:\/\/wolfsreise.d-l-w.de\/index.php?rest_route=%2Fwp%2Fv2%2Fcategories&post=2157"},{"taxonomy":"post_tag","embeddable":true,"href":"http:\/\/wolfsreise.d-l-w.de\/index.php?rest_route=%2Fwp%2Fv2%2Ftags&post=2157"}],"curies":[{"name":"wp","href":"https:\/\/api.w.org\/{rel}","templated":true}]}}