{"id":2136,"date":"2019-08-12T18:15:20","date_gmt":"2019-08-12T16:15:20","guid":{"rendered":"http:\/\/wolfsreise.d-l-w.de\/?p=2136"},"modified":"2019-08-13T12:06:15","modified_gmt":"2019-08-13T10:06:15","slug":"die-auvergne-wartet-auf","status":"publish","type":"post","link":"http:\/\/wolfsreise.d-l-w.de\/?p=2136","title":{"rendered":"Die Auvergne wartet auf &#8230;"},"content":{"rendered":"\n<p>Mit charmanten St\u00e4dtchen, alles bergig mit unendlich vielen Stufen, Treppen, H\u00e4ngen, Pfaden, immer bergauf, denn dort sehen die Basiliken, Kathedralen und Dome im typischen Stil der Auvergne. Alt, \u00e4lter, am \u00e4ltesten ist die Konkurrenz. Mit dem 8. Jahrhundert geht\u2019s los. Und wir sammeln Kirchen und Sterne:<\/p>\n\n\n\n<figure class=\"wp-block-image\"><img loading=\"lazy\" decoding=\"async\" width=\"768\" height=\"1024\" src=\"http:\/\/wolfsreise.d-l-w.de\/wp-content\/uploads\/2019\/08\/08931815-57CD-4B12-8B2F-C39536AA78AB-e1565625762498-768x1024.jpeg\" alt=\"\" class=\"wp-image-2138\" srcset=\"http:\/\/wolfsreise.d-l-w.de\/wp-content\/uploads\/2019\/08\/08931815-57CD-4B12-8B2F-C39536AA78AB-e1565625762498-768x1024.jpeg 768w, http:\/\/wolfsreise.d-l-w.de\/wp-content\/uploads\/2019\/08\/08931815-57CD-4B12-8B2F-C39536AA78AB-e1565625762498-113x150.jpeg 113w, http:\/\/wolfsreise.d-l-w.de\/wp-content\/uploads\/2019\/08\/08931815-57CD-4B12-8B2F-C39536AA78AB-e1565625762498-225x300.jpeg 225w, http:\/\/wolfsreise.d-l-w.de\/wp-content\/uploads\/2019\/08\/08931815-57CD-4B12-8B2F-C39536AA78AB-e1565625762498.jpeg 1536w\" sizes=\"(max-width: 767px) 89vw, (max-width: 1000px) 54vw, (max-width: 1071px) 543px, 580px\" \/><figcaption>Mindestens und gef\u00fchlte 1000 Stufen bis zum Himmel<\/figcaption><\/figure>\n\n\n\n<p>Le Puy-en-Velay mit seiner Basilika, die schon auf r\u00f6mischen Tempeln aufbaut und die steilsten Stufen bis zum Altar hinauf besitzt, und wie nahezu alle Basiliken und Kirchen der Auvergne sind ihre T\u00fcrme aus dem dunkelroten bis braunen Lavastein gebaut, erg\u00e4nzt mit S\u00e4ulen aus grauem Basalt und Schmucksteinen aus rotem, gelben und fast wei\u00dfen Sandstein.<\/p>\n\n\n\n<figure class=\"wp-block-image\"><img loading=\"lazy\" decoding=\"async\" width=\"480\" height=\"640\" src=\"http:\/\/wolfsreise.d-l-w.de\/wp-content\/uploads\/2019\/08\/4AB0BBCF-6994-4265-96A9-3C3FE50ED094-e1565625732604.jpeg\" alt=\"\" class=\"wp-image-2141\" srcset=\"http:\/\/wolfsreise.d-l-w.de\/wp-content\/uploads\/2019\/08\/4AB0BBCF-6994-4265-96A9-3C3FE50ED094-e1565625732604.jpeg 480w, http:\/\/wolfsreise.d-l-w.de\/wp-content\/uploads\/2019\/08\/4AB0BBCF-6994-4265-96A9-3C3FE50ED094-e1565625732604-113x150.jpeg 113w, http:\/\/wolfsreise.d-l-w.de\/wp-content\/uploads\/2019\/08\/4AB0BBCF-6994-4265-96A9-3C3FE50ED094-e1565625732604-225x300.jpeg 225w\" sizes=\"(max-width: 480px) 100vw, 480px\" \/><figcaption>Le Puy\u2018s Kathedrale bei Nacht<\/figcaption><\/figure>\n\n\n\n<p>Brioude, mit den \u00e4ltesten noch erhaltenen Freseken in einer Kapelle der ersten Etage, modernen, lichtdurchflutenden Glasfenstern eines japanischen-belgischen Glasmalers, einem charmanten Samstagsmarkt und einer lebendigen Stadt,<\/p>\n\n\n\n<figure class=\"wp-block-image\"><img loading=\"lazy\" decoding=\"async\" width=\"1024\" height=\"768\" src=\"http:\/\/wolfsreise.d-l-w.de\/wp-content\/uploads\/2019\/08\/A07412AB-B992-4D1D-8508-2C6733142506-1024x768.jpeg\" alt=\"\" class=\"wp-image-2143\" srcset=\"http:\/\/wolfsreise.d-l-w.de\/wp-content\/uploads\/2019\/08\/A07412AB-B992-4D1D-8508-2C6733142506-1024x768.jpeg 1024w, http:\/\/wolfsreise.d-l-w.de\/wp-content\/uploads\/2019\/08\/A07412AB-B992-4D1D-8508-2C6733142506-150x113.jpeg 150w, http:\/\/wolfsreise.d-l-w.de\/wp-content\/uploads\/2019\/08\/A07412AB-B992-4D1D-8508-2C6733142506-300x225.jpeg 300w, http:\/\/wolfsreise.d-l-w.de\/wp-content\/uploads\/2019\/08\/A07412AB-B992-4D1D-8508-2C6733142506-768x576.jpeg 768w, http:\/\/wolfsreise.d-l-w.de\/wp-content\/uploads\/2019\/08\/A07412AB-B992-4D1D-8508-2C6733142506.jpeg 2048w\" sizes=\"(max-width: 767px) 89vw, (max-width: 1000px) 54vw, (max-width: 1071px) 543px, 580px\" \/><figcaption>Die \u00e4ltesten originalen Fresken in der Auvergne <\/figcaption><\/figure>\n\n\n\n<p>Lavaudieu mit einer alten Abtei f\u00fcr reiche  benediktischen Fr\u00e4uleins, gepl\u00fcndert in der Revolution, wiederaufgebaut und  um 1980 mit einem klitzekleinen Musum in einer alten B\u00e4ckerei und einer spannenden F\u00fchrung. Neu war mir zum Beispiel, dass w\u00e4hrend der franz\u00f6sischen Revolution mache D\u00f6rfer freiwillig ihre Kirchturmspitzen abbauten, um ihre Solidarit\u00e4t mit den Revolution\u00e4ren zu zeigen oder Schlimmeres zu verhindern. Dann nutzten sie das Kloster als Scheunen, Kuhstall oder zum Wohnen.<\/p>\n\n\n\n<figure class=\"wp-block-image\"><img loading=\"lazy\" decoding=\"async\" width=\"768\" height=\"1024\" src=\"http:\/\/wolfsreise.d-l-w.de\/wp-content\/uploads\/2019\/08\/A74F7799-43CD-46C0-BB59-51EBDCB1E6A3-e1565625596332-768x1024.jpeg\" alt=\"\" class=\"wp-image-2146\" srcset=\"http:\/\/wolfsreise.d-l-w.de\/wp-content\/uploads\/2019\/08\/A74F7799-43CD-46C0-BB59-51EBDCB1E6A3-e1565625596332-768x1024.jpeg 768w, http:\/\/wolfsreise.d-l-w.de\/wp-content\/uploads\/2019\/08\/A74F7799-43CD-46C0-BB59-51EBDCB1E6A3-e1565625596332-113x150.jpeg 113w, http:\/\/wolfsreise.d-l-w.de\/wp-content\/uploads\/2019\/08\/A74F7799-43CD-46C0-BB59-51EBDCB1E6A3-e1565625596332-225x300.jpeg 225w, http:\/\/wolfsreise.d-l-w.de\/wp-content\/uploads\/2019\/08\/A74F7799-43CD-46C0-BB59-51EBDCB1E6A3-e1565625596332.jpeg 1536w\" sizes=\"(max-width: 767px) 89vw, (max-width: 1000px) 54vw, (max-width: 1071px) 543px, 580px\" \/><figcaption>Die Revolution hat zugeschlagen und ein Gerippe zur\u00fcck gelassen.<\/figcaption><\/figure>\n\n\n\n<figure class=\"wp-block-image\"><img loading=\"lazy\" decoding=\"async\" width=\"1024\" height=\"768\" src=\"http:\/\/wolfsreise.d-l-w.de\/wp-content\/uploads\/2019\/08\/9080C9FA-ACEA-4F9F-9271-B2C63D018B29-1024x768.jpeg\" alt=\"\" class=\"wp-image-2154\" srcset=\"http:\/\/wolfsreise.d-l-w.de\/wp-content\/uploads\/2019\/08\/9080C9FA-ACEA-4F9F-9271-B2C63D018B29-1024x768.jpeg 1024w, http:\/\/wolfsreise.d-l-w.de\/wp-content\/uploads\/2019\/08\/9080C9FA-ACEA-4F9F-9271-B2C63D018B29-150x113.jpeg 150w, http:\/\/wolfsreise.d-l-w.de\/wp-content\/uploads\/2019\/08\/9080C9FA-ACEA-4F9F-9271-B2C63D018B29-300x225.jpeg 300w, http:\/\/wolfsreise.d-l-w.de\/wp-content\/uploads\/2019\/08\/9080C9FA-ACEA-4F9F-9271-B2C63D018B29-768x576.jpeg 768w, http:\/\/wolfsreise.d-l-w.de\/wp-content\/uploads\/2019\/08\/9080C9FA-ACEA-4F9F-9271-B2C63D018B29.jpeg 2048w\" sizes=\"(max-width: 767px) 89vw, (max-width: 1000px) 54vw, (max-width: 1071px) 543px, 580px\" \/><figcaption>Das einzige Fresko, das eine Frau als Tod zeigt, die ihre t\u00f6dlichen Pfeile wahlllos auf die Menschen wirft.<\/figcaption><\/figure>\n\n\n\n<p>Zuvor, als noch die reichen christlichen Fr\u00e4uleins dort wohnten und ihre Familien dem Kloster mit reichlichen Gaben, L\u00e4ndereien, Geldgeschenken und sonstigen Besitzt\u00fcmern f\u00fcr das Ansehen des Klosters sorgten, und wenn eine dieser Damen dann verstarb, hatte der Prior das Recht ihre Pers\u00f6nlichen Habe (M\u00f6bel, Schmuck und was auch immer) zu ver\u00e4u\u00dfern. So kamen die umliegenden Farmer zu allerlei Besonderem.<\/p>\n\n\n\n<p>Noch eine Besonderheit sind die schwarzen Perlen, die aus Kohlenstoff und Glas den Schmuck der Frauen der Region bildeten. Sie waren teuer u d so kauften die Frauen im Laufe ihres Lebens immer einige Perlen dazu, um sie ihrer Stola anzuf\u00fcgen. Denn das geringe Endgeld, was sie f\u00fcr ihre Spitzenkl\u00f6ppeleien hinzu verdienen k\u00f6nnten, geh\u00f6rte ihnen pers\u00f6nlich. Der Tuchh\u00e4ndler machte mit einer Dame aus dem Ort einen Vertrag \u00fcber die Abnahme und bestimmte, was in den langen Wintermonaten zu arbeiten war: Muster, Gr\u00f6\u00dfe, L\u00e4nge, Farbe &#8230;<\/p>\n\n\n\n<figure class=\"wp-block-image\"><img loading=\"lazy\" decoding=\"async\" width=\"1024\" height=\"768\" src=\"http:\/\/wolfsreise.d-l-w.de\/wp-content\/uploads\/2019\/08\/AFFB86DA-6ADB-4BA0-94CD-45CFCF1F81C0-1024x768.jpeg\" alt=\"\" class=\"wp-image-2148\" srcset=\"http:\/\/wolfsreise.d-l-w.de\/wp-content\/uploads\/2019\/08\/AFFB86DA-6ADB-4BA0-94CD-45CFCF1F81C0-1024x768.jpeg 1024w, http:\/\/wolfsreise.d-l-w.de\/wp-content\/uploads\/2019\/08\/AFFB86DA-6ADB-4BA0-94CD-45CFCF1F81C0-150x113.jpeg 150w, http:\/\/wolfsreise.d-l-w.de\/wp-content\/uploads\/2019\/08\/AFFB86DA-6ADB-4BA0-94CD-45CFCF1F81C0-300x225.jpeg 300w, http:\/\/wolfsreise.d-l-w.de\/wp-content\/uploads\/2019\/08\/AFFB86DA-6ADB-4BA0-94CD-45CFCF1F81C0-768x576.jpeg 768w, http:\/\/wolfsreise.d-l-w.de\/wp-content\/uploads\/2019\/08\/AFFB86DA-6ADB-4BA0-94CD-45CFCF1F81C0.jpeg 2048w\" sizes=\"(max-width: 767px) 89vw, (max-width: 1000px) 54vw, (max-width: 1071px) 543px, 580px\" \/><figcaption>Das Musterbuch f\u00fcr alle denkbaren F\u00e4lle.<\/figcaption><\/figure>\n\n\n\n<p>Man trug schwarz, Frau und Mann, hatte ein Sonntagsornat, in dem geheiratet und mit dem man beerdigt wurde. Die Frauen erhielten ein besonderes Hochzeitsgeschenk vom Gatten. Ein sehr gro\u00dfes Tuch, ehemals gewebt aus Kaschmir und teuer erkauft aus Indien. Daf\u00fcr m\u00fcsste der Br\u00e4utigam lange sparen. Sp\u00e4ter als das maschinelle Weben auch Frankreich erreichte, w\u00fcrde es billiger, denn in Lyon webte man diese T\u00fccher dann aus Seide und feinem Leinen.<\/p>\n\n\n\n<figure class=\"wp-block-image\"><img loading=\"lazy\" decoding=\"async\" width=\"768\" height=\"1024\" src=\"http:\/\/wolfsreise.d-l-w.de\/wp-content\/uploads\/2019\/08\/AD04E768-16F7-4DF8-AFA1-545BDDF1AAD3-e1565625463447-768x1024.jpeg\" alt=\"\" class=\"wp-image-2147\" srcset=\"http:\/\/wolfsreise.d-l-w.de\/wp-content\/uploads\/2019\/08\/AD04E768-16F7-4DF8-AFA1-545BDDF1AAD3-e1565625463447-768x1024.jpeg 768w, http:\/\/wolfsreise.d-l-w.de\/wp-content\/uploads\/2019\/08\/AD04E768-16F7-4DF8-AFA1-545BDDF1AAD3-e1565625463447-113x150.jpeg 113w, http:\/\/wolfsreise.d-l-w.de\/wp-content\/uploads\/2019\/08\/AD04E768-16F7-4DF8-AFA1-545BDDF1AAD3-e1565625463447-225x300.jpeg 225w, http:\/\/wolfsreise.d-l-w.de\/wp-content\/uploads\/2019\/08\/AD04E768-16F7-4DF8-AFA1-545BDDF1AAD3-e1565625463447.jpeg 1536w\" sizes=\"(max-width: 767px) 89vw, (max-width: 1000px) 54vw, (max-width: 1071px) 543px, 580px\" \/><figcaption>Wenn die B\u00e4nder des H\u00e4ubchens nicht verknotet waren, war die junge Maid noch zu haben. Nach der Hochzeit blieben die Knoten fest verschlossen.<\/figcaption><\/figure>\n\n\n\n<p>Starb die Besitzerin, wollte jede Hinterbliebene ein Erinnerungsst\u00fcck behalten. So wurden die T\u00fccher in kleine Streifen zerschnitten und vererbt. Daher findet man sie heute kaum mehr. Ebenso wie den schwarzen Perlenschmuck, der mit seiner Stickerei kaum mehr existiert.<\/p>\n\n\n\n<p>Was hab\u2019s noch Besonderes?&nbsp;<\/p>\n\n\n\n<p>Die Bettpfanne waren ganz andere als bei uns. Es wurden gro\u00dfe, filigrane Holzgestelle gebaut, konisch zulaufend, so da so sie unter die Bettdecke geschoben werden konnten. In der Mitte stand ein Metallk\u00e4stchen mit Hei\u00dfen Kohlen ohne die W\u00e4sche zu ber\u00fchren und zu verschmutzen. Leider habe ich vergessen es zu fotografieren.<\/p>\n\n\n\n<p>Inzwischen sind wir in der Vulkanregion gelandet, Temperatursturz von 28 auf 15 Grad, Wasser von oben und Nebel f\u00fcr ganzer Fl\u00e4che. Wir stehen auf dem Campingplatz mit der umwerfenden Aussicht auf das Bergmassiv. Was sehen wir? Nix!!! Hoffnung auf morgen.<\/p>\n","protected":false},"excerpt":{"rendered":"<p>Mit charmanten St\u00e4dtchen, alles bergig mit unendlich vielen Stufen, Treppen, H\u00e4ngen, Pfaden, immer bergauf, denn dort sehen die Basiliken, Kathedralen und Dome im typischen Stil der Auvergne. Alt, \u00e4lter, am \u00e4ltesten ist die Konkurrenz. Mit dem 8. Jahrhundert geht\u2019s los. Und wir sammeln Kirchen und Sterne: Le Puy-en-Velay mit seiner Basilika, die schon auf r\u00f6mischen &hellip; <\/p>\n<p class=\"link-more\"><a href=\"http:\/\/wolfsreise.d-l-w.de\/?p=2136\" class=\"more-link\"><span class=\"screen-reader-text\">\u201eDie Auvergne wartet auf &#8230;\u201c<\/span> weiterlesen<\/a><\/p>\n","protected":false},"author":2,"featured_media":0,"comment_status":"open","ping_status":"open","sticky":false,"template":"","format":"standard","meta":{"footnotes":""},"categories":[9],"tags":[],"class_list":["post-2136","post","type-post","status-publish","format-standard","hentry","category-europa-2019"],"_links":{"self":[{"href":"http:\/\/wolfsreise.d-l-w.de\/index.php?rest_route=\/wp\/v2\/posts\/2136"}],"collection":[{"href":"http:\/\/wolfsreise.d-l-w.de\/index.php?rest_route=\/wp\/v2\/posts"}],"about":[{"href":"http:\/\/wolfsreise.d-l-w.de\/index.php?rest_route=\/wp\/v2\/types\/post"}],"author":[{"embeddable":true,"href":"http:\/\/wolfsreise.d-l-w.de\/index.php?rest_route=\/wp\/v2\/users\/2"}],"replies":[{"embeddable":true,"href":"http:\/\/wolfsreise.d-l-w.de\/index.php?rest_route=%2Fwp%2Fv2%2Fcomments&post=2136"}],"version-history":[{"count":7,"href":"http:\/\/wolfsreise.d-l-w.de\/index.php?rest_route=\/wp\/v2\/posts\/2136\/revisions"}],"predecessor-version":[{"id":2155,"href":"http:\/\/wolfsreise.d-l-w.de\/index.php?rest_route=\/wp\/v2\/posts\/2136\/revisions\/2155"}],"wp:attachment":[{"href":"http:\/\/wolfsreise.d-l-w.de\/index.php?rest_route=%2Fwp%2Fv2%2Fmedia&parent=2136"}],"wp:term":[{"taxonomy":"category","embeddable":true,"href":"http:\/\/wolfsreise.d-l-w.de\/index.php?rest_route=%2Fwp%2Fv2%2Fcategories&post=2136"},{"taxonomy":"post_tag","embeddable":true,"href":"http:\/\/wolfsreise.d-l-w.de\/index.php?rest_route=%2Fwp%2Fv2%2Ftags&post=2136"}],"curies":[{"name":"wp","href":"https:\/\/api.w.org\/{rel}","templated":true}]}}