{"id":2119,"date":"2019-08-07T19:46:12","date_gmt":"2019-08-07T17:46:12","guid":{"rendered":"http:\/\/wolfsreise.d-l-w.de\/?p=2119"},"modified":"2019-08-07T22:53:22","modified_gmt":"2019-08-07T20:53:22","slug":"eine-farm-ein-mas-in-den-cevennen","status":"publish","type":"post","link":"http:\/\/wolfsreise.d-l-w.de\/?p=2119","title":{"rendered":"Eine Farm (ein Mas) in den Cevennen"},"content":{"rendered":"\n<figure class=\"wp-block-image\"><img loading=\"lazy\" decoding=\"async\" width=\"1024\" height=\"768\" src=\"http:\/\/wolfsreise.d-l-w.de\/wp-content\/uploads\/2019\/08\/D85645F0-77D0-4D30-97E5-8E4DCFB858B6-1024x768.jpeg\" alt=\"\" class=\"wp-image-2120\" srcset=\"http:\/\/wolfsreise.d-l-w.de\/wp-content\/uploads\/2019\/08\/D85645F0-77D0-4D30-97E5-8E4DCFB858B6-1024x768.jpeg 1024w, http:\/\/wolfsreise.d-l-w.de\/wp-content\/uploads\/2019\/08\/D85645F0-77D0-4D30-97E5-8E4DCFB858B6-150x112.jpeg 150w, http:\/\/wolfsreise.d-l-w.de\/wp-content\/uploads\/2019\/08\/D85645F0-77D0-4D30-97E5-8E4DCFB858B6-300x225.jpeg 300w, http:\/\/wolfsreise.d-l-w.de\/wp-content\/uploads\/2019\/08\/D85645F0-77D0-4D30-97E5-8E4DCFB858B6-768x576.jpeg 768w, http:\/\/wolfsreise.d-l-w.de\/wp-content\/uploads\/2019\/08\/D85645F0-77D0-4D30-97E5-8E4DCFB858B6.jpeg 1983w\" sizes=\"(max-width: 767px) 89vw, (max-width: 1000px) 54vw, (max-width: 1071px) 543px, 580px\" \/><figcaption>Heute aufs feinste renoviert, damals sicher ein dunkles, kaltes Bauernhaus enormer Ausma\u00dfe.<\/figcaption><\/figure>\n\n\n\n<p>68 ha hatte der Bauernhof, den wir besichtigen k\u00f6nnten. Basaltsteine f\u00fcr die dicken Mauern und schwere Basaltplatten auf dem Dach, zwei Etagen und viel Platz f\u00fcr die Tiere, wenig f\u00fcr die Menschen, die auf der unteren Ebene zusammen lebten. Oben, in der ersten Etage war nur Raum f\u00fcr Strohund Heu, um \u00fcber die langen Winter zu kommen. Alte Fotos zeigen zwei bis drei Meter hohe Schneemauern, vielleicht schon ab November, sicher aber bis in den April.\u00a0\u00a0Kurze, hoffentlich warme Sommer mit viel Arbeit teilten das Jahr in eine ganz aktive Zeit und vielleicht in eine etwas entspanntere Winterphase, um mit Subsistenzwirtschaft zu \u00fcberleben.<\/p>\n\n\n\n<figure class=\"wp-block-image\"><img loading=\"lazy\" decoding=\"async\" width=\"1024\" height=\"594\" src=\"http:\/\/wolfsreise.d-l-w.de\/wp-content\/uploads\/2019\/08\/04514C9C-7FCB-443D-85EB-49F052FE8645-1024x594.jpeg\" alt=\"\" class=\"wp-image-2123\" srcset=\"http:\/\/wolfsreise.d-l-w.de\/wp-content\/uploads\/2019\/08\/04514C9C-7FCB-443D-85EB-49F052FE8645-1024x594.jpeg 1024w, http:\/\/wolfsreise.d-l-w.de\/wp-content\/uploads\/2019\/08\/04514C9C-7FCB-443D-85EB-49F052FE8645-150x87.jpeg 150w, http:\/\/wolfsreise.d-l-w.de\/wp-content\/uploads\/2019\/08\/04514C9C-7FCB-443D-85EB-49F052FE8645-300x174.jpeg 300w, http:\/\/wolfsreise.d-l-w.de\/wp-content\/uploads\/2019\/08\/04514C9C-7FCB-443D-85EB-49F052FE8645-768x446.jpeg 768w, http:\/\/wolfsreise.d-l-w.de\/wp-content\/uploads\/2019\/08\/04514C9C-7FCB-443D-85EB-49F052FE8645.jpeg 1799w\" sizes=\"(max-width: 767px) 89vw, (max-width: 1000px) 54vw, (max-width: 1071px) 543px, 580px\" \/><figcaption>Farmhaus, heute umgenutzt als Restaurant <\/figcaption><\/figure>\n\n\n\n<p>Heute sind nur noch wenige Bauern aktiv, setzen auf Rinderhaltung und Weidewirtschaft. Kartoffeln und Gem\u00fcse bleibt bei der Familie. Schafe, eine traditionelle Landwirtschaft (Schlachtvieh wurde ja lebend bis in die gro\u00dfen St\u00e4dte des Nordens getrieben), sieht man nur noch sehr selten. Noch immer scheinen die Cevennen eine \u00e4rmere Region Frankreichs zu sein.  Zwischen 1846 und 1975 verlie\u00dfen mehr als zwei Drittel der  Bev\u00f6lkerungdie Region. Angeblich nimmt die Zahl der Menschen seitdem wieder zu.<\/p>\n\n\n\n<p>Heute werden aus E\u00dfkastanien allerlei Leckereien gezaubert. Damals war ein Esskastanienbaum die Lebensversicherung f\u00fcr ganz schwere Zeiten &#8211; als Mehl, Viehfutter, die Fr\u00fcchte in Honig eingelegt, vielleicht mal zu Weihnachten. Bl\u00e4tter, Rinde, Holz, alles fand Verwendung.<\/p>\n\n\n\n<figure class=\"wp-block-image\"><img loading=\"lazy\" decoding=\"async\" width=\"592\" height=\"349\" src=\"http:\/\/wolfsreise.d-l-w.de\/wp-content\/uploads\/2019\/08\/79F349ED-E60A-496F-A8C4-B523CE373C36.jpeg\" alt=\"\" class=\"wp-image-2121\" srcset=\"http:\/\/wolfsreise.d-l-w.de\/wp-content\/uploads\/2019\/08\/79F349ED-E60A-496F-A8C4-B523CE373C36.jpeg 592w, http:\/\/wolfsreise.d-l-w.de\/wp-content\/uploads\/2019\/08\/79F349ED-E60A-496F-A8C4-B523CE373C36-150x88.jpeg 150w, http:\/\/wolfsreise.d-l-w.de\/wp-content\/uploads\/2019\/08\/79F349ED-E60A-496F-A8C4-B523CE373C36-300x177.jpeg 300w\" sizes=\"(max-width: 592px) 100vw, 592px\" \/><figcaption>Die Jahresproduktion im \u00dcberblick.<\/figcaption><\/figure>\n\n\n\n<p>Inzwischen produzieren viele regionale Spezialit\u00e4ten und scheinen davon leben zu k\u00f6nnen. Ein Sirup-Liqueur-Marmeladen-Kr\u00e4utersammler und -Hersteller schafft es wohl mit seinem Spezialangebot davon zu leben und 1 bis 2 Arbeitspl\u00e4tze zu sichern. Aber das braucht jede Menge Idealismus. Auch wir kaufen ein sehr kleines, sehr teures Fl\u00e4schchen Vervenneliqueur. Ob es das bis Hannover schafft?<\/p>\n\n\n\n<p>Gut ist auch die Goldmelissenkonfit\u00fcre und das Vervenne-Sorbet. Keine Option f\u00fcr Hannover.\u00a0<\/p>\n\n\n\n<figure class=\"wp-block-image\"><img loading=\"lazy\" decoding=\"async\" width=\"1024\" height=\"768\" src=\"http:\/\/wolfsreise.d-l-w.de\/wp-content\/uploads\/2019\/08\/78BB874D-47B8-4821-BE3C-7EEDD7F6B4BE-1024x768.jpeg\" alt=\"\" class=\"wp-image-2125\" srcset=\"http:\/\/wolfsreise.d-l-w.de\/wp-content\/uploads\/2019\/08\/78BB874D-47B8-4821-BE3C-7EEDD7F6B4BE-1024x768.jpeg 1024w, http:\/\/wolfsreise.d-l-w.de\/wp-content\/uploads\/2019\/08\/78BB874D-47B8-4821-BE3C-7EEDD7F6B4BE-150x113.jpeg 150w, http:\/\/wolfsreise.d-l-w.de\/wp-content\/uploads\/2019\/08\/78BB874D-47B8-4821-BE3C-7EEDD7F6B4BE-300x225.jpeg 300w, http:\/\/wolfsreise.d-l-w.de\/wp-content\/uploads\/2019\/08\/78BB874D-47B8-4821-BE3C-7EEDD7F6B4BE-768x576.jpeg 768w, http:\/\/wolfsreise.d-l-w.de\/wp-content\/uploads\/2019\/08\/78BB874D-47B8-4821-BE3C-7EEDD7F6B4BE.jpeg 2048w\" sizes=\"(max-width: 767px) 89vw, (max-width: 1000px) 54vw, (max-width: 1071px) 543px, 580px\" \/><figcaption>Hochplateau der Cevennen mit aufragenden Basaltkuppen, schon in Platten gestapelt beim Auffalteten.<\/figcaption><\/figure>\n\n\n\n<p>Heute ist der Tourismus einer der wichtigsten \u00f6konomischen Faktoren. So sind die Angebote des Terroirs vielf\u00e4ltig. Von N\u00fcssen, Kastanien und daraus entwickelten Pasten und Suppen, von Tapenaden, Oliven oder Vervenneprodukten abgesehen, sind Pilze, getrocknet, eingelegt, zubereitet als Pulver wichtig und das Pilzfestival im November. Da sind wir dann nicht mehr hier. Und alle Konzerte, die uns interessieren, finden eine Woche sp\u00e4ter statt oder sind schon vorbei. Sehr komisch.<\/p>\n\n\n\n<figure class=\"wp-block-image\"><img loading=\"lazy\" decoding=\"async\" width=\"1024\" height=\"768\" src=\"http:\/\/wolfsreise.d-l-w.de\/wp-content\/uploads\/2019\/08\/C3574264-EE20-432F-9436-886304603560-1024x768.jpeg\" alt=\"\" class=\"wp-image-2128\" srcset=\"http:\/\/wolfsreise.d-l-w.de\/wp-content\/uploads\/2019\/08\/C3574264-EE20-432F-9436-886304603560-1024x768.jpeg 1024w, http:\/\/wolfsreise.d-l-w.de\/wp-content\/uploads\/2019\/08\/C3574264-EE20-432F-9436-886304603560-150x113.jpeg 150w, http:\/\/wolfsreise.d-l-w.de\/wp-content\/uploads\/2019\/08\/C3574264-EE20-432F-9436-886304603560-300x225.jpeg 300w, http:\/\/wolfsreise.d-l-w.de\/wp-content\/uploads\/2019\/08\/C3574264-EE20-432F-9436-886304603560-768x576.jpeg 768w, http:\/\/wolfsreise.d-l-w.de\/wp-content\/uploads\/2019\/08\/C3574264-EE20-432F-9436-886304603560.jpeg 2048w\" sizes=\"(max-width: 767px) 89vw, (max-width: 1000px) 54vw, (max-width: 1071px) 543px, 580px\" \/><figcaption>Gerade hat der Regen und haben die Gewitter aufgeh\u00f6rt. Jetzt dampft die Erde mit Nebelschleiern und dicke wei\u00dfe Wolken h\u00e4ngen in den Cevennen.<\/figcaption><\/figure>\n","protected":false},"excerpt":{"rendered":"<p>68 ha hatte der Bauernhof, den wir besichtigen k\u00f6nnten. Basaltsteine f\u00fcr die dicken Mauern und schwere Basaltplatten auf dem Dach, zwei Etagen und viel Platz f\u00fcr die Tiere, wenig f\u00fcr die Menschen, die auf der unteren Ebene zusammen lebten. Oben, in der ersten Etage war nur Raum f\u00fcr Strohund Heu, um \u00fcber die langen Winter &hellip; <\/p>\n<p class=\"link-more\"><a href=\"http:\/\/wolfsreise.d-l-w.de\/?p=2119\" class=\"more-link\"><span class=\"screen-reader-text\">\u201eEine Farm (ein Mas) in den Cevennen\u201c<\/span> weiterlesen<\/a><\/p>\n","protected":false},"author":2,"featured_media":0,"comment_status":"open","ping_status":"open","sticky":false,"template":"","format":"standard","meta":{"footnotes":""},"categories":[9],"tags":[],"class_list":["post-2119","post","type-post","status-publish","format-standard","hentry","category-europa-2019"],"_links":{"self":[{"href":"http:\/\/wolfsreise.d-l-w.de\/index.php?rest_route=\/wp\/v2\/posts\/2119"}],"collection":[{"href":"http:\/\/wolfsreise.d-l-w.de\/index.php?rest_route=\/wp\/v2\/posts"}],"about":[{"href":"http:\/\/wolfsreise.d-l-w.de\/index.php?rest_route=\/wp\/v2\/types\/post"}],"author":[{"embeddable":true,"href":"http:\/\/wolfsreise.d-l-w.de\/index.php?rest_route=\/wp\/v2\/users\/2"}],"replies":[{"embeddable":true,"href":"http:\/\/wolfsreise.d-l-w.de\/index.php?rest_route=%2Fwp%2Fv2%2Fcomments&post=2119"}],"version-history":[{"count":6,"href":"http:\/\/wolfsreise.d-l-w.de\/index.php?rest_route=\/wp\/v2\/posts\/2119\/revisions"}],"predecessor-version":[{"id":2133,"href":"http:\/\/wolfsreise.d-l-w.de\/index.php?rest_route=\/wp\/v2\/posts\/2119\/revisions\/2133"}],"wp:attachment":[{"href":"http:\/\/wolfsreise.d-l-w.de\/index.php?rest_route=%2Fwp%2Fv2%2Fmedia&parent=2119"}],"wp:term":[{"taxonomy":"category","embeddable":true,"href":"http:\/\/wolfsreise.d-l-w.de\/index.php?rest_route=%2Fwp%2Fv2%2Fcategories&post=2119"},{"taxonomy":"post_tag","embeddable":true,"href":"http:\/\/wolfsreise.d-l-w.de\/index.php?rest_route=%2Fwp%2Fv2%2Ftags&post=2119"}],"curies":[{"name":"wp","href":"https:\/\/api.w.org\/{rel}","templated":true}]}}