{"id":2101,"date":"2019-08-11T15:57:13","date_gmt":"2019-08-11T13:57:13","guid":{"rendered":"http:\/\/wolfsreise.d-l-w.de\/?p=2101"},"modified":"2019-08-11T15:57:13","modified_gmt":"2019-08-11T13:57:13","slug":"auf-in-die-cevennen","status":"publish","type":"post","link":"http:\/\/wolfsreise.d-l-w.de\/?p=2101","title":{"rendered":"Auf in die Cevennen"},"content":{"rendered":"\n<p>Pause auf Camping mit riesigem Schwimmbad, 1 1\/2 Tage nix tun, Liegestuhl, baden, Leute gucken, die uns, von Franzosen lernen die Handt\u00fccher den ganzen Tag auf der ergatterten Liege lassen, damit sie nicht weg kommt, kaltes Wasser und Kaffee in der Bar trinken, neuen H\u00e4ngematte (10\u20ac) nicht aufh\u00e4ngen , weil zu warm, gro\u00dfe W\u00e4sche waschen, lesen, malen, schreiben und auf einen k\u00fchleren Abend warten &#8230; das machen vor allem Niederl\u00e4nder und Franzosen mehrere Wochen. (Die Zweitsprache ist Holl\u00e4ndisch!) unsere geplante Radtour f\u00e4llt aus, sie stirbt den Hitzetod bei 40 Grad bleibt oder Ofen aus.<\/p>\n\n\n\n<figure class=\"wp-block-image\"><img loading=\"lazy\" decoding=\"async\" width=\"1024\" height=\"768\" src=\"http:\/\/wolfsreise.d-l-w.de\/wp-content\/uploads\/2019\/08\/FF5AEA3A-3962-458D-89A6-92538F2A8549-1024x768.jpeg\" alt=\"\" class=\"wp-image-2105\" srcset=\"http:\/\/wolfsreise.d-l-w.de\/wp-content\/uploads\/2019\/08\/FF5AEA3A-3962-458D-89A6-92538F2A8549-1024x768.jpeg 1024w, http:\/\/wolfsreise.d-l-w.de\/wp-content\/uploads\/2019\/08\/FF5AEA3A-3962-458D-89A6-92538F2A8549-150x113.jpeg 150w, http:\/\/wolfsreise.d-l-w.de\/wp-content\/uploads\/2019\/08\/FF5AEA3A-3962-458D-89A6-92538F2A8549-300x225.jpeg 300w, http:\/\/wolfsreise.d-l-w.de\/wp-content\/uploads\/2019\/08\/FF5AEA3A-3962-458D-89A6-92538F2A8549-768x576.jpeg 768w, http:\/\/wolfsreise.d-l-w.de\/wp-content\/uploads\/2019\/08\/FF5AEA3A-3962-458D-89A6-92538F2A8549.jpeg 2048w\" sizes=\"(max-width: 767px) 89vw, (max-width: 1000px) 54vw, (max-width: 1071px) 543px, 580px\" \/><figcaption>Hoch oben ist es auch nicht k\u00fchler, abwarten und keinen Tee trinken. (Installation in Gap)<\/figcaption><\/figure>\n\n\n\n<p>Aber es ist halt nicht unsere Welt. Also Abflug in die Berge, denn dort verspricht der Wetterbericht K\u00fchle und nach drei Monaten Gewitter und Regen. Jedenfalls kurz.<\/p>\n","protected":false},"excerpt":{"rendered":"<p>Pause auf Camping mit riesigem Schwimmbad, 1 1\/2 Tage nix tun, Liegestuhl, baden, Leute gucken, die uns, von Franzosen lernen die Handt\u00fccher den ganzen Tag auf der ergatterten Liege lassen, damit sie nicht weg kommt, kaltes Wasser und Kaffee in der Bar trinken, neuen H\u00e4ngematte (10\u20ac) nicht aufh\u00e4ngen , weil zu warm, gro\u00dfe W\u00e4sche waschen, &hellip; <\/p>\n<p class=\"link-more\"><a href=\"http:\/\/wolfsreise.d-l-w.de\/?p=2101\" class=\"more-link\"><span class=\"screen-reader-text\">\u201eAuf in die Cevennen\u201c<\/span> weiterlesen<\/a><\/p>\n","protected":false},"author":2,"featured_media":0,"comment_status":"open","ping_status":"open","sticky":false,"template":"","format":"standard","meta":{"footnotes":""},"categories":[9],"tags":[],"class_list":["post-2101","post","type-post","status-publish","format-standard","hentry","category-europa-2019"],"_links":{"self":[{"href":"http:\/\/wolfsreise.d-l-w.de\/index.php?rest_route=\/wp\/v2\/posts\/2101"}],"collection":[{"href":"http:\/\/wolfsreise.d-l-w.de\/index.php?rest_route=\/wp\/v2\/posts"}],"about":[{"href":"http:\/\/wolfsreise.d-l-w.de\/index.php?rest_route=\/wp\/v2\/types\/post"}],"author":[{"embeddable":true,"href":"http:\/\/wolfsreise.d-l-w.de\/index.php?rest_route=\/wp\/v2\/users\/2"}],"replies":[{"embeddable":true,"href":"http:\/\/wolfsreise.d-l-w.de\/index.php?rest_route=%2Fwp%2Fv2%2Fcomments&post=2101"}],"version-history":[{"count":2,"href":"http:\/\/wolfsreise.d-l-w.de\/index.php?rest_route=\/wp\/v2\/posts\/2101\/revisions"}],"predecessor-version":[{"id":2106,"href":"http:\/\/wolfsreise.d-l-w.de\/index.php?rest_route=\/wp\/v2\/posts\/2101\/revisions\/2106"}],"wp:attachment":[{"href":"http:\/\/wolfsreise.d-l-w.de\/index.php?rest_route=%2Fwp%2Fv2%2Fmedia&parent=2101"}],"wp:term":[{"taxonomy":"category","embeddable":true,"href":"http:\/\/wolfsreise.d-l-w.de\/index.php?rest_route=%2Fwp%2Fv2%2Fcategories&post=2101"},{"taxonomy":"post_tag","embeddable":true,"href":"http:\/\/wolfsreise.d-l-w.de\/index.php?rest_route=%2Fwp%2Fv2%2Ftags&post=2101"}],"curies":[{"name":"wp","href":"https:\/\/api.w.org\/{rel}","templated":true}]}}