{"id":2097,"date":"2019-08-05T17:29:37","date_gmt":"2019-08-05T15:29:37","guid":{"rendered":"http:\/\/wolfsreise.d-l-w.de\/?p=2097"},"modified":"2019-11-14T17:09:22","modified_gmt":"2019-11-14T16:09:22","slug":"camping-karaoke","status":"publish","type":"post","link":"http:\/\/wolfsreise.d-l-w.de\/?p=2097","title":{"rendered":"Camping Karaoke"},"content":{"rendered":"\n<p>Wir hatten am Abend vorher gekocht. Daher wollten wir im Restaurant des Campings essen. Als wir ankamen, war angeschlagen: Mittwochs (und es war Mittwoch) moules frites et Karaoke &#8211; Pizza gab es auch, wie immer. Die Anlage stand schon, die Animationsmucke lief. Eher internationale Titel. Die meisten Tische auf der Terrasse waren reserviert. Wir bekamen einen Tisch am Rande. Nach und nach trudelten die G\u00e4ste ein. Viele aus den Bungalows des Campingplatzes. Offenbar waren es Eigentum-mobile homes.<\/p>\n\n\n\n<p>Nach dem das Essen serviert war, ging es los. Sofort traten die ersten S\u00e4ngerinnen und S\u00e4nger nach vorn. Kinder dann auch, dann die Eltern mit den Kindern. Ein Mann war offenbar extra vorbeigekommen, um zu singen &#8211; 4 oder 5 Mal kam er nach vorn. Jedes Mal einen franz\u00f6sischen Chanson, wie alle anderen auch. Die kleinen M\u00e4dchen versuchten sich an Rap. Stimmlich war alles eher schr\u00e4g, nur eine Mutter war gut und ihr Sohn bei den Refrains im Duett. Und dann kam der Koch. Er hatte es wirklich drauf. Zweimal Jean Ferret. Echtes Highlight unter all den M\u00f6chtegernsternchen.<\/p>\n\n\n\n<p>Wir sind nach der Pizza gegangen, und haben den ganzen Abend geh\u00f6rt, wie es weiter ging.<\/p>\n\n\n\n<p>Am sp\u00e4ten Abend zuvor gab es Haus- bzw. Zeltmusik. Zwei Frauen spielten Gitarre und Querfl\u00f6te. Sehr sch\u00f6n, ihnen auf dem dunklen Platz zuzuh\u00f6ren.<\/p>\n\n\n\n<figure class=\"wp-block-image\"><img loading=\"lazy\" decoding=\"async\" width=\"1024\" height=\"764\" src=\"http:\/\/wolfsreise.d-l-w.de\/wp-content\/uploads\/2019\/08\/EB76BAF6-24E2-4B05-95FF-19915D852BAD-1024x764.jpeg\" alt=\"\" class=\"wp-image-2113\" srcset=\"http:\/\/wolfsreise.d-l-w.de\/wp-content\/uploads\/2019\/08\/EB76BAF6-24E2-4B05-95FF-19915D852BAD-1024x764.jpeg 1024w, http:\/\/wolfsreise.d-l-w.de\/wp-content\/uploads\/2019\/08\/EB76BAF6-24E2-4B05-95FF-19915D852BAD-150x112.jpeg 150w, http:\/\/wolfsreise.d-l-w.de\/wp-content\/uploads\/2019\/08\/EB76BAF6-24E2-4B05-95FF-19915D852BAD-300x224.jpeg 300w, http:\/\/wolfsreise.d-l-w.de\/wp-content\/uploads\/2019\/08\/EB76BAF6-24E2-4B05-95FF-19915D852BAD-768x573.jpeg 768w\" sizes=\"(max-width: 767px) 89vw, (max-width: 1000px) 54vw, (max-width: 1071px) 543px, 580px\" \/><figcaption>Nach der Radtour durch die Schotterwege der Berge! Hab mein Rad schnell weggestellt, ab ins Schwimmbecken.<\/figcaption><\/figure>\n\n\n\n<p>Und dann noch das:<\/p>\n\n\n\n<p>\u201eTom geht ein St\u00fcck am Ufer entlang, setzt sich unter einen Baum. W\u00e4hrend er sich eine Zigarette angez\u00fcndet, denkt er, dass Campingpl\u00e4tze grauenhaft sind, dass Campingpl\u00e4tze ihm schon immer zuwider gewesen sind. Er raucht und dr\u00fcckt seinen R\u00fccken in die harte Rinde des Baumes. Die t\u00e4glichen Verrichtungen fremder, dazu h\u00e4sslicher Menschen sehen zu m\u00fcssen, ihre W\u00e4sche jeden Tag, Unterw\u00e4sche, Bikinis auf W\u00e4schespinnen, ihre Kulturbeutel, ihre Rasierapparate, ihr nacktes, weises Geschirr, das sie vor aller Augen absp\u00fclen, &#8230; Das ganze Organisierte dieses Lebens.\u201c (Die Ordnung der Sterne \u00fcber Como, Berlin 2013)<\/p>\n\n\n\n<p>Wer ein trauriges, existenzielles Werk lesen m\u00f6chte, nehme das oben genannte.<\/p>\n","protected":false},"excerpt":{"rendered":"<p>Wir hatten am Abend vorher gekocht. Daher wollten wir im Restaurant des Campings essen. Als wir ankamen, war angeschlagen: Mittwochs (und es war Mittwoch) moules frites et Karaoke &#8211; Pizza gab es auch, wie immer. Die Anlage stand schon, die Animationsmucke lief. Eher internationale Titel. Die meisten Tische auf der Terrasse waren reserviert. Wir bekamen &hellip; <\/p>\n<p class=\"link-more\"><a href=\"http:\/\/wolfsreise.d-l-w.de\/?p=2097\" class=\"more-link\"><span class=\"screen-reader-text\">\u201eCamping Karaoke\u201c<\/span> weiterlesen<\/a><\/p>\n","protected":false},"author":1,"featured_media":0,"comment_status":"open","ping_status":"open","sticky":false,"template":"","format":"standard","meta":{"footnotes":""},"categories":[9],"tags":[],"class_list":["post-2097","post","type-post","status-publish","format-standard","hentry","category-europa-2019"],"_links":{"self":[{"href":"http:\/\/wolfsreise.d-l-w.de\/index.php?rest_route=\/wp\/v2\/posts\/2097"}],"collection":[{"href":"http:\/\/wolfsreise.d-l-w.de\/index.php?rest_route=\/wp\/v2\/posts"}],"about":[{"href":"http:\/\/wolfsreise.d-l-w.de\/index.php?rest_route=\/wp\/v2\/types\/post"}],"author":[{"embeddable":true,"href":"http:\/\/wolfsreise.d-l-w.de\/index.php?rest_route=\/wp\/v2\/users\/1"}],"replies":[{"embeddable":true,"href":"http:\/\/wolfsreise.d-l-w.de\/index.php?rest_route=%2Fwp%2Fv2%2Fcomments&post=2097"}],"version-history":[{"count":8,"href":"http:\/\/wolfsreise.d-l-w.de\/index.php?rest_route=\/wp\/v2\/posts\/2097\/revisions"}],"predecessor-version":[{"id":2815,"href":"http:\/\/wolfsreise.d-l-w.de\/index.php?rest_route=\/wp\/v2\/posts\/2097\/revisions\/2815"}],"wp:attachment":[{"href":"http:\/\/wolfsreise.d-l-w.de\/index.php?rest_route=%2Fwp%2Fv2%2Fmedia&parent=2097"}],"wp:term":[{"taxonomy":"category","embeddable":true,"href":"http:\/\/wolfsreise.d-l-w.de\/index.php?rest_route=%2Fwp%2Fv2%2Fcategories&post=2097"},{"taxonomy":"post_tag","embeddable":true,"href":"http:\/\/wolfsreise.d-l-w.de\/index.php?rest_route=%2Fwp%2Fv2%2Ftags&post=2097"}],"curies":[{"name":"wp","href":"https:\/\/api.w.org\/{rel}","templated":true}]}}