{"id":2050,"date":"2019-07-31T19:21:15","date_gmt":"2019-07-31T17:21:15","guid":{"rendered":"http:\/\/wolfsreise.d-l-w.de\/?p=2050"},"modified":"2019-07-31T19:28:07","modified_gmt":"2019-07-31T17:28:07","slug":"radeln-durch-ein-protzig-grossbuergerliches-turino","status":"publish","type":"post","link":"http:\/\/wolfsreise.d-l-w.de\/?p=2050","title":{"rendered":"Radeln durch ein protzig-gro\u00dfb\u00fcrgerliches Turino"},"content":{"rendered":"\n<p>Eine wunderbar schattige Radtour entlang des Po bringt uns unabh\u00e4ngig und rasch ins Zentrum. Daf\u00fcr ist unser Standort auf einem etwas zu l\u00e4uten Camping ideal. Mehr sollte es ja auch nicht sein. F\u00fcr unsere Stippvisite reicht das vollkommen aus.&nbsp;<\/p>\n\n\n\n<p>Es ist die erste Stadt in der wir auf Radwegen durch breite Stra\u00dfen Gondeln, verkehrt herum &#8211; wie alle anderen auch &#8211; Einbahnstra\u00dfen entlang D\u00fcsen und ebenso chaotisch alleS m\u00f6gliche \u00fcberholen wie die \u201eEingeborenen\u201c.&nbsp;<\/p>\n\n\n\n<p>Quadratisch aufgebaute Quartiere bestimmen die Struktur, hoch aufragende Palazzi zeugen von altem Reichtum und heutigem Erbe, aber im Zentrum ist von Wohnen nichts zu sp\u00fcren. Bars, Caf\u00e9s, Banken, B\u00fcros, Eisdielen, Mode- und Schmuckboutiquen, Herrenausstatter s\u00e4umen die Stra\u00dfen. Leben geht anders. Eine reservierte Gelassenheit zwischen Prunk und Protz, zwischen Geld&nbsp;&nbsp;und dessen zur Schaustellung bilden das heutige Ambiente f\u00fcr eine historisch glanzvollen Rahmen. Alles beeindruckend, toll anzuschauen, lecker gekr\u00f6nt von der Eisdiele, die ihre Schleckerm\u00e4uler schon seit 1947 verw\u00f6hnt.<\/p>\n\n\n\n<p>In den 1930er Jahren hat Turin sich mit einer erst dann gestalteten Prachtstra\u00dfe neu erfunden und noch mehr feudales in seine Mitte gezaubert, mit deinem brutalen Vorschlaghammer Altes gegen Neues getauscht. Eine Ver\u00e4nderung in einer Zwischenkriegszeit, die mit dem Faschismus radikal endete.<\/p>\n\n\n\n<p>Wer die treibenden Kr\u00e4fte dahinter waren, wissen wir nicht. Das muss ich im Nachhinein noch mal recherchieren. Bologna und Turin im Vergleich:<\/p>\n\n\n\n<p>Es lohnt beide St\u00e4dte zu besuchen, beide sind \u201esch\u00f6n\u201c und spannend,<\/p>\n\n\n\n<ul class=\"wp-block-list\"><li>Bologna pulsiert auf eine charmant-zugewandte, etwas vernachl\u00e4ssigte Weise,<\/li><li>Turin gl\u00e4nzt elegant-abweisend bis abwartend mit ihrer beeindruckend imposanten herrschaftlichen Architektur, in ihren Dimensionen etwas aus den Fugen geraten,<\/li><\/ul>\n\n\n\n<p>beide echte Radfahrst\u00e4dte, was per se schon f\u00fcr sie spricht.<\/p>\n\n\n\n<p>Auf jeden Fall besuchen, auch die neue Stadt- und Freiraumplanung ist sehenswert. Studieren dort ist bestimmt anregend.<\/p>\n\n\n\n<p>Im \u00fcbrigen waren wir in Turin ca. 4 Stunden im Museum f\u00fcr Film(Geschichte), was wirklich toll war. Und unsere Radtour am Po entlang war ebenso ein turinisches Highlight.&nbsp;<\/p>\n\n\n\n<figure class=\"wp-block-image\"><img loading=\"lazy\" decoding=\"async\" width=\"1024\" height=\"768\" src=\"http:\/\/wolfsreise.d-l-w.de\/wp-content\/uploads\/2019\/07\/9C2C26CB-1033-4111-BAA2-CEE221BA4E53-1024x768.jpeg\" alt=\"\" class=\"wp-image-2052\" srcset=\"http:\/\/wolfsreise.d-l-w.de\/wp-content\/uploads\/2019\/07\/9C2C26CB-1033-4111-BAA2-CEE221BA4E53-1024x768.jpeg 1024w, http:\/\/wolfsreise.d-l-w.de\/wp-content\/uploads\/2019\/07\/9C2C26CB-1033-4111-BAA2-CEE221BA4E53-150x113.jpeg 150w, http:\/\/wolfsreise.d-l-w.de\/wp-content\/uploads\/2019\/07\/9C2C26CB-1033-4111-BAA2-CEE221BA4E53-300x225.jpeg 300w, http:\/\/wolfsreise.d-l-w.de\/wp-content\/uploads\/2019\/07\/9C2C26CB-1033-4111-BAA2-CEE221BA4E53-768x576.jpeg 768w, http:\/\/wolfsreise.d-l-w.de\/wp-content\/uploads\/2019\/07\/9C2C26CB-1033-4111-BAA2-CEE221BA4E53.jpeg 2048w\" sizes=\"(max-width: 767px) 89vw, (max-width: 1000px) 54vw, (max-width: 1071px) 543px, 580px\" \/><figcaption>Immer im Blick: der K\u00f6nig sieht alles<\/figcaption><\/figure>\n\n\n\n<figure class=\"wp-block-image\"><img loading=\"lazy\" decoding=\"async\" width=\"768\" height=\"1024\" src=\"http:\/\/wolfsreise.d-l-w.de\/wp-content\/uploads\/2019\/07\/92EE5839-8449-4917-8997-633A56C023D4-e1564593788645-768x1024.jpeg\" alt=\"\" class=\"wp-image-2054\" srcset=\"http:\/\/wolfsreise.d-l-w.de\/wp-content\/uploads\/2019\/07\/92EE5839-8449-4917-8997-633A56C023D4-e1564593788645-768x1024.jpeg 768w, http:\/\/wolfsreise.d-l-w.de\/wp-content\/uploads\/2019\/07\/92EE5839-8449-4917-8997-633A56C023D4-e1564593788645-113x150.jpeg 113w, http:\/\/wolfsreise.d-l-w.de\/wp-content\/uploads\/2019\/07\/92EE5839-8449-4917-8997-633A56C023D4-e1564593788645-225x300.jpeg 225w, http:\/\/wolfsreise.d-l-w.de\/wp-content\/uploads\/2019\/07\/92EE5839-8449-4917-8997-633A56C023D4-e1564593788645.jpeg 1536w\" sizes=\"(max-width: 767px) 89vw, (max-width: 1000px) 54vw, (max-width: 1071px) 543px, 580px\" \/><figcaption>Aus alt mach neu geht immer, her mit der Abrissbirne <\/figcaption><\/figure>\n","protected":false},"excerpt":{"rendered":"<p>Eine wunderbar schattige Radtour entlang des Po bringt uns unabh\u00e4ngig und rasch ins Zentrum. Daf\u00fcr ist unser Standort auf einem etwas zu l\u00e4uten Camping ideal. Mehr sollte es ja auch nicht sein. F\u00fcr unsere Stippvisite reicht das vollkommen aus.&nbsp; Es ist die erste Stadt in der wir auf Radwegen durch breite Stra\u00dfen Gondeln, verkehrt herum &hellip; <\/p>\n<p class=\"link-more\"><a href=\"http:\/\/wolfsreise.d-l-w.de\/?p=2050\" class=\"more-link\"><span class=\"screen-reader-text\">\u201eRadeln durch ein protzig-gro\u00dfb\u00fcrgerliches Turino\u201c<\/span> weiterlesen<\/a><\/p>\n","protected":false},"author":2,"featured_media":0,"comment_status":"open","ping_status":"open","sticky":false,"template":"","format":"standard","meta":{"footnotes":""},"categories":[9],"tags":[],"class_list":["post-2050","post","type-post","status-publish","format-standard","hentry","category-europa-2019"],"_links":{"self":[{"href":"http:\/\/wolfsreise.d-l-w.de\/index.php?rest_route=\/wp\/v2\/posts\/2050"}],"collection":[{"href":"http:\/\/wolfsreise.d-l-w.de\/index.php?rest_route=\/wp\/v2\/posts"}],"about":[{"href":"http:\/\/wolfsreise.d-l-w.de\/index.php?rest_route=\/wp\/v2\/types\/post"}],"author":[{"embeddable":true,"href":"http:\/\/wolfsreise.d-l-w.de\/index.php?rest_route=\/wp\/v2\/users\/2"}],"replies":[{"embeddable":true,"href":"http:\/\/wolfsreise.d-l-w.de\/index.php?rest_route=%2Fwp%2Fv2%2Fcomments&post=2050"}],"version-history":[{"count":4,"href":"http:\/\/wolfsreise.d-l-w.de\/index.php?rest_route=\/wp\/v2\/posts\/2050\/revisions"}],"predecessor-version":[{"id":2062,"href":"http:\/\/wolfsreise.d-l-w.de\/index.php?rest_route=\/wp\/v2\/posts\/2050\/revisions\/2062"}],"wp:attachment":[{"href":"http:\/\/wolfsreise.d-l-w.de\/index.php?rest_route=%2Fwp%2Fv2%2Fmedia&parent=2050"}],"wp:term":[{"taxonomy":"category","embeddable":true,"href":"http:\/\/wolfsreise.d-l-w.de\/index.php?rest_route=%2Fwp%2Fv2%2Fcategories&post=2050"},{"taxonomy":"post_tag","embeddable":true,"href":"http:\/\/wolfsreise.d-l-w.de\/index.php?rest_route=%2Fwp%2Fv2%2Ftags&post=2050"}],"curies":[{"name":"wp","href":"https:\/\/api.w.org\/{rel}","templated":true}]}}