{"id":192,"date":"2015-03-17T19:44:46","date_gmt":"2015-03-17T18:44:46","guid":{"rendered":"http:\/\/wolfsreise.d-l-w.de\/?p=192"},"modified":"2018-06-22T15:40:06","modified_gmt":"2018-06-22T13:40:06","slug":"regentag-ist-ein-tag-der-cafes","status":"publish","type":"post","link":"http:\/\/wolfsreise.d-l-w.de\/?p=192","title":{"rendered":"Regentag ist ein Tag der Cafe&#8217;s\u00a0"},"content":{"rendered":"<p>Pasteis nata ist das Geb\u00e4ck der Stunde in einem wunderbaren, etwas abgelegenen Caf\u00e9, in dem die Bedienung mit dem B\u00e4cker tanzt, die Bauarbeiter den Helm auf den Tisch knallen, laut telefonierend ihre Auftr\u00e4ge erledigen, die portugiesisch gro\u00dfen, stabilen Schirme rausgeholt werden und das Pflaster gl\u00e4nzt. M\u00e4nnertrauben sammeln sich unter den Arkaden, denn auf ein kleines, heute besonders langes Palaver kann auf keinen Fall verzichtet werden.<\/p>\n<p>\ufeff<img decoding=\"async\" src=\"http:\/\/wolfsreise.d-l-w.de\/wp-content\/uploads\/2015\/03\/DSCF3136.jpg\" alt=\"\">&nbsp;&nbsp;&nbsp;<i>Pasteleria Conventual &#8211; mit Azueljos f\u00fcr das Caf\u00e9 extra gemalt 1998\ufeff<span style=\"line-height: 28px;\">\ufeff<\/span><\/i><\/p>\n<p><img decoding=\"async\" src=\"http:\/\/wolfsreise.d-l-w.de\/wp-content\/uploads\/2015\/03\/DSCF3139.jpg\" alt=\"\">\ufeff<\/p>\n<p><i>&nbsp;damit ist alles gesagt<\/i><\/p>\n<p><\/p>\n","protected":false},"excerpt":{"rendered":"<p>Pasteis nata ist das Geb\u00e4ck der Stunde in einem wunderbaren, etwas abgelegenen Caf\u00e9, in dem die Bedienung mit dem B\u00e4cker tanzt, die Bauarbeiter den Helm auf den Tisch knallen, laut telefonierend ihre Auftr\u00e4ge erledigen, die portugiesisch gro\u00dfen, stabilen Schirme rausgeholt werden und das Pflaster gl\u00e4nzt. M\u00e4nnertrauben sammeln sich unter den Arkaden, denn auf ein kleines, &hellip; <\/p>\n<p class=\"link-more\"><a href=\"http:\/\/wolfsreise.d-l-w.de\/?p=192\" class=\"more-link\"><span class=\"screen-reader-text\">\u201eRegentag ist ein Tag der Cafe&#8217;s\u00a0\u201c<\/span> weiterlesen<\/a><\/p>\n","protected":false},"author":2,"featured_media":0,"comment_status":"open","ping_status":"open","sticky":false,"template":"","format":"standard","meta":{"footnotes":""},"categories":[8],"tags":[],"class_list":["post-192","post","type-post","status-publish","format-standard","hentry","category-portugal"],"_links":{"self":[{"href":"http:\/\/wolfsreise.d-l-w.de\/index.php?rest_route=\/wp\/v2\/posts\/192"}],"collection":[{"href":"http:\/\/wolfsreise.d-l-w.de\/index.php?rest_route=\/wp\/v2\/posts"}],"about":[{"href":"http:\/\/wolfsreise.d-l-w.de\/index.php?rest_route=\/wp\/v2\/types\/post"}],"author":[{"embeddable":true,"href":"http:\/\/wolfsreise.d-l-w.de\/index.php?rest_route=\/wp\/v2\/users\/2"}],"replies":[{"embeddable":true,"href":"http:\/\/wolfsreise.d-l-w.de\/index.php?rest_route=%2Fwp%2Fv2%2Fcomments&post=192"}],"version-history":[{"count":1,"href":"http:\/\/wolfsreise.d-l-w.de\/index.php?rest_route=\/wp\/v2\/posts\/192\/revisions"}],"predecessor-version":[{"id":193,"href":"http:\/\/wolfsreise.d-l-w.de\/index.php?rest_route=\/wp\/v2\/posts\/192\/revisions\/193"}],"wp:attachment":[{"href":"http:\/\/wolfsreise.d-l-w.de\/index.php?rest_route=%2Fwp%2Fv2%2Fmedia&parent=192"}],"wp:term":[{"taxonomy":"category","embeddable":true,"href":"http:\/\/wolfsreise.d-l-w.de\/index.php?rest_route=%2Fwp%2Fv2%2Fcategories&post=192"},{"taxonomy":"post_tag","embeddable":true,"href":"http:\/\/wolfsreise.d-l-w.de\/index.php?rest_route=%2Fwp%2Fv2%2Ftags&post=192"}],"curies":[{"name":"wp","href":"https:\/\/api.w.org\/{rel}","templated":true}]}}