{"id":1904,"date":"2019-07-23T20:58:11","date_gmt":"2019-07-23T18:58:11","guid":{"rendered":"http:\/\/wolfsreise.d-l-w.de\/?p=1904"},"modified":"2019-07-26T08:44:40","modified_gmt":"2019-07-26T06:44:40","slug":"staedtchenhopping-in-umbrien-der-toskana-und-der-emilia-romana","status":"publish","type":"post","link":"http:\/\/wolfsreise.d-l-w.de\/?p=1904","title":{"rendered":"St\u00e4dtchenhopping in Umbrien, der Toskana und der Emilia Romana"},"content":{"rendered":"\n<p>Nach den Gartenmonstern schauen wir viele an H\u00e4nge geklebte St\u00e4dtchen an, die alle verschieden und doch \u00e4hnlich sind. Fr\u00fch mit Stadtrechten ausgestattet, reich an Patriziern, oft beherrscht von den Medicci, bestechen sie durch ihre Piazza, durch das herrschaftliche Rathaus und \u00fcppige Patrizierpal\u00e4ste. Und Treppen, Treppen oder steile Wege. Freundlicherweise haben einige der St\u00e4dtchen inzwischen sogar Aufz\u00fcge, die das Ganze erleichtern und es uns auch bei \u00fcber 30 Grad (im Schatten) den Aufstieg zu wagen. <\/p>\n\n\n\n<p>Wir waren in <\/p>\n\n\n\n<ul class=\"wp-block-list\"><li>Orvieto mit seinem gestreifenten Dom,<\/li><li>Todi, einen Sonntagsausflug machen, eine wunderbare Galerie besuchen und ein H\u00fctchen f\u00fcr MM kaufen,<\/li><li>Montefalco, eine dicke Festung auf dem Berg f\u00fcr eine Nacht Kaffee, da der Caming, den wir nutzen wollten, schon voller Niederl\u00e4nder war und das Schwimmbad \u00fcberf\u00fcllt,<\/li><li>Spello mit Kunst und Kultur und seiner 2-Sterne Kirche, die Montags geschlossen ist. Aber die Post hatte auf und das H\u00fctchen ist nun auf dem Weg nach Agra,<\/li><li>Gubbio, mit vielen \u201eSehensw\u00fcrdigkeiten\u201c, kleinen Gassen, hohen H\u00e4usern, einem Museum mit mindesten 200 Stufen vom Fu\u00df der Stadt bis zur hoch gelegenen Piazza. Au\u00dferdem einer \u00dcberraschung: eine Seilbahn mit offenen K\u00f6rbchen bef\u00f6rdert uns auf den Gipfel zur Wallfahrtskirche mit ganz wichtige nicht Reliquien von Jesus Christ. Au\u00dferdem 3 Prozessionsstatuen, die im Mai durch die Gegend geschleppt werden (300 kg und jede Menge M\u00e4nner, die schleppen)<\/li><li> Cit\u00e0 di Castello mit der Burri-Foundation mit gleich zwei Museen f\u00fcr den Sohn der Stadt, der sich ganz der Moderne verschrieben hatte, kurz nach dem 2. Weltkrieg.<\/li><\/ul>\n\n\n\n<p>An St\u00e4dtchen g\u00e4be es noch viele mehr. F\u00fcrs erste reicht das fast. Wir werden in Bologna Station machen und f\u00fcr 3 N\u00e4chte in einem Appartement das Stadtleben auskosten. Dann ziehen wir weiter. Und nun die Fotostrecke:<\/p>\n\n\n\n<figure class=\"wp-block-image\"><img loading=\"lazy\" decoding=\"async\" width=\"1024\" height=\"768\" src=\"http:\/\/wolfsreise.d-l-w.de\/wp-content\/uploads\/2019\/07\/FE10A2A6-12EB-473C-99CC-8A9EA7CA687B-1024x768.jpeg\" alt=\"\" class=\"wp-image-1909\" srcset=\"http:\/\/wolfsreise.d-l-w.de\/wp-content\/uploads\/2019\/07\/FE10A2A6-12EB-473C-99CC-8A9EA7CA687B-1024x768.jpeg 1024w, http:\/\/wolfsreise.d-l-w.de\/wp-content\/uploads\/2019\/07\/FE10A2A6-12EB-473C-99CC-8A9EA7CA687B-150x113.jpeg 150w, http:\/\/wolfsreise.d-l-w.de\/wp-content\/uploads\/2019\/07\/FE10A2A6-12EB-473C-99CC-8A9EA7CA687B-300x225.jpeg 300w, http:\/\/wolfsreise.d-l-w.de\/wp-content\/uploads\/2019\/07\/FE10A2A6-12EB-473C-99CC-8A9EA7CA687B-768x576.jpeg 768w, http:\/\/wolfsreise.d-l-w.de\/wp-content\/uploads\/2019\/07\/FE10A2A6-12EB-473C-99CC-8A9EA7CA687B.jpeg 2048w\" sizes=\"(max-width: 767px) 89vw, (max-width: 1000px) 54vw, (max-width: 1071px) 543px, 580px\" \/><figcaption>Wir ziehen den Hut in Todi<\/figcaption><\/figure>\n\n\n\n<figure class=\"wp-block-image\"><img loading=\"lazy\" decoding=\"async\" width=\"1024\" height=\"768\" src=\"http:\/\/wolfsreise.d-l-w.de\/wp-content\/uploads\/2019\/07\/0FEF0F0D-0E38-4AE7-B20A-0BC6DBE87804-1024x768.jpeg\" alt=\"\" class=\"wp-image-1910\" srcset=\"http:\/\/wolfsreise.d-l-w.de\/wp-content\/uploads\/2019\/07\/0FEF0F0D-0E38-4AE7-B20A-0BC6DBE87804-1024x768.jpeg 1024w, http:\/\/wolfsreise.d-l-w.de\/wp-content\/uploads\/2019\/07\/0FEF0F0D-0E38-4AE7-B20A-0BC6DBE87804-150x113.jpeg 150w, http:\/\/wolfsreise.d-l-w.de\/wp-content\/uploads\/2019\/07\/0FEF0F0D-0E38-4AE7-B20A-0BC6DBE87804-300x225.jpeg 300w, http:\/\/wolfsreise.d-l-w.de\/wp-content\/uploads\/2019\/07\/0FEF0F0D-0E38-4AE7-B20A-0BC6DBE87804-768x576.jpeg 768w, http:\/\/wolfsreise.d-l-w.de\/wp-content\/uploads\/2019\/07\/0FEF0F0D-0E38-4AE7-B20A-0BC6DBE87804.jpeg 2048w\" sizes=\"(max-width: 767px) 89vw, (max-width: 1000px) 54vw, (max-width: 1071px) 543px, 580px\" \/><figcaption>Und sitzen auf der Piazza<\/figcaption><\/figure>\n\n\n\n<figure class=\"wp-block-image\"><img loading=\"lazy\" decoding=\"async\" width=\"768\" height=\"1024\" src=\"http:\/\/wolfsreise.d-l-w.de\/wp-content\/uploads\/2019\/07\/C581729C-B85E-4F20-8EBF-93673C9A5711-e1563894071102-768x1024.jpeg\" alt=\"\" class=\"wp-image-1911\" srcset=\"http:\/\/wolfsreise.d-l-w.de\/wp-content\/uploads\/2019\/07\/C581729C-B85E-4F20-8EBF-93673C9A5711-e1563894071102-768x1024.jpeg 768w, http:\/\/wolfsreise.d-l-w.de\/wp-content\/uploads\/2019\/07\/C581729C-B85E-4F20-8EBF-93673C9A5711-e1563894071102-113x150.jpeg 113w, http:\/\/wolfsreise.d-l-w.de\/wp-content\/uploads\/2019\/07\/C581729C-B85E-4F20-8EBF-93673C9A5711-e1563894071102-225x300.jpeg 225w, http:\/\/wolfsreise.d-l-w.de\/wp-content\/uploads\/2019\/07\/C581729C-B85E-4F20-8EBF-93673C9A5711-e1563894071102.jpeg 1536w\" sizes=\"(max-width: 767px) 89vw, (max-width: 1000px) 54vw, (max-width: 1071px) 543px, 580px\" \/><figcaption><em>Art auf der Piazza von Spello, Frau, Mann, Baum, Erde, die Schlange fehlt und auch der Apfel<\/em><\/figcaption><\/figure>\n\n\n\n<figure class=\"wp-block-image\"><img loading=\"lazy\" decoding=\"async\" width=\"1024\" height=\"768\" src=\"http:\/\/wolfsreise.d-l-w.de\/wp-content\/uploads\/2019\/07\/B61BDD65-88F6-4B04-9DAA-C451D4ADC5EE-1024x768.jpeg\" alt=\"\" class=\"wp-image-1914\" srcset=\"http:\/\/wolfsreise.d-l-w.de\/wp-content\/uploads\/2019\/07\/B61BDD65-88F6-4B04-9DAA-C451D4ADC5EE-1024x768.jpeg 1024w, http:\/\/wolfsreise.d-l-w.de\/wp-content\/uploads\/2019\/07\/B61BDD65-88F6-4B04-9DAA-C451D4ADC5EE-150x113.jpeg 150w, http:\/\/wolfsreise.d-l-w.de\/wp-content\/uploads\/2019\/07\/B61BDD65-88F6-4B04-9DAA-C451D4ADC5EE-300x225.jpeg 300w, http:\/\/wolfsreise.d-l-w.de\/wp-content\/uploads\/2019\/07\/B61BDD65-88F6-4B04-9DAA-C451D4ADC5EE-768x576.jpeg 768w, http:\/\/wolfsreise.d-l-w.de\/wp-content\/uploads\/2019\/07\/B61BDD65-88F6-4B04-9DAA-C451D4ADC5EE.jpeg 2048w\" sizes=\"(max-width: 767px) 89vw, (max-width: 1000px) 54vw, (max-width: 1071px) 543px, 580px\" \/><figcaption>Gubbios zentrale Piazza &#8211; grandissimo und dann von oben:<\/figcaption><\/figure>\n\n\n\n<figure class=\"wp-block-image\"><img loading=\"lazy\" decoding=\"async\" width=\"768\" height=\"1024\" src=\"http:\/\/wolfsreise.d-l-w.de\/wp-content\/uploads\/2019\/07\/A1E1FFF1-3E83-4020-A545-F2B4B226C53C-e1563894286750-768x1024.jpeg\" alt=\"\" class=\"wp-image-1915\" srcset=\"http:\/\/wolfsreise.d-l-w.de\/wp-content\/uploads\/2019\/07\/A1E1FFF1-3E83-4020-A545-F2B4B226C53C-e1563894286750-768x1024.jpeg 768w, http:\/\/wolfsreise.d-l-w.de\/wp-content\/uploads\/2019\/07\/A1E1FFF1-3E83-4020-A545-F2B4B226C53C-e1563894286750-113x150.jpeg 113w, http:\/\/wolfsreise.d-l-w.de\/wp-content\/uploads\/2019\/07\/A1E1FFF1-3E83-4020-A545-F2B4B226C53C-e1563894286750-225x300.jpeg 225w, http:\/\/wolfsreise.d-l-w.de\/wp-content\/uploads\/2019\/07\/A1E1FFF1-3E83-4020-A545-F2B4B226C53C-e1563894286750.jpeg 1536w\" sizes=\"(max-width: 767px) 89vw, (max-width: 1000px) 54vw, (max-width: 1071px) 543px, 580px\" \/><figcaption><em>Eine rasante Talfahrt im offenen Korb<\/em><\/figcaption><\/figure>\n\n\n\n<figure class=\"wp-block-image\"><img loading=\"lazy\" decoding=\"async\" width=\"768\" height=\"1024\" src=\"http:\/\/wolfsreise.d-l-w.de\/wp-content\/uploads\/2019\/07\/4A67711D-9EF2-4FAF-915D-D211FF9E3811-e1563894168116-768x1024.jpeg\" alt=\"\" class=\"wp-image-1916\" srcset=\"http:\/\/wolfsreise.d-l-w.de\/wp-content\/uploads\/2019\/07\/4A67711D-9EF2-4FAF-915D-D211FF9E3811-e1563894168116-768x1024.jpeg 768w, http:\/\/wolfsreise.d-l-w.de\/wp-content\/uploads\/2019\/07\/4A67711D-9EF2-4FAF-915D-D211FF9E3811-e1563894168116-113x150.jpeg 113w, http:\/\/wolfsreise.d-l-w.de\/wp-content\/uploads\/2019\/07\/4A67711D-9EF2-4FAF-915D-D211FF9E3811-e1563894168116-225x300.jpeg 225w, http:\/\/wolfsreise.d-l-w.de\/wp-content\/uploads\/2019\/07\/4A67711D-9EF2-4FAF-915D-D211FF9E3811-e1563894168116.jpeg 1536w\" sizes=\"(max-width: 767px) 89vw, (max-width: 1000px) 54vw, (max-width: 1071px) 543px, 580px\" \/><figcaption><em>Das ist zu schleppen und oben kommen noch 3 Heilige drauf.<\/em><\/figcaption><\/figure>\n\n\n\n<figure class=\"wp-block-image\"><img loading=\"lazy\" decoding=\"async\" width=\"1024\" height=\"768\" src=\"http:\/\/wolfsreise.d-l-w.de\/wp-content\/uploads\/2019\/07\/4E82BD1D-6383-45AD-8F2C-EBB52D9280C0-1024x768.jpeg\" alt=\"\" class=\"wp-image-1917\" srcset=\"http:\/\/wolfsreise.d-l-w.de\/wp-content\/uploads\/2019\/07\/4E82BD1D-6383-45AD-8F2C-EBB52D9280C0-1024x768.jpeg 1024w, http:\/\/wolfsreise.d-l-w.de\/wp-content\/uploads\/2019\/07\/4E82BD1D-6383-45AD-8F2C-EBB52D9280C0-150x113.jpeg 150w, http:\/\/wolfsreise.d-l-w.de\/wp-content\/uploads\/2019\/07\/4E82BD1D-6383-45AD-8F2C-EBB52D9280C0-300x225.jpeg 300w, http:\/\/wolfsreise.d-l-w.de\/wp-content\/uploads\/2019\/07\/4E82BD1D-6383-45AD-8F2C-EBB52D9280C0-768x576.jpeg 768w, http:\/\/wolfsreise.d-l-w.de\/wp-content\/uploads\/2019\/07\/4E82BD1D-6383-45AD-8F2C-EBB52D9280C0.jpeg 2048w\" sizes=\"(max-width: 767px) 89vw, (max-width: 1000px) 54vw, (max-width: 1071px) 543px, 580px\" \/><figcaption>Burri im Museum: Material, Farbe un die Fantasie hin zur Abstraktion <\/figcaption><\/figure>\n\n\n\n<figure class=\"wp-block-image\"><img loading=\"lazy\" decoding=\"async\" width=\"1024\" height=\"768\" src=\"http:\/\/wolfsreise.d-l-w.de\/wp-content\/uploads\/2019\/07\/272527FF-BA25-46AC-8461-5534A74F9403-1024x768.jpeg\" alt=\"\" class=\"wp-image-1919\" srcset=\"http:\/\/wolfsreise.d-l-w.de\/wp-content\/uploads\/2019\/07\/272527FF-BA25-46AC-8461-5534A74F9403-1024x768.jpeg 1024w, http:\/\/wolfsreise.d-l-w.de\/wp-content\/uploads\/2019\/07\/272527FF-BA25-46AC-8461-5534A74F9403-150x113.jpeg 150w, http:\/\/wolfsreise.d-l-w.de\/wp-content\/uploads\/2019\/07\/272527FF-BA25-46AC-8461-5534A74F9403-300x225.jpeg 300w, http:\/\/wolfsreise.d-l-w.de\/wp-content\/uploads\/2019\/07\/272527FF-BA25-46AC-8461-5534A74F9403-768x576.jpeg 768w, http:\/\/wolfsreise.d-l-w.de\/wp-content\/uploads\/2019\/07\/272527FF-BA25-46AC-8461-5534A74F9403.jpeg 2048w\" sizes=\"(max-width: 767px) 89vw, (max-width: 1000px) 54vw, (max-width: 1071px) 543px, 580px\" \/><figcaption>Die schwarze Serie bespielen drei Hallen in den Trockenh\u00e4usern der alten Tabakfabrik von Cit\u00e0 di Castello. Das reicht dann. Waren wir deshalb die Einzigen, mal wieder?<\/figcaption><\/figure>\n\n\n\n<figure class=\"wp-block-image\"><img loading=\"lazy\" decoding=\"async\" width=\"640\" height=\"480\" src=\"http:\/\/wolfsreise.d-l-w.de\/wp-content\/uploads\/2019\/07\/771E8467-BD3F-4547-9602-6BC84B2822E5.jpeg\" alt=\"\" class=\"wp-image-1920\" srcset=\"http:\/\/wolfsreise.d-l-w.de\/wp-content\/uploads\/2019\/07\/771E8467-BD3F-4547-9602-6BC84B2822E5.jpeg 640w, http:\/\/wolfsreise.d-l-w.de\/wp-content\/uploads\/2019\/07\/771E8467-BD3F-4547-9602-6BC84B2822E5-150x113.jpeg 150w, http:\/\/wolfsreise.d-l-w.de\/wp-content\/uploads\/2019\/07\/771E8467-BD3F-4547-9602-6BC84B2822E5-300x225.jpeg 300w\" sizes=\"(max-width: 640px) 100vw, 640px\" \/><figcaption>Wir sind in der Zeitung!<\/figcaption><\/figure>\n\n\n\n<p>Ein Lesetipp f\u00fcr alle, die gern was \u00fcber die Mentalit\u00e4t von Menschen, Umbrien und alten Obstsorten lesen m\u00f6chten, hier der Romantipp:<\/p>\n\n\n\n<p>Anja Jonuleit: Der Apfelsammler, 2014<\/p>\n","protected":false},"excerpt":{"rendered":"<p>Nach den Gartenmonstern schauen wir viele an H\u00e4nge geklebte St\u00e4dtchen an, die alle verschieden und doch \u00e4hnlich sind. Fr\u00fch mit Stadtrechten ausgestattet, reich an Patriziern, oft beherrscht von den Medicci, bestechen sie durch ihre Piazza, durch das herrschaftliche Rathaus und \u00fcppige Patrizierpal\u00e4ste. Und Treppen, Treppen oder steile Wege. Freundlicherweise haben einige der St\u00e4dtchen inzwischen sogar &hellip; <\/p>\n<p class=\"link-more\"><a href=\"http:\/\/wolfsreise.d-l-w.de\/?p=1904\" class=\"more-link\"><span class=\"screen-reader-text\">\u201eSt\u00e4dtchenhopping in Umbrien, der Toskana und der Emilia Romana\u201c<\/span> weiterlesen<\/a><\/p>\n","protected":false},"author":2,"featured_media":0,"comment_status":"open","ping_status":"open","sticky":false,"template":"","format":"standard","meta":{"footnotes":""},"categories":[9],"tags":[],"class_list":["post-1904","post","type-post","status-publish","format-standard","hentry","category-europa-2019"],"_links":{"self":[{"href":"http:\/\/wolfsreise.d-l-w.de\/index.php?rest_route=\/wp\/v2\/posts\/1904"}],"collection":[{"href":"http:\/\/wolfsreise.d-l-w.de\/index.php?rest_route=\/wp\/v2\/posts"}],"about":[{"href":"http:\/\/wolfsreise.d-l-w.de\/index.php?rest_route=\/wp\/v2\/types\/post"}],"author":[{"embeddable":true,"href":"http:\/\/wolfsreise.d-l-w.de\/index.php?rest_route=\/wp\/v2\/users\/2"}],"replies":[{"embeddable":true,"href":"http:\/\/wolfsreise.d-l-w.de\/index.php?rest_route=%2Fwp%2Fv2%2Fcomments&post=1904"}],"version-history":[{"count":13,"href":"http:\/\/wolfsreise.d-l-w.de\/index.php?rest_route=\/wp\/v2\/posts\/1904\/revisions"}],"predecessor-version":[{"id":2000,"href":"http:\/\/wolfsreise.d-l-w.de\/index.php?rest_route=\/wp\/v2\/posts\/1904\/revisions\/2000"}],"wp:attachment":[{"href":"http:\/\/wolfsreise.d-l-w.de\/index.php?rest_route=%2Fwp%2Fv2%2Fmedia&parent=1904"}],"wp:term":[{"taxonomy":"category","embeddable":true,"href":"http:\/\/wolfsreise.d-l-w.de\/index.php?rest_route=%2Fwp%2Fv2%2Fcategories&post=1904"},{"taxonomy":"post_tag","embeddable":true,"href":"http:\/\/wolfsreise.d-l-w.de\/index.php?rest_route=%2Fwp%2Fv2%2Ftags&post=1904"}],"curies":[{"name":"wp","href":"https:\/\/api.w.org\/{rel}","templated":true}]}}