{"id":1872,"date":"2019-07-21T18:12:08","date_gmt":"2019-07-21T16:12:08","guid":{"rendered":"http:\/\/wolfsreise.d-l-w.de\/?p=1872"},"modified":"2019-10-17T21:05:48","modified_gmt":"2019-10-17T19:05:48","slug":"bosco-sacre-und-orvietos-dom","status":"publish","type":"post","link":"http:\/\/wolfsreise.d-l-w.de\/?p=1872","title":{"rendered":"Bosco Sacre und Orvieto\u2018s Dom"},"content":{"rendered":"\n<p style=\"text-align:center\">\u201eSkrurril, sch\u00f6n, unheimlich: Versteckt in einem Tal n\u00f6rdlich von Rom gibt es einen Park mit bizarren, riesigen Skulpturen, aus rohem Stein gehauen und mit Moos bewachsen. Der \u201eHeilige Wald der Ungeheuer\u201d wurde im 16. Jahrhundert von einem Adeligen angelegt, geriet dann in Vergessenheit und wurde erst Jahrhunderte sp\u00e4ter von dem K\u00fcnstler Salvador Dal\u00ed neu entdeckt.\u201c (aus einem begeisterten Reiseblog, abgerufen am 20.7.19)<\/p>\n\n\n\n<figure class=\"wp-block-image\"><img loading=\"lazy\" decoding=\"async\" width=\"1024\" height=\"768\" src=\"http:\/\/wolfsreise.d-l-w.de\/wp-content\/uploads\/2019\/07\/B44360F6-55F0-40DB-86E1-8BE5AA73F231-1024x768.jpeg\" alt=\"\" class=\"wp-image-1885\" srcset=\"http:\/\/wolfsreise.d-l-w.de\/wp-content\/uploads\/2019\/07\/B44360F6-55F0-40DB-86E1-8BE5AA73F231-1024x768.jpeg 1024w, http:\/\/wolfsreise.d-l-w.de\/wp-content\/uploads\/2019\/07\/B44360F6-55F0-40DB-86E1-8BE5AA73F231-150x113.jpeg 150w, http:\/\/wolfsreise.d-l-w.de\/wp-content\/uploads\/2019\/07\/B44360F6-55F0-40DB-86E1-8BE5AA73F231-300x225.jpeg 300w, http:\/\/wolfsreise.d-l-w.de\/wp-content\/uploads\/2019\/07\/B44360F6-55F0-40DB-86E1-8BE5AA73F231-768x576.jpeg 768w, http:\/\/wolfsreise.d-l-w.de\/wp-content\/uploads\/2019\/07\/B44360F6-55F0-40DB-86E1-8BE5AA73F231.jpeg 2048w\" sizes=\"(max-width: 767px) 89vw, (max-width: 1000px) 54vw, (max-width: 1071px) 543px, 580px\" \/><figcaption>Da steht doch ein Papiertiger im Maul.<\/figcaption><\/figure>\n\n\n\n<p>K\u00e4mpfende Riesen, G\u00f6tter und Sirenen, die Besucher, G\u00e4ste und vor allem den ehemaligen Hausherrn begeistern sollen, alle m\u00f6glichen Sagengestalten, G\u00f6tter und -innen, die noblen Familien verherrlichen, stehen in einem wilde nicht Wald, der jetzt ausgewachsen, viele ehedem gedachte Blickwinkel verstellt. Und der Zahn der Zeit hat schwer an den Riesen genagt.<\/p>\n\n\n\n<p>\u201eOrkus, der Gott der Unterwelt , lockt mit weit ge\u00f6ffnetem Mund Spazierg\u00e4nger in seinen Rachen, zu dem eine Treppe f\u00fchrt. Innen steht ein Tisch, der zu einem Festmahl einl\u00e4dt. Die r\u00e4tselhafte Inschrift<em>\u201e<\/em>Ogni pensiero vola\u201d steht \u00fcber seinen Lippen: \u201eJeder Gedanke fliegt\u201c. (aus dem begeisterten Reiseblog, abgerufen 20.7.19)<\/p>\n\n\n\n<figure class=\"wp-block-image\"><img decoding=\"async\" src=\"https:\/\/www.travelbook.de\/data\/uploads\/2017\/08\/gettyimages-488308093_1502793118-1000x1500.jpg\" alt=\"Monsterwald, Italien\"\/><\/figure>\n\n\n\n<figure class=\"wp-block-image\"><img loading=\"lazy\" decoding=\"async\" width=\"424\" height=\"546\" src=\"http:\/\/wolfsreise.d-l-w.de\/wp-content\/uploads\/2019\/07\/A1BE1F12-B14C-49E6-9803-F0429852C652.jpeg\" alt=\"\" class=\"wp-image-1902\" srcset=\"http:\/\/wolfsreise.d-l-w.de\/wp-content\/uploads\/2019\/07\/A1BE1F12-B14C-49E6-9803-F0429852C652.jpeg 424w, http:\/\/wolfsreise.d-l-w.de\/wp-content\/uploads\/2019\/07\/A1BE1F12-B14C-49E6-9803-F0429852C652-116x150.jpeg 116w, http:\/\/wolfsreise.d-l-w.de\/wp-content\/uploads\/2019\/07\/A1BE1F12-B14C-49E6-9803-F0429852C652-233x300.jpeg 233w\" sizes=\"(max-width: 424px) 100vw, 424px\" \/><figcaption>So war die Wiederentdeckung der Monster, da sahen sie doch richtig gef\u00e4hrlich aus.<\/figcaption><\/figure>\n\n\n\n<p>Vicino Orsini, der letzte Feudalherr von Bomarzo, ertr\u00e4umte den Figurenwald und widmete ihn seiner 1564 verstorbenen Frau Giulia Farnese.<\/p>\n\n\n\n<p>Mehr als 30 Jahre seines Lebens lie\u00df er mehrere K\u00fcnstler riesige Figuren aus Vulkangestein hauen, ein schiefes Haus sowie weitere seltsame Geb\u00e4ude errichten und mit Inschriften versehen, die Kunsthistoriker bis heute nicht verstehen. Wir auch nicht!<\/p>\n\n\n\n<figure class=\"wp-block-image\"><img loading=\"lazy\" decoding=\"async\" width=\"768\" height=\"1024\" src=\"http:\/\/wolfsreise.d-l-w.de\/wp-content\/uploads\/2019\/07\/B9F2FA88-C8D0-4B46-AFDC-A97169E52337-e1563724332556-768x1024.jpeg\" alt=\"\" class=\"wp-image-1886\" srcset=\"http:\/\/wolfsreise.d-l-w.de\/wp-content\/uploads\/2019\/07\/B9F2FA88-C8D0-4B46-AFDC-A97169E52337-e1563724332556-768x1024.jpeg 768w, http:\/\/wolfsreise.d-l-w.de\/wp-content\/uploads\/2019\/07\/B9F2FA88-C8D0-4B46-AFDC-A97169E52337-e1563724332556-113x150.jpeg 113w, http:\/\/wolfsreise.d-l-w.de\/wp-content\/uploads\/2019\/07\/B9F2FA88-C8D0-4B46-AFDC-A97169E52337-e1563724332556-225x300.jpeg 225w, http:\/\/wolfsreise.d-l-w.de\/wp-content\/uploads\/2019\/07\/B9F2FA88-C8D0-4B46-AFDC-A97169E52337-e1563724332556.jpeg 1536w\" sizes=\"(max-width: 767px) 89vw, (max-width: 1000px) 54vw, (max-width: 1071px) 543px, 580px\" \/><figcaption>Die Meermaid wartet seit Jahrhunderten auf frisches Wasser!<\/figcaption><\/figure>\n\n\n\n<p>Au\u00dferdem sollte man den Park ausschlie\u00dflich bei Regen im November besuchen, sonst kann man sich weder richtig erschrocken noch f\u00fcrchten. Wir hatten vollen Sonnenschein, so sind die Monster scheinbar geschrumpft, wie der Scheinriese bei Jim Knopf waren sie kein Bisschen bedrohlich. <\/p>\n\n\n\n<figure class=\"wp-block-image\"><img loading=\"lazy\" decoding=\"async\" width=\"1024\" height=\"768\" src=\"http:\/\/wolfsreise.d-l-w.de\/wp-content\/uploads\/2019\/07\/AB618D21-2CA8-42EF-85E8-97AC79067F11-1024x768.jpeg\" alt=\"\" class=\"wp-image-1887\" srcset=\"http:\/\/wolfsreise.d-l-w.de\/wp-content\/uploads\/2019\/07\/AB618D21-2CA8-42EF-85E8-97AC79067F11-1024x768.jpeg 1024w, http:\/\/wolfsreise.d-l-w.de\/wp-content\/uploads\/2019\/07\/AB618D21-2CA8-42EF-85E8-97AC79067F11-150x113.jpeg 150w, http:\/\/wolfsreise.d-l-w.de\/wp-content\/uploads\/2019\/07\/AB618D21-2CA8-42EF-85E8-97AC79067F11-300x225.jpeg 300w, http:\/\/wolfsreise.d-l-w.de\/wp-content\/uploads\/2019\/07\/AB618D21-2CA8-42EF-85E8-97AC79067F11-768x576.jpeg 768w, http:\/\/wolfsreise.d-l-w.de\/wp-content\/uploads\/2019\/07\/AB618D21-2CA8-42EF-85E8-97AC79067F11.jpeg 2048w\" sizes=\"(max-width: 767px) 89vw, (max-width: 1000px) 54vw, (max-width: 1071px) 543px, 580px\" \/><figcaption>Die paar Stelen demn\u00e4chst f\u00fcr unseren Garten?<\/figcaption><\/figure>\n\n\n\n<p>Wir besuchen am Nachmittag Orvieto und den wunderbar gestreiften Dom. Was,f\u00fcr h\u00fcbsche Zebras in Umbrien. Und innen erst! Da waren dann doch die Riesen am Werk.<\/p>\n\n\n\n<figure class=\"wp-block-image\"><img loading=\"lazy\" decoding=\"async\" width=\"768\" height=\"1024\" src=\"http:\/\/wolfsreise.d-l-w.de\/wp-content\/uploads\/2019\/07\/FE79805D-6073-4FFD-8FD4-BCB897787AD9-e1563724944828-768x1024.jpeg\" alt=\"\" class=\"wp-image-1894\" srcset=\"http:\/\/wolfsreise.d-l-w.de\/wp-content\/uploads\/2019\/07\/FE79805D-6073-4FFD-8FD4-BCB897787AD9-e1563724944828-768x1024.jpeg 768w, http:\/\/wolfsreise.d-l-w.de\/wp-content\/uploads\/2019\/07\/FE79805D-6073-4FFD-8FD4-BCB897787AD9-e1563724944828-113x150.jpeg 113w, http:\/\/wolfsreise.d-l-w.de\/wp-content\/uploads\/2019\/07\/FE79805D-6073-4FFD-8FD4-BCB897787AD9-e1563724944828-225x300.jpeg 225w, http:\/\/wolfsreise.d-l-w.de\/wp-content\/uploads\/2019\/07\/FE79805D-6073-4FFD-8FD4-BCB897787AD9-e1563724944828.jpeg 1536w\" sizes=\"(max-width: 767px) 89vw, (max-width: 1000px) 54vw, (max-width: 1071px) 543px, 580px\" \/><figcaption>Bescheidenheit geht anders. Katholische Lebenslust geht so.<\/figcaption><\/figure>\n\n\n\n<figure class=\"wp-block-image\"><img loading=\"lazy\" decoding=\"async\" width=\"1024\" height=\"768\" src=\"http:\/\/wolfsreise.d-l-w.de\/wp-content\/uploads\/2019\/07\/7EAD1B38-1EB0-4B2F-BE04-45BF3EF58813-1024x768.jpeg\" alt=\"\" class=\"wp-image-1898\" srcset=\"http:\/\/wolfsreise.d-l-w.de\/wp-content\/uploads\/2019\/07\/7EAD1B38-1EB0-4B2F-BE04-45BF3EF58813-1024x768.jpeg 1024w, http:\/\/wolfsreise.d-l-w.de\/wp-content\/uploads\/2019\/07\/7EAD1B38-1EB0-4B2F-BE04-45BF3EF58813-150x113.jpeg 150w, http:\/\/wolfsreise.d-l-w.de\/wp-content\/uploads\/2019\/07\/7EAD1B38-1EB0-4B2F-BE04-45BF3EF58813-300x225.jpeg 300w, http:\/\/wolfsreise.d-l-w.de\/wp-content\/uploads\/2019\/07\/7EAD1B38-1EB0-4B2F-BE04-45BF3EF58813-768x576.jpeg 768w, http:\/\/wolfsreise.d-l-w.de\/wp-content\/uploads\/2019\/07\/7EAD1B38-1EB0-4B2F-BE04-45BF3EF58813.jpeg 2048w\" sizes=\"(max-width: 767px) 89vw, (max-width: 1000px) 54vw, (max-width: 1071px) 543px, 580px\" \/><figcaption>Ein wenig schwindlig kann einem schon werden<\/figcaption><\/figure>\n\n\n\n<figure class=\"wp-block-image\"><img loading=\"lazy\" decoding=\"async\" width=\"1024\" height=\"768\" src=\"http:\/\/wolfsreise.d-l-w.de\/wp-content\/uploads\/2019\/07\/DEC20FB3-924C-4ADE-8F84-F177AB8A88BC-1024x768.jpeg\" alt=\"\" class=\"wp-image-1900\" srcset=\"http:\/\/wolfsreise.d-l-w.de\/wp-content\/uploads\/2019\/07\/DEC20FB3-924C-4ADE-8F84-F177AB8A88BC-1024x768.jpeg 1024w, http:\/\/wolfsreise.d-l-w.de\/wp-content\/uploads\/2019\/07\/DEC20FB3-924C-4ADE-8F84-F177AB8A88BC-150x113.jpeg 150w, http:\/\/wolfsreise.d-l-w.de\/wp-content\/uploads\/2019\/07\/DEC20FB3-924C-4ADE-8F84-F177AB8A88BC-300x225.jpeg 300w, http:\/\/wolfsreise.d-l-w.de\/wp-content\/uploads\/2019\/07\/DEC20FB3-924C-4ADE-8F84-F177AB8A88BC-768x576.jpeg 768w, http:\/\/wolfsreise.d-l-w.de\/wp-content\/uploads\/2019\/07\/DEC20FB3-924C-4ADE-8F84-F177AB8A88BC.jpeg 2048w\" sizes=\"(max-width: 767px) 89vw, (max-width: 1000px) 54vw, (max-width: 1071px) 543px, 580px\" \/><figcaption> Abends steht der Bus mal wieder ganz allein auf dem Zeltplatz in dem Bergen, ohne 7 Zwerge, aber mit Gekreisch der Stachelschweine. K\u00f6nnen sich Buse auch f\u00fcrchten?<\/figcaption><\/figure>\n","protected":false},"excerpt":{"rendered":"<p>\u201eSkrurril, sch\u00f6n, unheimlich: Versteckt in einem Tal n\u00f6rdlich von Rom gibt es einen Park mit bizarren, riesigen Skulpturen, aus rohem Stein gehauen und mit Moos bewachsen. Der \u201eHeilige Wald der Ungeheuer\u201d wurde im 16. Jahrhundert von einem Adeligen angelegt, geriet dann in Vergessenheit und wurde erst Jahrhunderte sp\u00e4ter von dem K\u00fcnstler Salvador Dal\u00ed neu entdeckt.\u201c &hellip; <\/p>\n<p class=\"link-more\"><a href=\"http:\/\/wolfsreise.d-l-w.de\/?p=1872\" class=\"more-link\"><span class=\"screen-reader-text\">\u201eBosco Sacre und Orvieto\u2018s Dom\u201c<\/span> weiterlesen<\/a><\/p>\n","protected":false},"author":2,"featured_media":0,"comment_status":"open","ping_status":"open","sticky":false,"template":"","format":"standard","meta":{"footnotes":""},"categories":[9],"tags":[],"class_list":["post-1872","post","type-post","status-publish","format-standard","hentry","category-europa-2019"],"_links":{"self":[{"href":"http:\/\/wolfsreise.d-l-w.de\/index.php?rest_route=\/wp\/v2\/posts\/1872"}],"collection":[{"href":"http:\/\/wolfsreise.d-l-w.de\/index.php?rest_route=\/wp\/v2\/posts"}],"about":[{"href":"http:\/\/wolfsreise.d-l-w.de\/index.php?rest_route=\/wp\/v2\/types\/post"}],"author":[{"embeddable":true,"href":"http:\/\/wolfsreise.d-l-w.de\/index.php?rest_route=\/wp\/v2\/users\/2"}],"replies":[{"embeddable":true,"href":"http:\/\/wolfsreise.d-l-w.de\/index.php?rest_route=%2Fwp%2Fv2%2Fcomments&post=1872"}],"version-history":[{"count":18,"href":"http:\/\/wolfsreise.d-l-w.de\/index.php?rest_route=\/wp\/v2\/posts\/1872\/revisions"}],"predecessor-version":[{"id":2774,"href":"http:\/\/wolfsreise.d-l-w.de\/index.php?rest_route=\/wp\/v2\/posts\/1872\/revisions\/2774"}],"wp:attachment":[{"href":"http:\/\/wolfsreise.d-l-w.de\/index.php?rest_route=%2Fwp%2Fv2%2Fmedia&parent=1872"}],"wp:term":[{"taxonomy":"category","embeddable":true,"href":"http:\/\/wolfsreise.d-l-w.de\/index.php?rest_route=%2Fwp%2Fv2%2Fcategories&post=1872"},{"taxonomy":"post_tag","embeddable":true,"href":"http:\/\/wolfsreise.d-l-w.de\/index.php?rest_route=%2Fwp%2Fv2%2Ftags&post=1872"}],"curies":[{"name":"wp","href":"https:\/\/api.w.org\/{rel}","templated":true}]}}