{"id":1845,"date":"2019-07-18T17:45:25","date_gmt":"2019-07-18T15:45:25","guid":{"rendered":"http:\/\/wolfsreise.d-l-w.de\/?p=1845"},"modified":"2019-07-21T18:12:44","modified_gmt":"2019-07-21T16:12:44","slug":"__trashed-2","status":"publish","type":"post","link":"http:\/\/wolfsreise.d-l-w.de\/?p=1845","title":{"rendered":"Ein Tag mit Aussicht"},"content":{"rendered":"\n<p>Ein Bergtag \u00fcberm See, \u00fcbern See &#8211; und wir waren nicht schwimmen, viel zu kalt und zu gro\u00df mit 14 qkm. Aber sch\u00f6n anzuschauen: Campotosto <\/p>\n\n\n\n<p>Gerd sitzt heute in seinem virtuellen B\u00fcro, ich habe Zeit und bastle dies und das. Das Leben ist langsam, lauwarm und windig &#8211; aber sch\u00f6n.<\/p>\n\n\n\n<figure class=\"wp-block-image\"><img loading=\"lazy\" decoding=\"async\" width=\"1024\" height=\"765\" src=\"http:\/\/wolfsreise.d-l-w.de\/wp-content\/uploads\/2019\/07\/957FED14-15C3-49FF-A9B4-27D2B3E67608-e1563464559364-1024x765.jpeg\" alt=\"\" class=\"wp-image-1847\" srcset=\"http:\/\/wolfsreise.d-l-w.de\/wp-content\/uploads\/2019\/07\/957FED14-15C3-49FF-A9B4-27D2B3E67608-e1563464559364-1024x765.jpeg 1024w, http:\/\/wolfsreise.d-l-w.de\/wp-content\/uploads\/2019\/07\/957FED14-15C3-49FF-A9B4-27D2B3E67608-e1563464559364-150x112.jpeg 150w, http:\/\/wolfsreise.d-l-w.de\/wp-content\/uploads\/2019\/07\/957FED14-15C3-49FF-A9B4-27D2B3E67608-e1563464559364-300x224.jpeg 300w, http:\/\/wolfsreise.d-l-w.de\/wp-content\/uploads\/2019\/07\/957FED14-15C3-49FF-A9B4-27D2B3E67608-e1563464559364-768x574.jpeg 768w\" sizes=\"(max-width: 767px) 89vw, (max-width: 1000px) 54vw, (max-width: 1071px) 543px, 580px\" \/><\/figure>\n\n\n\n<p>Oder auch so:<\/p>\n\n\n\n<figure class=\"wp-block-image\"><img loading=\"lazy\" decoding=\"async\" width=\"1024\" height=\"765\" src=\"http:\/\/wolfsreise.d-l-w.de\/wp-content\/uploads\/2019\/07\/A9FF54D6-06AB-45DF-B49C-4199CD848604-1024x765.jpeg\" alt=\"\" class=\"wp-image-1851\" srcset=\"http:\/\/wolfsreise.d-l-w.de\/wp-content\/uploads\/2019\/07\/A9FF54D6-06AB-45DF-B49C-4199CD848604-1024x765.jpeg 1024w, http:\/\/wolfsreise.d-l-w.de\/wp-content\/uploads\/2019\/07\/A9FF54D6-06AB-45DF-B49C-4199CD848604-150x112.jpeg 150w, http:\/\/wolfsreise.d-l-w.de\/wp-content\/uploads\/2019\/07\/A9FF54D6-06AB-45DF-B49C-4199CD848604-300x224.jpeg 300w, http:\/\/wolfsreise.d-l-w.de\/wp-content\/uploads\/2019\/07\/A9FF54D6-06AB-45DF-B49C-4199CD848604-768x574.jpeg 768w\" sizes=\"(max-width: 767px) 89vw, (max-width: 1000px) 54vw, (max-width: 1071px) 543px, 580px\" \/><figcaption>Von den blauen Bergen kommen wir &#8230;<\/figcaption><\/figure>\n","protected":false},"excerpt":{"rendered":"<p>Ein Bergtag \u00fcberm See, \u00fcbern See &#8211; und wir waren nicht schwimmen, viel zu kalt und zu gro\u00df mit 14 qkm. Aber sch\u00f6n anzuschauen: Campotosto Gerd sitzt heute in seinem virtuellen B\u00fcro, ich habe Zeit und bastle dies und das. Das Leben ist langsam, lauwarm und windig &#8211; aber sch\u00f6n. Oder auch so:<\/p>\n","protected":false},"author":2,"featured_media":0,"comment_status":"open","ping_status":"open","sticky":false,"template":"","format":"standard","meta":{"footnotes":""},"categories":[9],"tags":[],"class_list":["post-1845","post","type-post","status-publish","format-standard","hentry","category-europa-2019"],"_links":{"self":[{"href":"http:\/\/wolfsreise.d-l-w.de\/index.php?rest_route=\/wp\/v2\/posts\/1845"}],"collection":[{"href":"http:\/\/wolfsreise.d-l-w.de\/index.php?rest_route=\/wp\/v2\/posts"}],"about":[{"href":"http:\/\/wolfsreise.d-l-w.de\/index.php?rest_route=\/wp\/v2\/types\/post"}],"author":[{"embeddable":true,"href":"http:\/\/wolfsreise.d-l-w.de\/index.php?rest_route=\/wp\/v2\/users\/2"}],"replies":[{"embeddable":true,"href":"http:\/\/wolfsreise.d-l-w.de\/index.php?rest_route=%2Fwp%2Fv2%2Fcomments&post=1845"}],"version-history":[{"count":5,"href":"http:\/\/wolfsreise.d-l-w.de\/index.php?rest_route=\/wp\/v2\/posts\/1845\/revisions"}],"predecessor-version":[{"id":1854,"href":"http:\/\/wolfsreise.d-l-w.de\/index.php?rest_route=\/wp\/v2\/posts\/1845\/revisions\/1854"}],"wp:attachment":[{"href":"http:\/\/wolfsreise.d-l-w.de\/index.php?rest_route=%2Fwp%2Fv2%2Fmedia&parent=1845"}],"wp:term":[{"taxonomy":"category","embeddable":true,"href":"http:\/\/wolfsreise.d-l-w.de\/index.php?rest_route=%2Fwp%2Fv2%2Fcategories&post=1845"},{"taxonomy":"post_tag","embeddable":true,"href":"http:\/\/wolfsreise.d-l-w.de\/index.php?rest_route=%2Fwp%2Fv2%2Ftags&post=1845"}],"curies":[{"name":"wp","href":"https:\/\/api.w.org\/{rel}","templated":true}]}}