{"id":1822,"date":"2019-07-17T21:04:49","date_gmt":"2019-07-17T19:04:49","guid":{"rendered":"http:\/\/wolfsreise.d-l-w.de\/?p=1822"},"modified":"2019-07-18T17:54:12","modified_gmt":"2019-07-18T15:54:12","slug":"l%cb%8baquilla-einst-eine-barrocke-schoenheit-heute-ein-verstoerendes-erlebnis","status":"publish","type":"post","link":"http:\/\/wolfsreise.d-l-w.de\/?p=1822","title":{"rendered":"L\u02cbAquilla &#8211; einst eine barrocke Sch\u00f6nheit, heute ein verst\u00f6rendes Erlebnis"},"content":{"rendered":"\n<p>Uninformiert, unvorbereitet wie fast immer, haben wir vor die 5 Sch\u00f6nheiten der Stadt zu besuchen.&nbsp;<\/p>\n\n\n\n<p>Zuvor jedoch m\u00fcssen wir (!!!!!) zu Decathlon. Gerds kurze Hose ist am Hintern durchgescheuert. Wie hat er das nur gemacht. Die Hose ist schlie\u00dflich erst 10 Jahre alt und ich habe sie gerade geflickt.<\/p>\n\n\n\n<p>Decathlon ist immer gef\u00e4hrlich f\u00fcr den Geldbeutel. Eine klitzekleine H\u00e4ngematte f\u00fcr nur 10,-\u20ac, 2 Kletterhaken nur 7\u20ac, eine Matte vor den Bus (etwas gr\u00f6\u00dfer als unser Erbst\u00fcck) f\u00fcr nur 10\u20ac. Zeug, brauchen wir das wirklich? Wir kaufen dennoch und 2 Hosen, 1 T-Shirt f\u00fcr Gerd und ein zweites Paar Socken f\u00fcr mich. Muss jetzt am Kaffee gespart werden? Aber nein!<\/p>\n\n\n\n<p>Dennoch: Decathlon ist jetzt fertig. Wir gehen nicht wieder hin.&nbsp;<\/p>\n\n\n\n<p>Im Supermarkt finde ich die von Gerd langersehnte Salatschleuder zum Falten,noch 5,99\u20ac. Ok, das Leben!<\/p>\n\n\n\n<p>Und endlich L\u2018Aquilla. Als wir uns der Stadt n\u00e4hern, fallen uns als erstes die vielen Kr\u00e4ne auf und wir \u00fcberlegen, was los ist. Im Hinterkopf rumort es: Erdbeben. Na endlich lesen wir.&nbsp;<\/p>\n\n\n\n<p>2009 starkes Beben mit 300 Toten und vollmundigen Versprechungen von Berlusconi. 5 Jahre sp\u00e4ter, nix passiert an Wiederaufbau, 5 werden verhaftet und 12.000 Personen in Neubauten am Rand der Stadt untergebracht. Wer hat woran verdient und wo sind die Subventionen f\u00fcr den Wiederaufbau nur geblieben?&nbsp;<\/p>\n\n\n\n<p>2016 das n\u00e4chst Beben, erwartet weniger Stark, nur 6,5 auf der Richterskala und weitere Zusammenbr\u00fcche der alten Bauten.<\/p>\n\n\n\n<p>2018 nich ein Beben.<\/p>\n\n\n\n<p>Heute ist die Stadt geschient und in Ger\u00fcste gelegt. Viele H\u00e4user sind schon wieder saniert, aber \u00fcberwiegend leer, unbewohnt.<\/p>\n\n\n\n<p>Der Stadtkern macht den Eindruck einer Geisterstadt &#8211; sehr bedr\u00fcckend, ber\u00fchrend. Seit letztem Jahr sind einige H\u00e4user fertig geworden und Menschen ziehen ein, vielleicht auch zur\u00fcck, wenn die Renovierung bezahlbar bleibt.<\/p>\n\n\n\n<figure class=\"wp-block-image\"><img loading=\"lazy\" decoding=\"async\" width=\"1024\" height=\"768\" src=\"http:\/\/wolfsreise.d-l-w.de\/wp-content\/uploads\/2019\/07\/1A98649F-DD31-45E8-AE7A-9ABCA8020322-1024x768.jpeg\" alt=\"\" class=\"wp-image-1824\" srcset=\"http:\/\/wolfsreise.d-l-w.de\/wp-content\/uploads\/2019\/07\/1A98649F-DD31-45E8-AE7A-9ABCA8020322-1024x768.jpeg 1024w, http:\/\/wolfsreise.d-l-w.de\/wp-content\/uploads\/2019\/07\/1A98649F-DD31-45E8-AE7A-9ABCA8020322-150x113.jpeg 150w, http:\/\/wolfsreise.d-l-w.de\/wp-content\/uploads\/2019\/07\/1A98649F-DD31-45E8-AE7A-9ABCA8020322-300x225.jpeg 300w, http:\/\/wolfsreise.d-l-w.de\/wp-content\/uploads\/2019\/07\/1A98649F-DD31-45E8-AE7A-9ABCA8020322-768x576.jpeg 768w, http:\/\/wolfsreise.d-l-w.de\/wp-content\/uploads\/2019\/07\/1A98649F-DD31-45E8-AE7A-9ABCA8020322.jpeg 2048w\" sizes=\"(max-width: 767px) 89vw, (max-width: 1000px) 54vw, (max-width: 1071px) 543px, 580px\" \/><figcaption>Geschiente H\u00e4user mit schon renoviertem 2-Sterne Denkmal<\/figcaption><\/figure>\n\n\n\n<figure class=\"wp-block-image\"><img loading=\"lazy\" decoding=\"async\" width=\"1024\" height=\"769\" src=\"http:\/\/wolfsreise.d-l-w.de\/wp-content\/uploads\/2019\/07\/87D72A95-A953-434B-8F93-B8E7DFC87D1E-1024x769.jpeg\" alt=\"\" class=\"wp-image-1825\" srcset=\"http:\/\/wolfsreise.d-l-w.de\/wp-content\/uploads\/2019\/07\/87D72A95-A953-434B-8F93-B8E7DFC87D1E-1024x769.jpeg 1024w, http:\/\/wolfsreise.d-l-w.de\/wp-content\/uploads\/2019\/07\/87D72A95-A953-434B-8F93-B8E7DFC87D1E-150x113.jpeg 150w, http:\/\/wolfsreise.d-l-w.de\/wp-content\/uploads\/2019\/07\/87D72A95-A953-434B-8F93-B8E7DFC87D1E-300x225.jpeg 300w, http:\/\/wolfsreise.d-l-w.de\/wp-content\/uploads\/2019\/07\/87D72A95-A953-434B-8F93-B8E7DFC87D1E-768x576.jpeg 768w, http:\/\/wolfsreise.d-l-w.de\/wp-content\/uploads\/2019\/07\/87D72A95-A953-434B-8F93-B8E7DFC87D1E.jpeg 1996w\" sizes=\"(max-width: 767px) 89vw, (max-width: 1000px) 54vw, (max-width: 1071px) 543px, 580px\" \/><figcaption>Vorher, nach der Restaurierung und dann die Zerst\u00f6rung  &#8230;<\/figcaption><\/figure>\n\n\n\n<figure class=\"wp-block-image\"><img loading=\"lazy\" decoding=\"async\" width=\"220\" height=\"165\" src=\"http:\/\/wolfsreise.d-l-w.de\/wp-content\/uploads\/2019\/07\/A2C2A931-A8A9-4B5E-9E9B-1B33CF78C350.jpeg\" alt=\"\" class=\"wp-image-1826\" srcset=\"http:\/\/wolfsreise.d-l-w.de\/wp-content\/uploads\/2019\/07\/A2C2A931-A8A9-4B5E-9E9B-1B33CF78C350.jpeg 220w, http:\/\/wolfsreise.d-l-w.de\/wp-content\/uploads\/2019\/07\/A2C2A931-A8A9-4B5E-9E9B-1B33CF78C350-150x113.jpeg 150w\" sizes=\"(max-width: 220px) 100vw, 220px\" \/><figcaption>Nach dem Beben, eine Herkulesaufgabe, die L\u2018Aquila noch vor sich hat. <\/figcaption><\/figure>\n\n\n\n<p>Mut geh\u00f6rt auch dazu wieder neu anzufangen. Was bleibt ist die Hoffnung, dass das n\u00e4chste Beben auch mehr als 200 Jahre ausbleibt, wie von 1758 bis 2009. In eine ungewisse Zukunft&#8230;<\/p>\n\n\n\n<figure class=\"wp-block-image\"><img loading=\"lazy\" decoding=\"async\" width=\"1024\" height=\"768\" src=\"http:\/\/wolfsreise.d-l-w.de\/wp-content\/uploads\/2019\/07\/04ABD46E-B2C5-485C-827D-D50DA1F4CF21-1024x768.jpeg\" alt=\"\" class=\"wp-image-1856\" srcset=\"http:\/\/wolfsreise.d-l-w.de\/wp-content\/uploads\/2019\/07\/04ABD46E-B2C5-485C-827D-D50DA1F4CF21-1024x768.jpeg 1024w, http:\/\/wolfsreise.d-l-w.de\/wp-content\/uploads\/2019\/07\/04ABD46E-B2C5-485C-827D-D50DA1F4CF21-150x112.jpeg 150w, http:\/\/wolfsreise.d-l-w.de\/wp-content\/uploads\/2019\/07\/04ABD46E-B2C5-485C-827D-D50DA1F4CF21-300x225.jpeg 300w, http:\/\/wolfsreise.d-l-w.de\/wp-content\/uploads\/2019\/07\/04ABD46E-B2C5-485C-827D-D50DA1F4CF21-768x576.jpeg 768w, http:\/\/wolfsreise.d-l-w.de\/wp-content\/uploads\/2019\/07\/04ABD46E-B2C5-485C-827D-D50DA1F4CF21.jpeg 1958w\" sizes=\"(max-width: 767px) 89vw, (max-width: 1000px) 54vw, (max-width: 1071px) 543px, 580px\" \/><figcaption>Gedenken an die Toten <\/figcaption><\/figure>\n","protected":false},"excerpt":{"rendered":"<p>Uninformiert, unvorbereitet wie fast immer, haben wir vor die 5 Sch\u00f6nheiten der Stadt zu besuchen.&nbsp; Zuvor jedoch m\u00fcssen wir (!!!!!) zu Decathlon. Gerds kurze Hose ist am Hintern durchgescheuert. Wie hat er das nur gemacht. Die Hose ist schlie\u00dflich erst 10 Jahre alt und ich habe sie gerade geflickt. Decathlon ist immer gef\u00e4hrlich f\u00fcr den &hellip; <\/p>\n<p class=\"link-more\"><a href=\"http:\/\/wolfsreise.d-l-w.de\/?p=1822\" class=\"more-link\"><span class=\"screen-reader-text\">\u201eL\u02cbAquilla &#8211; einst eine barrocke Sch\u00f6nheit, heute ein verst\u00f6rendes Erlebnis\u201c<\/span> weiterlesen<\/a><\/p>\n","protected":false},"author":2,"featured_media":0,"comment_status":"open","ping_status":"open","sticky":false,"template":"","format":"standard","meta":{"footnotes":""},"categories":[9],"tags":[],"class_list":["post-1822","post","type-post","status-publish","format-standard","hentry","category-europa-2019"],"_links":{"self":[{"href":"http:\/\/wolfsreise.d-l-w.de\/index.php?rest_route=\/wp\/v2\/posts\/1822"}],"collection":[{"href":"http:\/\/wolfsreise.d-l-w.de\/index.php?rest_route=\/wp\/v2\/posts"}],"about":[{"href":"http:\/\/wolfsreise.d-l-w.de\/index.php?rest_route=\/wp\/v2\/types\/post"}],"author":[{"embeddable":true,"href":"http:\/\/wolfsreise.d-l-w.de\/index.php?rest_route=\/wp\/v2\/users\/2"}],"replies":[{"embeddable":true,"href":"http:\/\/wolfsreise.d-l-w.de\/index.php?rest_route=%2Fwp%2Fv2%2Fcomments&post=1822"}],"version-history":[{"count":9,"href":"http:\/\/wolfsreise.d-l-w.de\/index.php?rest_route=\/wp\/v2\/posts\/1822\/revisions"}],"predecessor-version":[{"id":1857,"href":"http:\/\/wolfsreise.d-l-w.de\/index.php?rest_route=\/wp\/v2\/posts\/1822\/revisions\/1857"}],"wp:attachment":[{"href":"http:\/\/wolfsreise.d-l-w.de\/index.php?rest_route=%2Fwp%2Fv2%2Fmedia&parent=1822"}],"wp:term":[{"taxonomy":"category","embeddable":true,"href":"http:\/\/wolfsreise.d-l-w.de\/index.php?rest_route=%2Fwp%2Fv2%2Fcategories&post=1822"},{"taxonomy":"post_tag","embeddable":true,"href":"http:\/\/wolfsreise.d-l-w.de\/index.php?rest_route=%2Fwp%2Fv2%2Ftags&post=1822"}],"curies":[{"name":"wp","href":"https:\/\/api.w.org\/{rel}","templated":true}]}}