{"id":1806,"date":"2019-07-16T21:12:20","date_gmt":"2019-07-16T19:12:20","guid":{"rendered":"http:\/\/wolfsreise.d-l-w.de\/?p=1806"},"modified":"2019-11-13T18:47:07","modified_gmt":"2019-11-13T17:47:07","slug":"wie-verschoenere-ich-einen-regentag-und-warte-auf-die-liebe-sonne","status":"publish","type":"post","link":"http:\/\/wolfsreise.d-l-w.de\/?p=1806","title":{"rendered":"Wie versch\u00f6nere ich einen Regentag und warte auf die liebe Sonne?"},"content":{"rendered":"\n<p>Ins Bett gehen bei Regen, aufwachen bei Regen &#8211; obwohl der unzuverl\u00e4ssige Wetterbericht nur kleine Wolken versprochen hatte &#8211; macht nicht viel Spa\u00df in den Abruzzen. Aber nach einer sehr hei\u00dfen Dusche, die es auf dem Campingplatz tats\u00e4chlich gibt und einem schnelle Zusammenpacken, fr\u00fchst\u00fccken  wir um 9.00 in der Dorfkneipe italienisch: Cappuccino und Cornetto, leider immer wieder mit Zucker vers\u00fc\u00dft, das ist hier Natur.<\/p>\n\n\n\n<div class=\"wp-block-image\"><figure class=\"alignright\"><img loading=\"lazy\" decoding=\"async\" width=\"1024\" height=\"1024\" src=\"http:\/\/wolfsreise.d-l-w.de\/wp-content\/uploads\/2019\/07\/686A0CF3-E9FE-4D04-BA00-DAA96A06ABC5-e1563302329320-1024x1024.jpeg\" alt=\"\" class=\"wp-image-1809\" srcset=\"http:\/\/wolfsreise.d-l-w.de\/wp-content\/uploads\/2019\/07\/686A0CF3-E9FE-4D04-BA00-DAA96A06ABC5-e1563302329320-1024x1024.jpeg 1024w, http:\/\/wolfsreise.d-l-w.de\/wp-content\/uploads\/2019\/07\/686A0CF3-E9FE-4D04-BA00-DAA96A06ABC5-e1563302329320-150x150.jpeg 150w, http:\/\/wolfsreise.d-l-w.de\/wp-content\/uploads\/2019\/07\/686A0CF3-E9FE-4D04-BA00-DAA96A06ABC5-e1563302329320-300x300.jpeg 300w, http:\/\/wolfsreise.d-l-w.de\/wp-content\/uploads\/2019\/07\/686A0CF3-E9FE-4D04-BA00-DAA96A06ABC5-e1563302329320-768x768.jpeg 768w, http:\/\/wolfsreise.d-l-w.de\/wp-content\/uploads\/2019\/07\/686A0CF3-E9FE-4D04-BA00-DAA96A06ABC5-e1563302329320-100x100.jpeg 100w, http:\/\/wolfsreise.d-l-w.de\/wp-content\/uploads\/2019\/07\/686A0CF3-E9FE-4D04-BA00-DAA96A06ABC5-e1563302329320.jpeg 1536w\" sizes=\"(max-width: 767px) 89vw, (max-width: 1000px) 54vw, (max-width: 1071px) 543px, 580px\" \/><figcaption>Der nahezu leere Innenraum mit Kanzel aus steinernem Filigran und einer S\u00e4ule f\u00fcr die Osterkerze (kannte ich nicht zuvor), um die man noch 12 Kerzen stellen kann. Ohne Regen, mit schwarz drohenden Wolken \u00fcber uns.<\/figcaption><\/figure><\/div>\n\n\n\n<p>Die Richtung ist klar, raus aus den Wolken, runter ins Tal zur \u201eder\u201c romanisch-gotisch in Anf\u00e4ngen Basilika \u201eAbbazia San Clemente a Causaria\u201c, eine der sch\u00f6nsten im LAnde und auch f\u00fcr uns. Oft erobert, zerst\u00f6rt, wieder aufgebaut, gepl\u00fcndert und nun restauriert. Wir sind mal wieder fast allein, probieren die Akustik, die Krypta, in der wohl die r\u00f6mischen Reste verbaut wurden und genie\u00dfen Stille. Ein rares Gut in Italy! Alle anderen zum Kloster geh\u00f6renden Geb\u00e4ude sind bei mehreren Erdbeben zusammengebrochenen und nix ist mehr zu sehen. Eine Geschichte die um 900 n.Chr., bis heute faszinierend. Vor allem eine Bronzet\u00fcr aus dem 12. Jahrhundert. Eigentlich k\u00f6nnten die Meister schon alle Techniken und Formen, modern bis heute.<\/p>\n\n\n\n<figure class=\"wp-block-image\"><img loading=\"lazy\" decoding=\"async\" width=\"1024\" height=\"1024\" src=\"http:\/\/wolfsreise.d-l-w.de\/wp-content\/uploads\/2019\/07\/685B4F0D-40C4-4A76-B769-B4D733B519BE-1024x1024.jpeg\" alt=\"\" class=\"wp-image-1811\" srcset=\"http:\/\/wolfsreise.d-l-w.de\/wp-content\/uploads\/2019\/07\/685B4F0D-40C4-4A76-B769-B4D733B519BE-1024x1024.jpeg 1024w, http:\/\/wolfsreise.d-l-w.de\/wp-content\/uploads\/2019\/07\/685B4F0D-40C4-4A76-B769-B4D733B519BE-150x150.jpeg 150w, http:\/\/wolfsreise.d-l-w.de\/wp-content\/uploads\/2019\/07\/685B4F0D-40C4-4A76-B769-B4D733B519BE-300x300.jpeg 300w, http:\/\/wolfsreise.d-l-w.de\/wp-content\/uploads\/2019\/07\/685B4F0D-40C4-4A76-B769-B4D733B519BE-768x768.jpeg 768w, http:\/\/wolfsreise.d-l-w.de\/wp-content\/uploads\/2019\/07\/685B4F0D-40C4-4A76-B769-B4D733B519BE-100x100.jpeg 100w, http:\/\/wolfsreise.d-l-w.de\/wp-content\/uploads\/2019\/07\/685B4F0D-40C4-4A76-B769-B4D733B519BE.jpeg 1536w\" sizes=\"(max-width: 767px) 89vw, (max-width: 1000px) 54vw, (max-width: 1071px) 543px, 580px\" \/><figcaption>Leider kommt der Gr\u00fcnstich nicht richtig zur Geltung <\/figcaption><\/figure>\n\n\n\n<p>N\u00e4chste Station Sulmona bei vollem Regen. Aber sofort ein Parkplatz f\u00fcr den Bus und rennen in die Bar f\u00fcr einen kleine Kaffee. Weiter geht\u2019s mit Kirchen, aber auch mit Konfetti, Confetti, alles e\u00dfbar. Ihr werdet es nicht glauben.<\/p>\n\n\n\n<figure class=\"wp-block-image\"><img loading=\"lazy\" decoding=\"async\" width=\"1024\" height=\"1024\" src=\"http:\/\/wolfsreise.d-l-w.de\/wp-content\/uploads\/2019\/07\/2639E65E-1AEB-431C-A538-E4C1ADD746D8-1024x1024.jpeg\" alt=\"\" class=\"wp-image-1814\" srcset=\"http:\/\/wolfsreise.d-l-w.de\/wp-content\/uploads\/2019\/07\/2639E65E-1AEB-431C-A538-E4C1ADD746D8-1024x1024.jpeg 1024w, http:\/\/wolfsreise.d-l-w.de\/wp-content\/uploads\/2019\/07\/2639E65E-1AEB-431C-A538-E4C1ADD746D8-150x150.jpeg 150w, http:\/\/wolfsreise.d-l-w.de\/wp-content\/uploads\/2019\/07\/2639E65E-1AEB-431C-A538-E4C1ADD746D8-300x300.jpeg 300w, http:\/\/wolfsreise.d-l-w.de\/wp-content\/uploads\/2019\/07\/2639E65E-1AEB-431C-A538-E4C1ADD746D8-768x768.jpeg 768w, http:\/\/wolfsreise.d-l-w.de\/wp-content\/uploads\/2019\/07\/2639E65E-1AEB-431C-A538-E4C1ADD746D8-100x100.jpeg 100w, http:\/\/wolfsreise.d-l-w.de\/wp-content\/uploads\/2019\/07\/2639E65E-1AEB-431C-A538-E4C1ADD746D8.jpeg 1536w\" sizes=\"(max-width: 767px) 89vw, (max-width: 1000px) 54vw, (max-width: 1071px) 543px, 580px\" \/><figcaption>Mandelkonfetti mit Zucker\u00fcberzug, die Spezialit\u00e4t der Stadt. Guten Hunger!<\/figcaption><\/figure>\n\n\n\n<p>Wollt Ihr mehr Kirchen sehen? Nein, lieber Landschaft der Abruzzen, wild, fast unbewohnt, zwischen steilen Felsformationen und weiten Hochebenen, dicke dunkle Wolkengebilde. in jedem Ort mindestens zwei, eher drei und mehr Kirchen. Sei\u2019s drum!<\/p>\n\n\n\n<figure class=\"wp-block-image\"><img loading=\"lazy\" decoding=\"async\" width=\"1024\" height=\"1024\" src=\"http:\/\/wolfsreise.d-l-w.de\/wp-content\/uploads\/2019\/07\/0C75AF9B-981A-466B-8CF6-9DCD8B43E031-1024x1024.jpeg\" alt=\"\" class=\"wp-image-1835\" srcset=\"http:\/\/wolfsreise.d-l-w.de\/wp-content\/uploads\/2019\/07\/0C75AF9B-981A-466B-8CF6-9DCD8B43E031-1024x1024.jpeg 1024w, http:\/\/wolfsreise.d-l-w.de\/wp-content\/uploads\/2019\/07\/0C75AF9B-981A-466B-8CF6-9DCD8B43E031-150x150.jpeg 150w, http:\/\/wolfsreise.d-l-w.de\/wp-content\/uploads\/2019\/07\/0C75AF9B-981A-466B-8CF6-9DCD8B43E031-300x300.jpeg 300w, http:\/\/wolfsreise.d-l-w.de\/wp-content\/uploads\/2019\/07\/0C75AF9B-981A-466B-8CF6-9DCD8B43E031-768x768.jpeg 768w, http:\/\/wolfsreise.d-l-w.de\/wp-content\/uploads\/2019\/07\/0C75AF9B-981A-466B-8CF6-9DCD8B43E031-100x100.jpeg 100w, http:\/\/wolfsreise.d-l-w.de\/wp-content\/uploads\/2019\/07\/0C75AF9B-981A-466B-8CF6-9DCD8B43E031.jpeg 1536w\" sizes=\"(max-width: 767px) 89vw, (max-width: 1000px) 54vw, (max-width: 1071px) 543px, 580px\" \/><figcaption>Ohne Regen ist Sulmona ganz h\u00fcsch, zwischen. R\u00f6mern, Renaissance, Barrock und Moderne<\/figcaption><\/figure>\n\n\n\n<figure class=\"wp-block-image\"><img loading=\"lazy\" decoding=\"async\" width=\"1024\" height=\"1024\" src=\"http:\/\/wolfsreise.d-l-w.de\/wp-content\/uploads\/2019\/07\/8F19A8FB-70F5-4878-AD97-AAC8003D57E1-1024x1024.jpeg\" alt=\"\" class=\"wp-image-1839\" srcset=\"http:\/\/wolfsreise.d-l-w.de\/wp-content\/uploads\/2019\/07\/8F19A8FB-70F5-4878-AD97-AAC8003D57E1-1024x1024.jpeg 1024w, http:\/\/wolfsreise.d-l-w.de\/wp-content\/uploads\/2019\/07\/8F19A8FB-70F5-4878-AD97-AAC8003D57E1-150x150.jpeg 150w, http:\/\/wolfsreise.d-l-w.de\/wp-content\/uploads\/2019\/07\/8F19A8FB-70F5-4878-AD97-AAC8003D57E1-300x300.jpeg 300w, http:\/\/wolfsreise.d-l-w.de\/wp-content\/uploads\/2019\/07\/8F19A8FB-70F5-4878-AD97-AAC8003D57E1-768x768.jpeg 768w, http:\/\/wolfsreise.d-l-w.de\/wp-content\/uploads\/2019\/07\/8F19A8FB-70F5-4878-AD97-AAC8003D57E1-100x100.jpeg 100w, http:\/\/wolfsreise.d-l-w.de\/wp-content\/uploads\/2019\/07\/8F19A8FB-70F5-4878-AD97-AAC8003D57E1.jpeg 1536w\" sizes=\"(max-width: 767px) 89vw, (max-width: 1000px) 54vw, (max-width: 1071px) 543px, 580px\" \/><figcaption>Palazzi Prozi mit einer Scherbensammlung aus vielen Jahrhunderten. \u00dcber 65-j\u00e4hrige d\u00fcrfen umsonst gucken. Gerd auch, Urlaub macht alt??? Und fals noch was im Schmuckk\u00e4stchen fehlt, immer an die alten R\u00f6mer halten:<\/figcaption><\/figure>\n\n\n\n<figure class=\"wp-block-image\"><img loading=\"lazy\" decoding=\"async\" width=\"1024\" height=\"1024\" src=\"http:\/\/wolfsreise.d-l-w.de\/wp-content\/uploads\/2019\/07\/FD6C4B03-AFB8-4635-B2FB-FCF64A5E3010-1024x1024.jpeg\" alt=\"\" class=\"wp-image-1842\" srcset=\"http:\/\/wolfsreise.d-l-w.de\/wp-content\/uploads\/2019\/07\/FD6C4B03-AFB8-4635-B2FB-FCF64A5E3010-1024x1024.jpeg 1024w, http:\/\/wolfsreise.d-l-w.de\/wp-content\/uploads\/2019\/07\/FD6C4B03-AFB8-4635-B2FB-FCF64A5E3010-150x150.jpeg 150w, http:\/\/wolfsreise.d-l-w.de\/wp-content\/uploads\/2019\/07\/FD6C4B03-AFB8-4635-B2FB-FCF64A5E3010-300x300.jpeg 300w, http:\/\/wolfsreise.d-l-w.de\/wp-content\/uploads\/2019\/07\/FD6C4B03-AFB8-4635-B2FB-FCF64A5E3010-768x768.jpeg 768w, http:\/\/wolfsreise.d-l-w.de\/wp-content\/uploads\/2019\/07\/FD6C4B03-AFB8-4635-B2FB-FCF64A5E3010-100x100.jpeg 100w, http:\/\/wolfsreise.d-l-w.de\/wp-content\/uploads\/2019\/07\/FD6C4B03-AFB8-4635-B2FB-FCF64A5E3010.jpeg 1536w\" sizes=\"(max-width: 767px) 89vw, (max-width: 1000px) 54vw, (max-width: 1071px) 543px, 580px\" \/><\/figure>\n\n\n\n<figure class=\"wp-block-image\"><img loading=\"lazy\" decoding=\"async\" width=\"1024\" height=\"1024\" src=\"http:\/\/wolfsreise.d-l-w.de\/wp-content\/uploads\/2019\/07\/CAF7FFFD-1F54-4D2D-9A89-83AF96FB0E71-1024x1024.jpeg\" alt=\"\" class=\"wp-image-1816\" srcset=\"http:\/\/wolfsreise.d-l-w.de\/wp-content\/uploads\/2019\/07\/CAF7FFFD-1F54-4D2D-9A89-83AF96FB0E71-1024x1024.jpeg 1024w, http:\/\/wolfsreise.d-l-w.de\/wp-content\/uploads\/2019\/07\/CAF7FFFD-1F54-4D2D-9A89-83AF96FB0E71-150x150.jpeg 150w, http:\/\/wolfsreise.d-l-w.de\/wp-content\/uploads\/2019\/07\/CAF7FFFD-1F54-4D2D-9A89-83AF96FB0E71-300x300.jpeg 300w, http:\/\/wolfsreise.d-l-w.de\/wp-content\/uploads\/2019\/07\/CAF7FFFD-1F54-4D2D-9A89-83AF96FB0E71-768x768.jpeg 768w, http:\/\/wolfsreise.d-l-w.de\/wp-content\/uploads\/2019\/07\/CAF7FFFD-1F54-4D2D-9A89-83AF96FB0E71-100x100.jpeg 100w, http:\/\/wolfsreise.d-l-w.de\/wp-content\/uploads\/2019\/07\/CAF7FFFD-1F54-4D2D-9A89-83AF96FB0E71.jpeg 1536w\" sizes=\"(max-width: 767px) 89vw, (max-width: 1000px) 54vw, (max-width: 1071px) 543px, 580px\" \/><figcaption>Ohne Regen!<\/figcaption><\/figure>\n\n\n\n<figure class=\"wp-block-image\"><img loading=\"lazy\" decoding=\"async\" width=\"1024\" height=\"1024\" src=\"http:\/\/wolfsreise.d-l-w.de\/wp-content\/uploads\/2019\/07\/9E34E474-0477-41E9-83C7-3C6F832DB1F9-1024x1024.jpeg\" alt=\"\" class=\"wp-image-1817\" srcset=\"http:\/\/wolfsreise.d-l-w.de\/wp-content\/uploads\/2019\/07\/9E34E474-0477-41E9-83C7-3C6F832DB1F9-1024x1024.jpeg 1024w, http:\/\/wolfsreise.d-l-w.de\/wp-content\/uploads\/2019\/07\/9E34E474-0477-41E9-83C7-3C6F832DB1F9-150x150.jpeg 150w, http:\/\/wolfsreise.d-l-w.de\/wp-content\/uploads\/2019\/07\/9E34E474-0477-41E9-83C7-3C6F832DB1F9-300x300.jpeg 300w, http:\/\/wolfsreise.d-l-w.de\/wp-content\/uploads\/2019\/07\/9E34E474-0477-41E9-83C7-3C6F832DB1F9-768x768.jpeg 768w, http:\/\/wolfsreise.d-l-w.de\/wp-content\/uploads\/2019\/07\/9E34E474-0477-41E9-83C7-3C6F832DB1F9-100x100.jpeg 100w, http:\/\/wolfsreise.d-l-w.de\/wp-content\/uploads\/2019\/07\/9E34E474-0477-41E9-83C7-3C6F832DB1F9.jpeg 1536w\" sizes=\"(max-width: 767px) 89vw, (max-width: 1000px) 54vw, (max-width: 1071px) 543px, 580px\" \/><figcaption>Und ohne Menschen, daher mal wieder Nationalpark Majella<\/figcaption><\/figure>\n\n\n\n<p>Vom St\u00e4dtchen zur\u00fcck zum Camp durch den Nationalpark Majella auf der einzigen Stra\u00dfe, die es gibt, sind viele Abbr\u00fcche und tiefe L\u00f6cher seit Jahren mehr oder weniger gut gekennzeichnet. Die Durchschnitsgeschwindigkeit sinkt auf ca. 25 bis 30km\/std. Und \u00fcberall dort, wo sich L\u00f6cher, Ritzen, Abbr\u00fcche und Spalten zeigen, r\u00fcckt die Natur vor &#8211; ohne Gnade. Oft bleibt nur eine Spur zur\u00fcck, wer Mut hat, f\u00e4hrt zuerst.<\/p>\n","protected":false},"excerpt":{"rendered":"<p>Ins Bett gehen bei Regen, aufwachen bei Regen &#8211; obwohl der unzuverl\u00e4ssige Wetterbericht nur kleine Wolken versprochen hatte &#8211; macht nicht viel Spa\u00df in den Abruzzen. Aber nach einer sehr hei\u00dfen Dusche, die es auf dem Campingplatz tats\u00e4chlich gibt und einem schnelle Zusammenpacken, fr\u00fchst\u00fccken wir um 9.00 in der Dorfkneipe italienisch: Cappuccino und Cornetto, leider &hellip; <\/p>\n<p class=\"link-more\"><a href=\"http:\/\/wolfsreise.d-l-w.de\/?p=1806\" class=\"more-link\"><span class=\"screen-reader-text\">\u201eWie versch\u00f6nere ich einen Regentag und warte auf die liebe Sonne?\u201c<\/span> weiterlesen<\/a><\/p>\n","protected":false},"author":2,"featured_media":0,"comment_status":"open","ping_status":"open","sticky":false,"template":"","format":"standard","meta":{"footnotes":""},"categories":[9],"tags":[],"class_list":["post-1806","post","type-post","status-publish","format-standard","hentry","category-europa-2019"],"_links":{"self":[{"href":"http:\/\/wolfsreise.d-l-w.de\/index.php?rest_route=\/wp\/v2\/posts\/1806"}],"collection":[{"href":"http:\/\/wolfsreise.d-l-w.de\/index.php?rest_route=\/wp\/v2\/posts"}],"about":[{"href":"http:\/\/wolfsreise.d-l-w.de\/index.php?rest_route=\/wp\/v2\/types\/post"}],"author":[{"embeddable":true,"href":"http:\/\/wolfsreise.d-l-w.de\/index.php?rest_route=\/wp\/v2\/users\/2"}],"replies":[{"embeddable":true,"href":"http:\/\/wolfsreise.d-l-w.de\/index.php?rest_route=%2Fwp%2Fv2%2Fcomments&post=1806"}],"version-history":[{"count":16,"href":"http:\/\/wolfsreise.d-l-w.de\/index.php?rest_route=\/wp\/v2\/posts\/1806\/revisions"}],"predecessor-version":[{"id":2813,"href":"http:\/\/wolfsreise.d-l-w.de\/index.php?rest_route=\/wp\/v2\/posts\/1806\/revisions\/2813"}],"wp:attachment":[{"href":"http:\/\/wolfsreise.d-l-w.de\/index.php?rest_route=%2Fwp%2Fv2%2Fmedia&parent=1806"}],"wp:term":[{"taxonomy":"category","embeddable":true,"href":"http:\/\/wolfsreise.d-l-w.de\/index.php?rest_route=%2Fwp%2Fv2%2Fcategories&post=1806"},{"taxonomy":"post_tag","embeddable":true,"href":"http:\/\/wolfsreise.d-l-w.de\/index.php?rest_route=%2Fwp%2Fv2%2Ftags&post=1806"}],"curies":[{"name":"wp","href":"https:\/\/api.w.org\/{rel}","templated":true}]}}