{"id":1794,"date":"2019-07-15T20:24:04","date_gmt":"2019-07-15T18:24:04","guid":{"rendered":"http:\/\/wolfsreise.d-l-w.de\/?p=1794"},"modified":"2019-07-16T13:18:47","modified_gmt":"2019-07-16T11:18:47","slug":"lido-mar-spiaggia-blu-basta","status":"publish","type":"post","link":"http:\/\/wolfsreise.d-l-w.de\/?p=1794","title":{"rendered":"Lido &#8211; Mar &#8211; Spiaggia &#8211; Blu &#8211; Basta"},"content":{"rendered":"\n<figure class=\"wp-block-image\"><img loading=\"lazy\" decoding=\"async\" width=\"640\" height=\"480\" src=\"http:\/\/wolfsreise.d-l-w.de\/wp-content\/uploads\/2019\/07\/B340A308-63BB-4D6A-94FF-7C09FF70C2A5.jpeg\" alt=\"\" class=\"wp-image-1797\" srcset=\"http:\/\/wolfsreise.d-l-w.de\/wp-content\/uploads\/2019\/07\/B340A308-63BB-4D6A-94FF-7C09FF70C2A5.jpeg 640w, http:\/\/wolfsreise.d-l-w.de\/wp-content\/uploads\/2019\/07\/B340A308-63BB-4D6A-94FF-7C09FF70C2A5-150x113.jpeg 150w, http:\/\/wolfsreise.d-l-w.de\/wp-content\/uploads\/2019\/07\/B340A308-63BB-4D6A-94FF-7C09FF70C2A5-300x225.jpeg 300w\" sizes=\"(max-width: 640px) 100vw, 640px\" \/><figcaption>Das muss man m\u00f6gen &#8211; italienisches Flair &#8211; und das ist noch die moderate Fassung<\/figcaption><\/figure>\n\n\n\n<p>Und dann ab in die Abruzzen: eine ungeplanten Regentag, der uns zwingt all unsere w\u00e4rmsten Sachen wieder aus der Versenkung zu holen, dicke Hose, Wanderschuhe, Kaschmirpullover, Regenzwerge. Und dann ist auch noch Montag und im kleinen Ort St. Eufemia dal  Mojella Montags alle Restaurants geschlossen. Wir h\u00f6ren dem Regen zu, unsere frisch gewaschene W\u00e4sche bleibt feucht. Da m\u00fcssen wir jetzt durch.<\/p>\n\n\n\n<figure class=\"wp-block-image\"><img loading=\"lazy\" decoding=\"async\" width=\"1024\" height=\"765\" src=\"http:\/\/wolfsreise.d-l-w.de\/wp-content\/uploads\/2019\/07\/A7DD8FCF-C3A3-4546-936B-42F8FB1167B3-e1563214886896-1024x765.jpeg\" alt=\"\" class=\"wp-image-1801\" srcset=\"http:\/\/wolfsreise.d-l-w.de\/wp-content\/uploads\/2019\/07\/A7DD8FCF-C3A3-4546-936B-42F8FB1167B3-e1563214886896-1024x765.jpeg 1024w, http:\/\/wolfsreise.d-l-w.de\/wp-content\/uploads\/2019\/07\/A7DD8FCF-C3A3-4546-936B-42F8FB1167B3-e1563214886896-150x112.jpeg 150w, http:\/\/wolfsreise.d-l-w.de\/wp-content\/uploads\/2019\/07\/A7DD8FCF-C3A3-4546-936B-42F8FB1167B3-e1563214886896-300x224.jpeg 300w, http:\/\/wolfsreise.d-l-w.de\/wp-content\/uploads\/2019\/07\/A7DD8FCF-C3A3-4546-936B-42F8FB1167B3-e1563214886896-768x574.jpeg 768w\" sizes=\"(max-width: 767px) 89vw, (max-width: 1000px) 54vw, (max-width: 1071px) 543px, 580px\" \/><figcaption>Die Welt hat auch dunkle und nasse  Seiten<\/figcaption><\/figure>\n","protected":false},"excerpt":{"rendered":"<p>Und dann ab in die Abruzzen: eine ungeplanten Regentag, der uns zwingt all unsere w\u00e4rmsten Sachen wieder aus der Versenkung zu holen, dicke Hose, Wanderschuhe, Kaschmirpullover, Regenzwerge. Und dann ist auch noch Montag und im kleinen Ort St. Eufemia dal Mojella Montags alle Restaurants geschlossen. Wir h\u00f6ren dem Regen zu, unsere frisch gewaschene W\u00e4sche bleibt &hellip; <\/p>\n<p class=\"link-more\"><a href=\"http:\/\/wolfsreise.d-l-w.de\/?p=1794\" class=\"more-link\"><span class=\"screen-reader-text\">\u201eLido &#8211; Mar &#8211; Spiaggia &#8211; Blu &#8211; Basta\u201c<\/span> weiterlesen<\/a><\/p>\n","protected":false},"author":2,"featured_media":0,"comment_status":"open","ping_status":"open","sticky":false,"template":"","format":"standard","meta":{"footnotes":""},"categories":[9],"tags":[],"class_list":["post-1794","post","type-post","status-publish","format-standard","hentry","category-europa-2019"],"_links":{"self":[{"href":"http:\/\/wolfsreise.d-l-w.de\/index.php?rest_route=\/wp\/v2\/posts\/1794"}],"collection":[{"href":"http:\/\/wolfsreise.d-l-w.de\/index.php?rest_route=\/wp\/v2\/posts"}],"about":[{"href":"http:\/\/wolfsreise.d-l-w.de\/index.php?rest_route=\/wp\/v2\/types\/post"}],"author":[{"embeddable":true,"href":"http:\/\/wolfsreise.d-l-w.de\/index.php?rest_route=\/wp\/v2\/users\/2"}],"replies":[{"embeddable":true,"href":"http:\/\/wolfsreise.d-l-w.de\/index.php?rest_route=%2Fwp%2Fv2%2Fcomments&post=1794"}],"version-history":[{"count":7,"href":"http:\/\/wolfsreise.d-l-w.de\/index.php?rest_route=\/wp\/v2\/posts\/1794\/revisions"}],"predecessor-version":[{"id":1805,"href":"http:\/\/wolfsreise.d-l-w.de\/index.php?rest_route=\/wp\/v2\/posts\/1794\/revisions\/1805"}],"wp:attachment":[{"href":"http:\/\/wolfsreise.d-l-w.de\/index.php?rest_route=%2Fwp%2Fv2%2Fmedia&parent=1794"}],"wp:term":[{"taxonomy":"category","embeddable":true,"href":"http:\/\/wolfsreise.d-l-w.de\/index.php?rest_route=%2Fwp%2Fv2%2Fcategories&post=1794"},{"taxonomy":"post_tag","embeddable":true,"href":"http:\/\/wolfsreise.d-l-w.de\/index.php?rest_route=%2Fwp%2Fv2%2Ftags&post=1794"}],"curies":[{"name":"wp","href":"https:\/\/api.w.org\/{rel}","templated":true}]}}