{"id":1774,"date":"2019-07-12T22:00:27","date_gmt":"2019-07-12T20:00:27","guid":{"rendered":"http:\/\/wolfsreise.d-l-w.de\/?p=1774"},"modified":"2019-07-13T16:29:54","modified_gmt":"2019-07-13T14:29:54","slug":"was-der-bus-alles-neues-hat-und-ruth-und-theis-wohl-nicht-gebraucht-haben","status":"publish","type":"post","link":"http:\/\/wolfsreise.d-l-w.de\/?p=1774","title":{"rendered":"Was der Bus alles Neues hat und Ruth und Theis wohl nicht gebraucht haben &#8230;"},"content":{"rendered":"\n<p>Zuerst einmal einen Stromanschluss, der mit Solarenergie zu betreiben ist. Daf\u00fcr ist die Faltkarten Solaranlage da.<\/p>\n\n\n\n<p>Eine Solarlampe f\u00fcr den Campingtisch, die auch aufzuh\u00e4ngen geht f\u00fcr die romantischen Stunden.<\/p>\n\n\n\n<p>Die Halterung, um den Tisch in der Seitent\u00fcr zu versenken, ist selbstverst\u00e4ndlich repariert. Daf\u00fcr d\u00fcrfte Gerd endlich in den Baumarkt und 2-Komponentenkitt kaufen.<\/p>\n\n\n\n<p>Das Bett ist inzwischen auch \u201everkittet\u201c.<\/p>\n\n\n\n<p>Ein Sonnenschirm musste her,&nbsp;&nbsp;der kleine war zu klein und der neue ist gelb, sonnengelb, passend zum Bus. 10\u20ac lag im Budget drin.<\/p>\n\n\n\n<p>Es gibt (hurra, seit heute) einen Faltkarten Toaster f\u00fcr das Morgengl\u00fcck.&nbsp;&nbsp;Milchsuppe ist meine Sache noch nie gewesen, das \u00fcberlassen wir gern Theis.<\/p>\n\n\n\n<p>Einen zweiten Herd, da ging gar nicht anders.<\/p>\n\n\n\n<p>Eine nagelneue Faltsch\u00fcssel f\u00fcr 10 l Wasser. Wer muss abwaschen? Der Koch nie!<\/p>\n\n\n\n<p>Eine W\u00e4schespinne, die keine Spinne ist, aber mit 2 Schrauben am Bus \u201eeingef\u00e4delt\u201c werden kann und immerhin 4m Leine liefert.<\/p>\n\n\n\n<p>Ein Superm\u00fcckennetz f\u00fcr die Seitent\u00fcr, damit GERD \u00fcberlebt. Aus dem vorhanden werde ich eines f\u00fcr die Heckklappe basteln, die Magnete sind schon da!<\/p>\n\n\n\n<p>Was wir nicht haben, aber sch\u00f6n w\u00e4re &#8230;<\/p>\n\n\n\n<p>Einen gro\u00dfen Plastikteppich vor der T\u00fcr, da wird schon noch, war uns bislang zu \u201eteuer\u201c, vor allem aber zu h\u00e4\u00dflich.<\/p>\n\n\n\n<p>Eine Plane, die von der Veranda herab h\u00e4ngt und (sollte es mal wieder regnen) ihn abh\u00e4lt. Haben wir bei anderen Campern gesehen.<\/p>\n\n\n\n<p>Wir haben alles &#8230; und noch viel mehr.<\/p>\n\n\n\n<figure class=\"wp-block-image\"><img decoding=\"async\" src=\"blob:http:\/\/wolfsreise.d-l-w.de\/02020280-3a2c-42f6-8c90-5153ac664b6d\" alt=\"\"\/><\/figure>\n","protected":false},"excerpt":{"rendered":"<p>Zuerst einmal einen Stromanschluss, der mit Solarenergie zu betreiben ist. Daf\u00fcr ist die Faltkarten Solaranlage da. Eine Solarlampe f\u00fcr den Campingtisch, die auch aufzuh\u00e4ngen geht f\u00fcr die romantischen Stunden. Die Halterung, um den Tisch in der Seitent\u00fcr zu versenken, ist selbstverst\u00e4ndlich repariert. Daf\u00fcr d\u00fcrfte Gerd endlich in den Baumarkt und 2-Komponentenkitt kaufen. Das Bett ist &hellip; <\/p>\n<p class=\"link-more\"><a href=\"http:\/\/wolfsreise.d-l-w.de\/?p=1774\" class=\"more-link\"><span class=\"screen-reader-text\">\u201eWas der Bus alles Neues hat und Ruth und Theis wohl nicht gebraucht haben &#8230;\u201c<\/span> weiterlesen<\/a><\/p>\n","protected":false},"author":2,"featured_media":0,"comment_status":"open","ping_status":"open","sticky":false,"template":"","format":"standard","meta":{"footnotes":""},"categories":[9],"tags":[],"class_list":["post-1774","post","type-post","status-publish","format-standard","hentry","category-europa-2019"],"_links":{"self":[{"href":"http:\/\/wolfsreise.d-l-w.de\/index.php?rest_route=\/wp\/v2\/posts\/1774"}],"collection":[{"href":"http:\/\/wolfsreise.d-l-w.de\/index.php?rest_route=\/wp\/v2\/posts"}],"about":[{"href":"http:\/\/wolfsreise.d-l-w.de\/index.php?rest_route=\/wp\/v2\/types\/post"}],"author":[{"embeddable":true,"href":"http:\/\/wolfsreise.d-l-w.de\/index.php?rest_route=\/wp\/v2\/users\/2"}],"replies":[{"embeddable":true,"href":"http:\/\/wolfsreise.d-l-w.de\/index.php?rest_route=%2Fwp%2Fv2%2Fcomments&post=1774"}],"version-history":[{"count":7,"href":"http:\/\/wolfsreise.d-l-w.de\/index.php?rest_route=\/wp\/v2\/posts\/1774\/revisions"}],"predecessor-version":[{"id":1792,"href":"http:\/\/wolfsreise.d-l-w.de\/index.php?rest_route=\/wp\/v2\/posts\/1774\/revisions\/1792"}],"wp:attachment":[{"href":"http:\/\/wolfsreise.d-l-w.de\/index.php?rest_route=%2Fwp%2Fv2%2Fmedia&parent=1774"}],"wp:term":[{"taxonomy":"category","embeddable":true,"href":"http:\/\/wolfsreise.d-l-w.de\/index.php?rest_route=%2Fwp%2Fv2%2Fcategories&post=1774"},{"taxonomy":"post_tag","embeddable":true,"href":"http:\/\/wolfsreise.d-l-w.de\/index.php?rest_route=%2Fwp%2Fv2%2Ftags&post=1774"}],"curies":[{"name":"wp","href":"https:\/\/api.w.org\/{rel}","templated":true}]}}