{"id":1721,"date":"2019-07-07T17:13:54","date_gmt":"2019-07-07T15:13:54","guid":{"rendered":"http:\/\/wolfsreise.d-l-w.de\/?p=1721"},"modified":"2019-11-13T18:35:56","modified_gmt":"2019-11-13T17:35:56","slug":"der-besuch-kleiner-und-groesserer-italienischer-staedtchen-im-sueden","status":"publish","type":"post","link":"http:\/\/wolfsreise.d-l-w.de\/?p=1721","title":{"rendered":"Der Besuch kleiner und gr\u00f6\u00dferer italienischer St\u00e4dtchen im S\u00fcden"},"content":{"rendered":"\n<ul class=\"wp-block-list\"><li>Matera, lange die Schande Italiens, heute Kulturhauptstadt Europas 2019<\/li><li>Locorotondo, Essen und mehr von der wei\u00dfen Stadt mit Slow Food<\/li><li>Alberobello mit seinen Trullis<\/li><li>Ostuni, die Wei\u00dfe und enge<\/li><li>Lecce, voll im Barrock<\/li><li>Gallipoli&nbsp;mit Stadtstrand vor der Festungsmauer und neuem Halstuch nachdem das alte im Kloster geblieben ist<\/li><li>Francavilla Fontana, rundum befestigt<\/li><li>Tarent mit gro\u00dfem Hafen und der alten Stadt, die Filmkulisse <\/li><li>Mormanno&nbsp;an den Berg geklebt<\/li><li>Rotonda am Ende des Ausflugs mit prima Eisdiele<\/li><li>&#8230; und was kommt jetzt?<\/li><\/ul>\n\n\n\n<figure class=\"wp-block-image\"><img loading=\"lazy\" decoding=\"async\" width=\"1024\" height=\"768\" src=\"http:\/\/wolfsreise.d-l-w.de\/wp-content\/uploads\/2019\/07\/9AD14E2C-3963-4557-9F37-A5E939D88D2B-1024x768.jpeg\" alt=\"\" class=\"wp-image-1723\" srcset=\"http:\/\/wolfsreise.d-l-w.de\/wp-content\/uploads\/2019\/07\/9AD14E2C-3963-4557-9F37-A5E939D88D2B-1024x768.jpeg 1024w, http:\/\/wolfsreise.d-l-w.de\/wp-content\/uploads\/2019\/07\/9AD14E2C-3963-4557-9F37-A5E939D88D2B-150x113.jpeg 150w, http:\/\/wolfsreise.d-l-w.de\/wp-content\/uploads\/2019\/07\/9AD14E2C-3963-4557-9F37-A5E939D88D2B-300x225.jpeg 300w, http:\/\/wolfsreise.d-l-w.de\/wp-content\/uploads\/2019\/07\/9AD14E2C-3963-4557-9F37-A5E939D88D2B-768x576.jpeg 768w, http:\/\/wolfsreise.d-l-w.de\/wp-content\/uploads\/2019\/07\/9AD14E2C-3963-4557-9F37-A5E939D88D2B.jpeg 2048w\" sizes=\"(max-width: 767px) 89vw, (max-width: 1000px) 54vw, (max-width: 1071px) 543px, 580px\" \/><figcaption>Matera, rauf, rauf, rauf, selten runter<\/figcaption><\/figure>\n\n\n\n<figure class=\"wp-block-image\"><img loading=\"lazy\" decoding=\"async\" width=\"1024\" height=\"768\" src=\"http:\/\/wolfsreise.d-l-w.de\/wp-content\/uploads\/2019\/07\/37E1EAF2-4B42-476B-B86D-026D1B28A264-1024x768.jpeg\" alt=\"\" class=\"wp-image-1724\" srcset=\"http:\/\/wolfsreise.d-l-w.de\/wp-content\/uploads\/2019\/07\/37E1EAF2-4B42-476B-B86D-026D1B28A264-1024x768.jpeg 1024w, http:\/\/wolfsreise.d-l-w.de\/wp-content\/uploads\/2019\/07\/37E1EAF2-4B42-476B-B86D-026D1B28A264-150x113.jpeg 150w, http:\/\/wolfsreise.d-l-w.de\/wp-content\/uploads\/2019\/07\/37E1EAF2-4B42-476B-B86D-026D1B28A264-300x225.jpeg 300w, http:\/\/wolfsreise.d-l-w.de\/wp-content\/uploads\/2019\/07\/37E1EAF2-4B42-476B-B86D-026D1B28A264-768x576.jpeg 768w, http:\/\/wolfsreise.d-l-w.de\/wp-content\/uploads\/2019\/07\/37E1EAF2-4B42-476B-B86D-026D1B28A264.jpeg 2048w\" sizes=\"(max-width: 767px) 89vw, (max-width: 1000px) 54vw, (max-width: 1071px) 543px, 580px\" \/><figcaption>Trullis ohne Ende<\/figcaption><\/figure>\n\n\n\n<figure class=\"wp-block-image\"><img loading=\"lazy\" decoding=\"async\" width=\"1024\" height=\"768\" src=\"http:\/\/wolfsreise.d-l-w.de\/wp-content\/uploads\/2019\/07\/312D0588-5B77-41A3-A677-A48F09244B96-1024x768.jpeg\" alt=\"\" class=\"wp-image-1731\" srcset=\"http:\/\/wolfsreise.d-l-w.de\/wp-content\/uploads\/2019\/07\/312D0588-5B77-41A3-A677-A48F09244B96-1024x768.jpeg 1024w, http:\/\/wolfsreise.d-l-w.de\/wp-content\/uploads\/2019\/07\/312D0588-5B77-41A3-A677-A48F09244B96-150x113.jpeg 150w, http:\/\/wolfsreise.d-l-w.de\/wp-content\/uploads\/2019\/07\/312D0588-5B77-41A3-A677-A48F09244B96-300x225.jpeg 300w, http:\/\/wolfsreise.d-l-w.de\/wp-content\/uploads\/2019\/07\/312D0588-5B77-41A3-A677-A48F09244B96-768x576.jpeg 768w, http:\/\/wolfsreise.d-l-w.de\/wp-content\/uploads\/2019\/07\/312D0588-5B77-41A3-A677-A48F09244B96.jpeg 2048w\" sizes=\"(max-width: 767px) 89vw, (max-width: 1000px) 54vw, (max-width: 1071px) 543px, 580px\" \/><figcaption>Ostuni im Nachtmodus <\/figcaption><\/figure>\n\n\n\n<figure class=\"wp-block-image\"><img loading=\"lazy\" decoding=\"async\" width=\"1024\" height=\"768\" src=\"http:\/\/wolfsreise.d-l-w.de\/wp-content\/uploads\/2019\/07\/F306C623-9A95-402C-AB42-0F1D787CB46B-1024x768.jpeg\" alt=\"\" class=\"wp-image-1733\" srcset=\"http:\/\/wolfsreise.d-l-w.de\/wp-content\/uploads\/2019\/07\/F306C623-9A95-402C-AB42-0F1D787CB46B-1024x768.jpeg 1024w, http:\/\/wolfsreise.d-l-w.de\/wp-content\/uploads\/2019\/07\/F306C623-9A95-402C-AB42-0F1D787CB46B-150x113.jpeg 150w, http:\/\/wolfsreise.d-l-w.de\/wp-content\/uploads\/2019\/07\/F306C623-9A95-402C-AB42-0F1D787CB46B-300x225.jpeg 300w, http:\/\/wolfsreise.d-l-w.de\/wp-content\/uploads\/2019\/07\/F306C623-9A95-402C-AB42-0F1D787CB46B-768x576.jpeg 768w, http:\/\/wolfsreise.d-l-w.de\/wp-content\/uploads\/2019\/07\/F306C623-9A95-402C-AB42-0F1D787CB46B.jpeg 2048w\" sizes=\"(max-width: 767px) 89vw, (max-width: 1000px) 54vw, (max-width: 1071px) 543px, 580px\" \/><figcaption>Barrockiges Lecce<\/figcaption><\/figure>\n\n\n\n<figure class=\"wp-block-image\"><img loading=\"lazy\" decoding=\"async\" width=\"1024\" height=\"768\" src=\"http:\/\/wolfsreise.d-l-w.de\/wp-content\/uploads\/2019\/07\/CB69DF24-75D7-4817-B045-3D4FAE1EA8DC-1024x768.jpeg\" alt=\"\" class=\"wp-image-1737\" srcset=\"http:\/\/wolfsreise.d-l-w.de\/wp-content\/uploads\/2019\/07\/CB69DF24-75D7-4817-B045-3D4FAE1EA8DC-1024x768.jpeg 1024w, http:\/\/wolfsreise.d-l-w.de\/wp-content\/uploads\/2019\/07\/CB69DF24-75D7-4817-B045-3D4FAE1EA8DC-150x113.jpeg 150w, http:\/\/wolfsreise.d-l-w.de\/wp-content\/uploads\/2019\/07\/CB69DF24-75D7-4817-B045-3D4FAE1EA8DC-300x225.jpeg 300w, http:\/\/wolfsreise.d-l-w.de\/wp-content\/uploads\/2019\/07\/CB69DF24-75D7-4817-B045-3D4FAE1EA8DC-768x576.jpeg 768w, http:\/\/wolfsreise.d-l-w.de\/wp-content\/uploads\/2019\/07\/CB69DF24-75D7-4817-B045-3D4FAE1EA8DC.jpeg 2048w\" sizes=\"(max-width: 767px) 89vw, (max-width: 1000px) 54vw, (max-width: 1071px) 543px, 580px\" \/><figcaption>Tarent,  auf 1920 getrimmt<\/figcaption><\/figure>\n\n\n\n<figure class=\"wp-block-image is-resized\"><img loading=\"lazy\" decoding=\"async\" src=\"http:\/\/wolfsreise.d-l-w.de\/wp-content\/uploads\/2019\/07\/04488D86-5E3F-49FF-82C2-B07F38053386-1024x768.jpeg\" alt=\"\" class=\"wp-image-1739\" width=\"643\" height=\"482\" srcset=\"http:\/\/wolfsreise.d-l-w.de\/wp-content\/uploads\/2019\/07\/04488D86-5E3F-49FF-82C2-B07F38053386-1024x768.jpeg 1024w, http:\/\/wolfsreise.d-l-w.de\/wp-content\/uploads\/2019\/07\/04488D86-5E3F-49FF-82C2-B07F38053386-150x113.jpeg 150w, http:\/\/wolfsreise.d-l-w.de\/wp-content\/uploads\/2019\/07\/04488D86-5E3F-49FF-82C2-B07F38053386-300x225.jpeg 300w, http:\/\/wolfsreise.d-l-w.de\/wp-content\/uploads\/2019\/07\/04488D86-5E3F-49FF-82C2-B07F38053386-768x576.jpeg 768w, http:\/\/wolfsreise.d-l-w.de\/wp-content\/uploads\/2019\/07\/04488D86-5E3F-49FF-82C2-B07F38053386.jpeg 2048w\" sizes=\"(max-width: 643px) 100vw, 643px\" \/><figcaption>Gallipoli, auch wir liegen da<\/figcaption><\/figure>\n","protected":false},"excerpt":{"rendered":"<p>Matera, lange die Schande Italiens, heute Kulturhauptstadt Europas 2019 Locorotondo, Essen und mehr von der wei\u00dfen Stadt mit Slow Food Alberobello mit seinen Trullis Ostuni, die Wei\u00dfe und enge Lecce, voll im Barrock Gallipoli&nbsp;mit Stadtstrand vor der Festungsmauer und neuem Halstuch nachdem das alte im Kloster geblieben ist Francavilla Fontana, rundum befestigt Tarent mit gro\u00dfem &hellip; <\/p>\n<p class=\"link-more\"><a href=\"http:\/\/wolfsreise.d-l-w.de\/?p=1721\" class=\"more-link\"><span class=\"screen-reader-text\">\u201eDer Besuch kleiner und gr\u00f6\u00dferer italienischer St\u00e4dtchen im S\u00fcden\u201c<\/span> weiterlesen<\/a><\/p>\n","protected":false},"author":2,"featured_media":0,"comment_status":"open","ping_status":"open","sticky":false,"template":"","format":"standard","meta":{"footnotes":""},"categories":[9],"tags":[],"class_list":["post-1721","post","type-post","status-publish","format-standard","hentry","category-europa-2019"],"_links":{"self":[{"href":"http:\/\/wolfsreise.d-l-w.de\/index.php?rest_route=\/wp\/v2\/posts\/1721"}],"collection":[{"href":"http:\/\/wolfsreise.d-l-w.de\/index.php?rest_route=\/wp\/v2\/posts"}],"about":[{"href":"http:\/\/wolfsreise.d-l-w.de\/index.php?rest_route=\/wp\/v2\/types\/post"}],"author":[{"embeddable":true,"href":"http:\/\/wolfsreise.d-l-w.de\/index.php?rest_route=\/wp\/v2\/users\/2"}],"replies":[{"embeddable":true,"href":"http:\/\/wolfsreise.d-l-w.de\/index.php?rest_route=%2Fwp%2Fv2%2Fcomments&post=1721"}],"version-history":[{"count":14,"href":"http:\/\/wolfsreise.d-l-w.de\/index.php?rest_route=\/wp\/v2\/posts\/1721\/revisions"}],"predecessor-version":[{"id":2808,"href":"http:\/\/wolfsreise.d-l-w.de\/index.php?rest_route=\/wp\/v2\/posts\/1721\/revisions\/2808"}],"wp:attachment":[{"href":"http:\/\/wolfsreise.d-l-w.de\/index.php?rest_route=%2Fwp%2Fv2%2Fmedia&parent=1721"}],"wp:term":[{"taxonomy":"category","embeddable":true,"href":"http:\/\/wolfsreise.d-l-w.de\/index.php?rest_route=%2Fwp%2Fv2%2Fcategories&post=1721"},{"taxonomy":"post_tag","embeddable":true,"href":"http:\/\/wolfsreise.d-l-w.de\/index.php?rest_route=%2Fwp%2Fv2%2Ftags&post=1721"}],"curies":[{"name":"wp","href":"https:\/\/api.w.org\/{rel}","templated":true}]}}