{"id":1707,"date":"2019-07-05T19:04:51","date_gmt":"2019-07-05T17:04:51","guid":{"rendered":"http:\/\/wolfsreise.d-l-w.de\/?p=1707"},"modified":"2019-07-07T22:38:25","modified_gmt":"2019-07-07T20:38:25","slug":"das-besondere-mueckennetz","status":"publish","type":"post","link":"http:\/\/wolfsreise.d-l-w.de\/?p=1707","title":{"rendered":"Das besondere \u201eM\u00fcckennetz\u201c"},"content":{"rendered":"\n<p>Conni hat uns einen Bastelsatz f\u00fcr ein M\u00fcckennetz mitgegeben, den wir auch ausprobiert haben. Die selbstklebenden Klettb\u00e4nder, die auf die Bust\u00fcr geklebt werden und das Fliegengitter festhalten, halten vermutlich \u201enormale\u201c Temperaturen gut aus. Bei 35 Grad im Schatten machen sie aber schlapp. Gerd, der M\u00fcckenempfindliche, braucht eine \u201eordentliche\u201d Konstruktion, wenn ich bei offener T\u00fcr schlafen will, damit er morgens nicht aufgefressen ist.\u00a0<\/p>\n\n\n\n<p>Also ab ins Internet und rasch eines geordert,&nbsp;&nbsp;denn das gibt es leider nur in Deutschland zu bestellen.&nbsp;<\/p>\n\n\n\n<p>Erster bis dritter Versuch: \u00fcber DHL es nach Matera  poste restante liefern zu lassen, denn nach Matera wollen wir ja sowieso.<\/p>\n\n\n\n<p>Nach x-Mails hin und her haben wir begriffen, dass DHL zwar in Deutschland mit der Post verbandelt ist, in Italien jedoch als privates Unternehmen agiert und keinesfalls postlagernd liefert.\u00a0<\/p>\n\n\n\n<p>Gerd findet eine Filiale in Matera mit Lieferadresse heraus, nachdem er schon 2 verschiedene mail-Beraterinnen in Italien hat, die wiederum auch unterschiedliche Infos absetzen.<\/p>\n\n\n\n<p>Noch in Montenegro bestellt (24.6.) war f\u00fcr heute (4.7.) avisiert. In Matera ist ein regionaler Feiertag, bestimmt f\u00fcr irgendeinen Heiligen, von dem die Zentrale nat\u00fcrlich nichts wissen konnte. Daher haben wir sehr unterschiedliche Hinweise \u00fcber die \u00d6ffnungszeiten der Filiale erhalten. Sie war dann dennoch verschlossen.<\/p>\n\n\n\n<p>Die pemanent nervenden Mailbeschwerden haben dazu gef\u00fchrt, dass die Filiale f\u00fcr eine Stunde eine Sonder\u00f6ffnung machte, damit wir nach einem weiteren \u201everwalteten\u201c Tag (immer wieder schauen, ob der Laden nicht doch mal auf hatte, alle anderen L\u00e4den waren ja schlie\u00dflich auch auf) endlich an das P\u00e4ckchen gekommen sind. Daf\u00fcr wiederum haben wir uns artig bei DHL bedankt und sind auf die Berge Frischluft tanken &#8211; Nationalpark Monte Pollino!\u00a0<\/p>\n\n\n\n<p>Ganz allein auf dem Camping. Agrotourismo mit Vollverpflegung, eigenem Badezimmer und Hund unterm Bus. Aber Fliegengitter vor der T\u00fcr.<\/p>\n\n\n\n<p>Die Gaze, die wir noch haben, werde ich umarbeiten f\u00fcr die Heckklappe, wenn wir in einem Baumarkt, in den wir irgendwann gehen, kleine Magnete finden. Dann n\u00e4he ich eine tolle Konstruktion f\u00fcr hinten. Alles hat seine Zeit.<\/p>\n\n\n\n<figure class=\"wp-block-image\"><img loading=\"lazy\" decoding=\"async\" width=\"640\" height=\"480\" src=\"http:\/\/wolfsreise.d-l-w.de\/wp-content\/uploads\/2019\/07\/837F17EF-DEC4-494C-91B5-B65E962FF28A.jpeg\" alt=\"\" class=\"wp-image-1708\" srcset=\"http:\/\/wolfsreise.d-l-w.de\/wp-content\/uploads\/2019\/07\/837F17EF-DEC4-494C-91B5-B65E962FF28A.jpeg 640w, http:\/\/wolfsreise.d-l-w.de\/wp-content\/uploads\/2019\/07\/837F17EF-DEC4-494C-91B5-B65E962FF28A-150x113.jpeg 150w, http:\/\/wolfsreise.d-l-w.de\/wp-content\/uploads\/2019\/07\/837F17EF-DEC4-494C-91B5-B65E962FF28A-300x225.jpeg 300w\" sizes=\"(max-width: 640px) 100vw, 640px\" \/><figcaption>Ganz allein im Olivenhain am Fu\u00dfe des Monte Pollino<\/figcaption><\/figure>\n","protected":false},"excerpt":{"rendered":"<p>Conni hat uns einen Bastelsatz f\u00fcr ein M\u00fcckennetz mitgegeben, den wir auch ausprobiert haben. Die selbstklebenden Klettb\u00e4nder, die auf die Bust\u00fcr geklebt werden und das Fliegengitter festhalten, halten vermutlich \u201enormale\u201c Temperaturen gut aus. Bei 35 Grad im Schatten machen sie aber schlapp. Gerd, der M\u00fcckenempfindliche, braucht eine \u201eordentliche\u201d Konstruktion, wenn ich bei offener T\u00fcr schlafen &hellip; <\/p>\n<p class=\"link-more\"><a href=\"http:\/\/wolfsreise.d-l-w.de\/?p=1707\" class=\"more-link\"><span class=\"screen-reader-text\">\u201eDas besondere \u201eM\u00fcckennetz\u201c\u201c<\/span> weiterlesen<\/a><\/p>\n","protected":false},"author":2,"featured_media":0,"comment_status":"open","ping_status":"open","sticky":false,"template":"","format":"standard","meta":{"footnotes":""},"categories":[9],"tags":[],"class_list":["post-1707","post","type-post","status-publish","format-standard","hentry","category-europa-2019"],"_links":{"self":[{"href":"http:\/\/wolfsreise.d-l-w.de\/index.php?rest_route=\/wp\/v2\/posts\/1707"}],"collection":[{"href":"http:\/\/wolfsreise.d-l-w.de\/index.php?rest_route=\/wp\/v2\/posts"}],"about":[{"href":"http:\/\/wolfsreise.d-l-w.de\/index.php?rest_route=\/wp\/v2\/types\/post"}],"author":[{"embeddable":true,"href":"http:\/\/wolfsreise.d-l-w.de\/index.php?rest_route=\/wp\/v2\/users\/2"}],"replies":[{"embeddable":true,"href":"http:\/\/wolfsreise.d-l-w.de\/index.php?rest_route=%2Fwp%2Fv2%2Fcomments&post=1707"}],"version-history":[{"count":3,"href":"http:\/\/wolfsreise.d-l-w.de\/index.php?rest_route=\/wp\/v2\/posts\/1707\/revisions"}],"predecessor-version":[{"id":1747,"href":"http:\/\/wolfsreise.d-l-w.de\/index.php?rest_route=\/wp\/v2\/posts\/1707\/revisions\/1747"}],"wp:attachment":[{"href":"http:\/\/wolfsreise.d-l-w.de\/index.php?rest_route=%2Fwp%2Fv2%2Fmedia&parent=1707"}],"wp:term":[{"taxonomy":"category","embeddable":true,"href":"http:\/\/wolfsreise.d-l-w.de\/index.php?rest_route=%2Fwp%2Fv2%2Fcategories&post=1707"},{"taxonomy":"post_tag","embeddable":true,"href":"http:\/\/wolfsreise.d-l-w.de\/index.php?rest_route=%2Fwp%2Fv2%2Ftags&post=1707"}],"curies":[{"name":"wp","href":"https:\/\/api.w.org\/{rel}","templated":true}]}}