{"id":1698,"date":"2019-07-05T18:54:35","date_gmt":"2019-07-05T16:54:35","guid":{"rendered":"http:\/\/wolfsreise.d-l-w.de\/?p=1698"},"modified":"2019-07-05T18:54:35","modified_gmt":"2019-07-05T16:54:35","slug":"trulli-trulli-trallala-every-where","status":"publish","type":"post","link":"http:\/\/wolfsreise.d-l-w.de\/?p=1698","title":{"rendered":"Trulli, Trulli, trallala &#8211; every where"},"content":{"rendered":"\n<p>Jetzt endlich wissen wir, wo die Hobbits urspr\u00fcnglich gewohnt haben, nicht in H\u00f6hen, sondern in Alberobello und der Landschaft ringsum.<\/p>\n\n\n\n<figure class=\"wp-block-image\"><img loading=\"lazy\" decoding=\"async\" width=\"1024\" height=\"768\" src=\"http:\/\/wolfsreise.d-l-w.de\/wp-content\/uploads\/2019\/07\/ED769089-A510-4062-BFFD-4557BB1B368E-1024x768.jpeg\" alt=\"\" class=\"wp-image-1702\" srcset=\"http:\/\/wolfsreise.d-l-w.de\/wp-content\/uploads\/2019\/07\/ED769089-A510-4062-BFFD-4557BB1B368E-1024x768.jpeg 1024w, http:\/\/wolfsreise.d-l-w.de\/wp-content\/uploads\/2019\/07\/ED769089-A510-4062-BFFD-4557BB1B368E-150x113.jpeg 150w, http:\/\/wolfsreise.d-l-w.de\/wp-content\/uploads\/2019\/07\/ED769089-A510-4062-BFFD-4557BB1B368E-300x225.jpeg 300w, http:\/\/wolfsreise.d-l-w.de\/wp-content\/uploads\/2019\/07\/ED769089-A510-4062-BFFD-4557BB1B368E-768x576.jpeg 768w, http:\/\/wolfsreise.d-l-w.de\/wp-content\/uploads\/2019\/07\/ED769089-A510-4062-BFFD-4557BB1B368E.jpeg 2048w\" sizes=\"(max-width: 767px) 89vw, (max-width: 1000px) 54vw, (max-width: 1071px) 543px, 580px\" \/><figcaption>Frodo wohnt hier &#8211; oder etwa nicht?<\/figcaption><\/figure>\n\n\n\n<p>Zwar wei\u00df man angeblich nicht so recht, warum diese einmalige Hausform entstanden ist, aber wir wissen es genau: es waren die Hobbits, die so gebaut haben. Heute sind sie nat\u00fcrlich l\u00e4ngst Weltkulturerbe u d wer drin wohnen will, muss ordentlich l\u00f6hnen. Aber so ist der Lauf der Welt.<\/p>\n\n\n\n<figure class=\"wp-block-image\"><img loading=\"lazy\" decoding=\"async\" width=\"1024\" height=\"768\" src=\"http:\/\/wolfsreise.d-l-w.de\/wp-content\/uploads\/2019\/07\/612F3EB0-47B1-4CAB-B209-6ED7BC940824-1024x768.jpeg\" alt=\"\" class=\"wp-image-1700\" srcset=\"http:\/\/wolfsreise.d-l-w.de\/wp-content\/uploads\/2019\/07\/612F3EB0-47B1-4CAB-B209-6ED7BC940824-1024x768.jpeg 1024w, http:\/\/wolfsreise.d-l-w.de\/wp-content\/uploads\/2019\/07\/612F3EB0-47B1-4CAB-B209-6ED7BC940824-150x113.jpeg 150w, http:\/\/wolfsreise.d-l-w.de\/wp-content\/uploads\/2019\/07\/612F3EB0-47B1-4CAB-B209-6ED7BC940824-300x225.jpeg 300w, http:\/\/wolfsreise.d-l-w.de\/wp-content\/uploads\/2019\/07\/612F3EB0-47B1-4CAB-B209-6ED7BC940824-768x576.jpeg 768w, http:\/\/wolfsreise.d-l-w.de\/wp-content\/uploads\/2019\/07\/612F3EB0-47B1-4CAB-B209-6ED7BC940824.jpeg 2048w\" sizes=\"(max-width: 767px) 89vw, (max-width: 1000px) 54vw, (max-width: 1071px) 543px, 580px\" \/><figcaption>Fein herausgeputzt f\u00fcr die Touris <\/figcaption><\/figure>\n\n\n\n<ol class=\"wp-block-list\"><li>Hobbits&nbsp;<\/li><li>Sch\u00e4fer und Schafe, aber warum so rund?<\/li><li>\u00c4rmere Bauern, deren H\u00e4user schnell auf- und abzubauen waren, weil zu der Zeit wie auch heute in Italien nur f\u00fcr fertige H\u00e4user Steuern zu zahlen sind&nbsp;<\/li><li>Weil es einfach nur h\u00fcbsch ist und man schon im 18. Jahrhundert auf Tourismus setzte?<\/li><\/ol>\n\n\n\n<p>Sucht Euch was aus. Ich bin eindeutig f\u00fcr Hobbits!<\/p>\n\n\n\n<figure class=\"wp-block-image\"><img loading=\"lazy\" decoding=\"async\" width=\"1024\" height=\"768\" src=\"http:\/\/wolfsreise.d-l-w.de\/wp-content\/uploads\/2019\/07\/B71AF3FA-B648-4896-8148-3B2ECB24827A-1024x768.jpeg\" alt=\"\" class=\"wp-image-1705\" srcset=\"http:\/\/wolfsreise.d-l-w.de\/wp-content\/uploads\/2019\/07\/B71AF3FA-B648-4896-8148-3B2ECB24827A-1024x768.jpeg 1024w, http:\/\/wolfsreise.d-l-w.de\/wp-content\/uploads\/2019\/07\/B71AF3FA-B648-4896-8148-3B2ECB24827A-150x113.jpeg 150w, http:\/\/wolfsreise.d-l-w.de\/wp-content\/uploads\/2019\/07\/B71AF3FA-B648-4896-8148-3B2ECB24827A-300x225.jpeg 300w, http:\/\/wolfsreise.d-l-w.de\/wp-content\/uploads\/2019\/07\/B71AF3FA-B648-4896-8148-3B2ECB24827A-768x576.jpeg 768w, http:\/\/wolfsreise.d-l-w.de\/wp-content\/uploads\/2019\/07\/B71AF3FA-B648-4896-8148-3B2ECB24827A.jpeg 2048w\" sizes=\"(max-width: 767px) 89vw, (max-width: 1000px) 54vw, (max-width: 1071px) 543px, 580px\" \/><\/figure>\n","protected":false},"excerpt":{"rendered":"<p>Jetzt endlich wissen wir, wo die Hobbits urspr\u00fcnglich gewohnt haben, nicht in H\u00f6hen, sondern in Alberobello und der Landschaft ringsum. Zwar wei\u00df man angeblich nicht so recht, warum diese einmalige Hausform entstanden ist, aber wir wissen es genau: es waren die Hobbits, die so gebaut haben. Heute sind sie nat\u00fcrlich l\u00e4ngst Weltkulturerbe u d wer &hellip; <\/p>\n<p class=\"link-more\"><a href=\"http:\/\/wolfsreise.d-l-w.de\/?p=1698\" class=\"more-link\"><span class=\"screen-reader-text\">\u201eTrulli, Trulli, trallala &#8211; every where\u201c<\/span> weiterlesen<\/a><\/p>\n","protected":false},"author":2,"featured_media":0,"comment_status":"open","ping_status":"open","sticky":false,"template":"","format":"standard","meta":{"footnotes":""},"categories":[9],"tags":[],"class_list":["post-1698","post","type-post","status-publish","format-standard","hentry","category-europa-2019"],"_links":{"self":[{"href":"http:\/\/wolfsreise.d-l-w.de\/index.php?rest_route=\/wp\/v2\/posts\/1698"}],"collection":[{"href":"http:\/\/wolfsreise.d-l-w.de\/index.php?rest_route=\/wp\/v2\/posts"}],"about":[{"href":"http:\/\/wolfsreise.d-l-w.de\/index.php?rest_route=\/wp\/v2\/types\/post"}],"author":[{"embeddable":true,"href":"http:\/\/wolfsreise.d-l-w.de\/index.php?rest_route=\/wp\/v2\/users\/2"}],"replies":[{"embeddable":true,"href":"http:\/\/wolfsreise.d-l-w.de\/index.php?rest_route=%2Fwp%2Fv2%2Fcomments&post=1698"}],"version-history":[{"count":5,"href":"http:\/\/wolfsreise.d-l-w.de\/index.php?rest_route=\/wp\/v2\/posts\/1698\/revisions"}],"predecessor-version":[{"id":1706,"href":"http:\/\/wolfsreise.d-l-w.de\/index.php?rest_route=\/wp\/v2\/posts\/1698\/revisions\/1706"}],"wp:attachment":[{"href":"http:\/\/wolfsreise.d-l-w.de\/index.php?rest_route=%2Fwp%2Fv2%2Fmedia&parent=1698"}],"wp:term":[{"taxonomy":"category","embeddable":true,"href":"http:\/\/wolfsreise.d-l-w.de\/index.php?rest_route=%2Fwp%2Fv2%2Fcategories&post=1698"},{"taxonomy":"post_tag","embeddable":true,"href":"http:\/\/wolfsreise.d-l-w.de\/index.php?rest_route=%2Fwp%2Fv2%2Ftags&post=1698"}],"curies":[{"name":"wp","href":"https:\/\/api.w.org\/{rel}","templated":true}]}}