{"id":1686,"date":"2019-06-29T19:24:37","date_gmt":"2019-06-29T17:24:37","guid":{"rendered":"http:\/\/wolfsreise.d-l-w.de\/?p=1686"},"modified":"2019-07-05T19:28:45","modified_gmt":"2019-07-05T17:28:45","slug":"europaeische-kulturhauptstadt-2019-matera","status":"publish","type":"post","link":"http:\/\/wolfsreise.d-l-w.de\/?p=1686","title":{"rendered":"Europ\u00e4ische Kulturhauptstadt 2019: Matera"},"content":{"rendered":"\n<p>Das Sportprogramm ist vorprogrammiert. Treppauf, treppab, die in den Limestone, Kalktuffstein geschlagenen H\u00f6hlen sind die zu besichtigenden Besonderheiten der Stadt, die sich immer weiter entwickelt haben, zu gro\u00dfen Pal\u00e4ten, Kapellen und Kirchen. Eine ruhige, langsame Stadt, denn fast nirgendwo kann man mit dem Auto oder Moped fahren: zu viele Stufen. Wir gehen gef\u00fchlt 1000 Treppen im Schwei\u00df gebadet, Stromern einfach so durch die Architektur , denn wir haben 2 Tage (oder auch mehr Zeit) und werden die \u201eHochkultur \u201eerst am n\u00e4chsten Tag \u201eerledigen\u201c.<\/p>\n\n\n\n<figure class=\"wp-block-image\"><img loading=\"lazy\" decoding=\"async\" width=\"1024\" height=\"768\" src=\"http:\/\/wolfsreise.d-l-w.de\/wp-content\/uploads\/2019\/06\/63E75E1A-73FA-4FE0-B466-D0D7CEDC73F5-1024x768.jpeg\" alt=\"\" class=\"wp-image-1692\" srcset=\"http:\/\/wolfsreise.d-l-w.de\/wp-content\/uploads\/2019\/06\/63E75E1A-73FA-4FE0-B466-D0D7CEDC73F5-1024x768.jpeg 1024w, http:\/\/wolfsreise.d-l-w.de\/wp-content\/uploads\/2019\/06\/63E75E1A-73FA-4FE0-B466-D0D7CEDC73F5-150x113.jpeg 150w, http:\/\/wolfsreise.d-l-w.de\/wp-content\/uploads\/2019\/06\/63E75E1A-73FA-4FE0-B466-D0D7CEDC73F5-300x225.jpeg 300w, http:\/\/wolfsreise.d-l-w.de\/wp-content\/uploads\/2019\/06\/63E75E1A-73FA-4FE0-B466-D0D7CEDC73F5-768x576.jpeg 768w, http:\/\/wolfsreise.d-l-w.de\/wp-content\/uploads\/2019\/06\/63E75E1A-73FA-4FE0-B466-D0D7CEDC73F5.jpeg 2048w\" sizes=\"(max-width: 767px) 89vw, (max-width: 1000px) 54vw, (max-width: 1071px) 543px, 580px\" \/><figcaption>Der neu er\u00f6ffnete Ausstellungsraum in einem Labyrinth aus H\u00f6hlen, dass immer tiefer in den Berg f\u00fchren. Wir schauen die World Press Fotos an, eine Wanderausstellung der beeindruckendsten Pressefotos 2018<\/figcaption><\/figure>\n\n\n\n<figure class=\"wp-block-image\"><img loading=\"lazy\" decoding=\"async\" width=\"1024\" height=\"768\" src=\"http:\/\/wolfsreise.d-l-w.de\/wp-content\/uploads\/2019\/06\/E55DC714-31D4-4344-901A-ED448FA98E19-1024x768.jpeg\" alt=\"\" class=\"wp-image-1688\" srcset=\"http:\/\/wolfsreise.d-l-w.de\/wp-content\/uploads\/2019\/06\/E55DC714-31D4-4344-901A-ED448FA98E19-1024x768.jpeg 1024w, http:\/\/wolfsreise.d-l-w.de\/wp-content\/uploads\/2019\/06\/E55DC714-31D4-4344-901A-ED448FA98E19-150x113.jpeg 150w, http:\/\/wolfsreise.d-l-w.de\/wp-content\/uploads\/2019\/06\/E55DC714-31D4-4344-901A-ED448FA98E19-300x225.jpeg 300w, http:\/\/wolfsreise.d-l-w.de\/wp-content\/uploads\/2019\/06\/E55DC714-31D4-4344-901A-ED448FA98E19-768x576.jpeg 768w, http:\/\/wolfsreise.d-l-w.de\/wp-content\/uploads\/2019\/06\/E55DC714-31D4-4344-901A-ED448FA98E19.jpeg 2048w\" sizes=\"(max-width: 767px) 89vw, (max-width: 1000px) 54vw, (max-width: 1071px) 543px, 580px\" \/><figcaption>Matera von oben nach unten <\/figcaption><\/figure>\n\n\n\n<p>Kaffee trinken, Eis essen, Leute schauen, in Gesch\u00e4ft luken steht heute im Vordergrund. Gerd versucht auf dem Postamt unser Paket aus Deutschland aufzutreiben, was sich als sehr kompliziert herausstellt und noch viele Tage brauen wird. Wir werden nach Matera zur\u00fcckkehren (m\u00fcssen). Das ist nicht schlimm, denn es gibt noch vieles anzuschauen. Z.B. Die Zisterne, die sie \u201eAlten\u201c gegraben haben f\u00fcr 50.000 l Wasser. dort ist es sicher sch\u00f6n k\u00fchl.<\/p>\n\n\n\n<p>Bekannt ist Matera f\u00fcr seine Altstadt, die zu einem erheblichen Teil aus&nbsp;<a href=\"https:\/\/de.m.wikipedia.org\/wiki\/Wohnh%C3%B6hle\">H\u00f6hlensiedlungen<\/a>, den&nbsp;<em>Sassi<\/em>, besteht. Die&nbsp;<em>Sassi<\/em> geh\u00f6ren seit 1993 zum&nbsp;<a href=\"https:\/\/de.m.wikipedia.org\/wiki\/Welterbe_in_Italien\">UNESCO-Welterbe<\/a>. Die Stadt liegt auf der&nbsp;<a href=\"https:\/\/de.m.wikipedia.org\/wiki\/Karst\">karstigen<\/a> Hochebene der&nbsp;<a href=\"https:\/\/de.m.wikipedia.org\/wiki\/Murgia\">Murgia<\/a> oberhalb des tief eingeschnittenen Tales des&nbsp;<a href=\"https:\/\/de.m.wikipedia.org\/w\/index.php?title=Gravina_di_Matera&amp;action=edit&amp;redlink=1\">Gravina di Matera<\/a> und hat Anteil am&nbsp;<em>Parco Regionale delle Chiese rupestri del Materano<\/em>. Neu gegr\u00fcndete Stadtteile von Matera nach dem Zweiten Weltkrieg nahmen teilweise die umgesiedelten Bewohner der Sassi auf, die in den 1950er Jahren umgesiedelt wurden, um den verheerenden Wohnsituationen (Tiere, Menschen und alles was damit zusammenh\u00e4ngt) in ein oder zwei H\u00f6hlenzimmern zu begegnen.&nbsp;<\/p>\n\n\n\n<p>Die H\u00f6hlensiedlungen der Umgebung sind ein au\u00dfergew\u00f6hnliches Beispiel im mediterranen Raum. Das bereits seit der Jungsteinzeit besiedelte Gebiet kann als eine der \u00e4ltesten St\u00e4dte der Welt gelten. Nach der griechischen, r\u00f6mischen, langobardischen und byzantinischen Geschichte, die Matera mit ganz S\u00fcditalien teilt, verw\u00fcsteten im Jahr 938 Sarazenen den Ort. Er kam 1043 unter normannische Herrschaft, wurde K\u00f6nigssitz und gelangte so zu betr\u00e4chtlichem Reichtum. Diese Bl\u00fcte setzte sich unter den anschlie\u00dfenden Regimentern der Staufer und Anjou fort, 1270 wurde die Kathedrale von Matera fertiggestellt. In den n\u00e4chsten Jahrhunderten wurde Matera von lokalen Adeligen beherrscht, wobei es zu Rivalit\u00e4ten, Machtk\u00e4mpfen und Revolten kam; so wurde 1514 der neapolitanische Graf Giancarlo Tramontano bei einem Aufstand der Materaner get\u00f6tet.<\/p>\n\n\n\n<p>W\u00e4hrend Matera bis 1663 zu Apulien bzw. der K\u00fcstenstadt Otranto geh\u00f6rte, wurde es anschlie\u00dfend zu Lukanien bzw. der Basilicata gerechnet, wurde 1806 deren Hauptstadt, bis es nach einer Verwaltungsreform zur Hauptstadt der gleichnamigen Provinz wurde, die etwa die H\u00e4lfte der Basilicata umfasst.<\/p>\n\n\n\n<p>Im Zweiten Weltkrieg sollte ein deutsches Fallschirmj\u00e4gerbataillon die Stadt zerst\u00f6ren. Die Bev\u00f6lkerung konnte das zwar verhindern, es wurden aber daraufhin zw\u00f6lf Geiseln erschossen.<\/p>\n\n\n\n<p>Mitte des 20. Jahrhunderts galt es als Italiens Kulturschande, dass Menschen immer noch in H\u00f6hlen ohne Strom und flie\u00dfendes Wasser lebten. 1948 lebten in 3300 R\u00e4umen 15.000 Menschen, als die Stadt von der Malaria heimgesucht wurde.<\/p>\n\n\n\n<p>Carlo Levis Erinnerungsbuch Christus kam nur bis Eboli (1944) und der gleichnamige Film von Francesco Rosi (1978) machten die katastrophalen hygienischen Zust\u00e4nde weltbekannt. So wurden die Bewohner in den 1950er und 1960er Jahren in neugebaute Wohnblocks umgesiedelt. Die ehemalige Handelsstadt und Lokalmetropole wurde durch die Industrialisierung des Basento-Tales zur (kleineren) Industriestadt.&nbsp;<\/p>\n\n\n\n<p>Da die Sassi heute eine Museumsstadt bilden, gewinnt auch der Tourismus an Bedeutung.<\/p>\n\n\n\n<p>Die Sassi wurden 1993 von der UNESCO zum Weltkulturerbe erkl\u00e4rt. Von mittelalterlichen Chronisten wurden sie \u201eSpiegel des gestirnten Himmels\u201c genannt, der Schriftsteller Carlo Levi verglich sie dagegen mit der trichterf\u00f6rmigen H\u00f6lle Dantes. (Wikipedia. Ausz\u00fcge und ver\u00e4ndert, 30.6.19)<\/p>\n\n\n\n<figure class=\"wp-block-image\"><img loading=\"lazy\" decoding=\"async\" width=\"768\" height=\"1024\" src=\"http:\/\/wolfsreise.d-l-w.de\/wp-content\/uploads\/2019\/06\/6B6E3FBA-A8EE-4187-A48A-1A99EAE317CF-768x1024.jpeg\" alt=\"\" class=\"wp-image-1694\" srcset=\"http:\/\/wolfsreise.d-l-w.de\/wp-content\/uploads\/2019\/06\/6B6E3FBA-A8EE-4187-A48A-1A99EAE317CF-768x1024.jpeg 768w, http:\/\/wolfsreise.d-l-w.de\/wp-content\/uploads\/2019\/06\/6B6E3FBA-A8EE-4187-A48A-1A99EAE317CF-113x150.jpeg 113w, http:\/\/wolfsreise.d-l-w.de\/wp-content\/uploads\/2019\/06\/6B6E3FBA-A8EE-4187-A48A-1A99EAE317CF-225x300.jpeg 225w, http:\/\/wolfsreise.d-l-w.de\/wp-content\/uploads\/2019\/06\/6B6E3FBA-A8EE-4187-A48A-1A99EAE317CF.jpeg 1536w\" sizes=\"(max-width: 767px) 89vw, (max-width: 1000px) 54vw, (max-width: 1071px) 543px, 580px\" \/><figcaption>Gef\u00fchlt die 101ste Kirche &#8211; immer wieder h\u00fcbsch &#8230;<\/figcaption><\/figure>\n\n\n\n<p>Das Kulturprogramm ist etwas un\u00fcbersichtlich und \u00fcberwiegend italienisch, aber die zentrale Ausstellung zur Renaissance im s\u00fcdlichen Italien und die Einfl\u00fcsse von au\u00dferhalb entsch\u00e4digt f\u00fcr die kleinen Wirrungen. So viele sch\u00f6ne Marien habe ich noch nicht gemalt.<\/p>\n\n\n\n<figure class=\"wp-block-image\"><img loading=\"lazy\" decoding=\"async\" width=\"768\" height=\"1024\" src=\"http:\/\/wolfsreise.d-l-w.de\/wp-content\/uploads\/2019\/06\/83192756-71EC-478E-820A-520D77C3E34E-768x1024.jpeg\" alt=\"\" class=\"wp-image-1696\" srcset=\"http:\/\/wolfsreise.d-l-w.de\/wp-content\/uploads\/2019\/06\/83192756-71EC-478E-820A-520D77C3E34E-768x1024.jpeg 768w, http:\/\/wolfsreise.d-l-w.de\/wp-content\/uploads\/2019\/06\/83192756-71EC-478E-820A-520D77C3E34E-113x150.jpeg 113w, http:\/\/wolfsreise.d-l-w.de\/wp-content\/uploads\/2019\/06\/83192756-71EC-478E-820A-520D77C3E34E-225x300.jpeg 225w, http:\/\/wolfsreise.d-l-w.de\/wp-content\/uploads\/2019\/06\/83192756-71EC-478E-820A-520D77C3E34E.jpeg 1536w\" sizes=\"(max-width: 767px) 89vw, (max-width: 1000px) 54vw, (max-width: 1071px) 543px, 580px\" \/><figcaption>Hoffentlich ist die Milch noch frisch.<\/figcaption><\/figure>\n","protected":false},"excerpt":{"rendered":"<p>Das Sportprogramm ist vorprogrammiert. Treppauf, treppab, die in den Limestone, Kalktuffstein geschlagenen H\u00f6hlen sind die zu besichtigenden Besonderheiten der Stadt, die sich immer weiter entwickelt haben, zu gro\u00dfen Pal\u00e4ten, Kapellen und Kirchen. Eine ruhige, langsame Stadt, denn fast nirgendwo kann man mit dem Auto oder Moped fahren: zu viele Stufen. Wir gehen gef\u00fchlt 1000 Treppen &hellip; <\/p>\n<p class=\"link-more\"><a href=\"http:\/\/wolfsreise.d-l-w.de\/?p=1686\" class=\"more-link\"><span class=\"screen-reader-text\">\u201eEurop\u00e4ische Kulturhauptstadt 2019: Matera\u201c<\/span> weiterlesen<\/a><\/p>\n","protected":false},"author":2,"featured_media":0,"comment_status":"open","ping_status":"open","sticky":false,"template":"","format":"standard","meta":{"footnotes":""},"categories":[9],"tags":[],"class_list":["post-1686","post","type-post","status-publish","format-standard","hentry","category-europa-2019"],"_links":{"self":[{"href":"http:\/\/wolfsreise.d-l-w.de\/index.php?rest_route=\/wp\/v2\/posts\/1686"}],"collection":[{"href":"http:\/\/wolfsreise.d-l-w.de\/index.php?rest_route=\/wp\/v2\/posts"}],"about":[{"href":"http:\/\/wolfsreise.d-l-w.de\/index.php?rest_route=\/wp\/v2\/types\/post"}],"author":[{"embeddable":true,"href":"http:\/\/wolfsreise.d-l-w.de\/index.php?rest_route=\/wp\/v2\/users\/2"}],"replies":[{"embeddable":true,"href":"http:\/\/wolfsreise.d-l-w.de\/index.php?rest_route=%2Fwp%2Fv2%2Fcomments&post=1686"}],"version-history":[{"count":9,"href":"http:\/\/wolfsreise.d-l-w.de\/index.php?rest_route=\/wp\/v2\/posts\/1686\/revisions"}],"predecessor-version":[{"id":2807,"href":"http:\/\/wolfsreise.d-l-w.de\/index.php?rest_route=\/wp\/v2\/posts\/1686\/revisions\/2807"}],"wp:attachment":[{"href":"http:\/\/wolfsreise.d-l-w.de\/index.php?rest_route=%2Fwp%2Fv2%2Fmedia&parent=1686"}],"wp:term":[{"taxonomy":"category","embeddable":true,"href":"http:\/\/wolfsreise.d-l-w.de\/index.php?rest_route=%2Fwp%2Fv2%2Fcategories&post=1686"},{"taxonomy":"post_tag","embeddable":true,"href":"http:\/\/wolfsreise.d-l-w.de\/index.php?rest_route=%2Fwp%2Fv2%2Ftags&post=1686"}],"curies":[{"name":"wp","href":"https:\/\/api.w.org\/{rel}","templated":true}]}}