{"id":1667,"date":"2019-06-29T22:25:56","date_gmt":"2019-06-29T20:25:56","guid":{"rendered":"http:\/\/wolfsreise.d-l-w.de\/?p=1667"},"modified":"2019-06-30T09:24:49","modified_gmt":"2019-06-30T07:24:49","slug":"das-camp-masseria-radogana-atmet-geschichte","status":"publish","type":"post","link":"http:\/\/wolfsreise.d-l-w.de\/?p=1667","title":{"rendered":"Das Camp Masseria Radogana atmet Geschichte"},"content":{"rendered":"\n<p>Umgeben von Trockenmauern, zwischen Mandel- und Olivenb\u00e4umen, liegen die Reste der Farmh\u00e4user, eine alte Kapelle und ein kleines, ebenfalls altes Bauernhaus, in dem sich zwei Toiletten und eine Dusche befinden. Warmes Wasser wird durch eine hochmodernen, kleinen Solarpark erzeugt. Nachts ist das Camp beleuchtet von Sternen, der Mond hat gerade Pause. Wohnmobile, die Wohnschiffe,  dr\u00e4ngen sich in einer Reihe dicht aneinander, wir hingegen haben den ganzen inneren Hof der Farm f\u00fcr uns. Keine Ahnung warum.<\/p>\n\n\n\n<figure class=\"wp-block-image\"><img loading=\"lazy\" decoding=\"async\" width=\"1024\" height=\"768\" src=\"http:\/\/wolfsreise.d-l-w.de\/wp-content\/uploads\/2019\/06\/5951DE4B-CBEF-4A77-86B9-08DDDFCDD9BA-1024x768.jpeg\" alt=\"\" class=\"wp-image-1670\" srcset=\"http:\/\/wolfsreise.d-l-w.de\/wp-content\/uploads\/2019\/06\/5951DE4B-CBEF-4A77-86B9-08DDDFCDD9BA-1024x768.jpeg 1024w, http:\/\/wolfsreise.d-l-w.de\/wp-content\/uploads\/2019\/06\/5951DE4B-CBEF-4A77-86B9-08DDDFCDD9BA-150x113.jpeg 150w, http:\/\/wolfsreise.d-l-w.de\/wp-content\/uploads\/2019\/06\/5951DE4B-CBEF-4A77-86B9-08DDDFCDD9BA-300x225.jpeg 300w, http:\/\/wolfsreise.d-l-w.de\/wp-content\/uploads\/2019\/06\/5951DE4B-CBEF-4A77-86B9-08DDDFCDD9BA-768x576.jpeg 768w, http:\/\/wolfsreise.d-l-w.de\/wp-content\/uploads\/2019\/06\/5951DE4B-CBEF-4A77-86B9-08DDDFCDD9BA.jpeg 2048w\" sizes=\"(max-width: 767px) 89vw, (max-width: 1000px) 54vw, (max-width: 1071px) 543px, 580px\" \/><figcaption>Bulli im Schatten der Kapelle<\/figcaption><\/figure>\n\n\n\n<figure class=\"wp-block-image\"><img loading=\"lazy\" decoding=\"async\" width=\"1024\" height=\"765\" src=\"http:\/\/wolfsreise.d-l-w.de\/wp-content\/uploads\/2019\/06\/F46D68DD-52F2-46CC-AEE4-856077D8E808-e1561840213680-1024x765.jpeg\" alt=\"\" class=\"wp-image-1671\" srcset=\"http:\/\/wolfsreise.d-l-w.de\/wp-content\/uploads\/2019\/06\/F46D68DD-52F2-46CC-AEE4-856077D8E808-e1561840213680-1024x765.jpeg 1024w, http:\/\/wolfsreise.d-l-w.de\/wp-content\/uploads\/2019\/06\/F46D68DD-52F2-46CC-AEE4-856077D8E808-e1561840213680-150x112.jpeg 150w, http:\/\/wolfsreise.d-l-w.de\/wp-content\/uploads\/2019\/06\/F46D68DD-52F2-46CC-AEE4-856077D8E808-e1561840213680-300x224.jpeg 300w, http:\/\/wolfsreise.d-l-w.de\/wp-content\/uploads\/2019\/06\/F46D68DD-52F2-46CC-AEE4-856077D8E808-e1561840213680-768x574.jpeg 768w\" sizes=\"(max-width: 767px) 89vw, (max-width: 1000px) 54vw, (max-width: 1071px) 543px, 580px\" \/><\/figure>\n\n\n\n<p>Abends klingeln die Kuhglocken ein mehrstimmiges Konzert und fressen rund um die Camper, bis der Bauer sie zusammenscheucht. Der Hund schaut gelangweilt zu.<\/p>\n\n\n\n<p>Thymian, Rosmarin, Lavendel wachsen wild. Vermutlich noch viele andere medizinische- und Teepflanzen, die ich nat\u00fcrlich wieder mal nicht kenne, aber zum Kochen reichen die drei genannten ja aus. Und Erk\u00e4ltungstee brauchen wir bei den 33 Grad gerade auch nicht. <\/p>\n\n\n\n<p>Nachfolgend Abbildungen aus dem \u201eGeschichtsbuch\u201c von Tomaselli, Mario (2006): Il Patrimonio Rurale Materano, o.O., denn in Jazzo Gattini betreibt der Platzbesitzer ein Mini\u00f6kozentrum, das vor allem Schulkinder \u201ebildet\u201c und gef\u00fchrte Wanderungen anbietet. Aber auch Bier und Wein und Wasser und Limo &#8230;<\/p>\n\n\n\n<figure class=\"wp-block-image\"><img loading=\"lazy\" decoding=\"async\" width=\"550\" height=\"440\" src=\"http:\/\/wolfsreise.d-l-w.de\/wp-content\/uploads\/2019\/06\/567271BE-EDB7-49CF-AC75-562E5D4EE59F.jpeg\" alt=\"\" class=\"wp-image-1675\" srcset=\"http:\/\/wolfsreise.d-l-w.de\/wp-content\/uploads\/2019\/06\/567271BE-EDB7-49CF-AC75-562E5D4EE59F.jpeg 550w, http:\/\/wolfsreise.d-l-w.de\/wp-content\/uploads\/2019\/06\/567271BE-EDB7-49CF-AC75-562E5D4EE59F-150x120.jpeg 150w, http:\/\/wolfsreise.d-l-w.de\/wp-content\/uploads\/2019\/06\/567271BE-EDB7-49CF-AC75-562E5D4EE59F-300x240.jpeg 300w\" sizes=\"(max-width: 550px) 100vw, 550px\" \/><\/figure>\n\n\n\n<figure class=\"wp-block-image\"><img loading=\"lazy\" decoding=\"async\" width=\"606\" height=\"421\" src=\"http:\/\/wolfsreise.d-l-w.de\/wp-content\/uploads\/2019\/06\/227083C5-AAD2-4450-B4CA-1AF56F6DEBC4.jpeg\" alt=\"\" class=\"wp-image-1676\" srcset=\"http:\/\/wolfsreise.d-l-w.de\/wp-content\/uploads\/2019\/06\/227083C5-AAD2-4450-B4CA-1AF56F6DEBC4.jpeg 606w, http:\/\/wolfsreise.d-l-w.de\/wp-content\/uploads\/2019\/06\/227083C5-AAD2-4450-B4CA-1AF56F6DEBC4-150x104.jpeg 150w, http:\/\/wolfsreise.d-l-w.de\/wp-content\/uploads\/2019\/06\/227083C5-AAD2-4450-B4CA-1AF56F6DEBC4-300x208.jpeg 300w\" sizes=\"(max-width: 606px) 100vw, 606px\" \/><figcaption>Vielleicht sah es so mal aus, jetzt steht noch das hay loft, Kapelle und Teile des rechten Hauses als \u201eBad\u201c<\/figcaption><\/figure>\n\n\n\n<p>Alles sch\u00f6n einfach und einsam, verfallene Landwirtschaft aus dem 19. Jahrhundert in einer sehr trockenen Landschaft.<\/p>\n\n\n\n<p>Und wieder eine R\u00e4tselaufgabe, vor allem f\u00fcr Landespfleger, -planer, -Architekten oder -\u00f6kologen:<\/p>\n\n\n\n<figure class=\"wp-block-image\"><img decoding=\"async\" src=\"http:\/\/wolfsreise.d-l-w.de\/wp-content\/uploads\/2019\/06\/6CD5AFB3-189C-49FA-ABEE-102707F2A754.jpeg\" alt=\"\" class=\"wp-image-1679\"\/><figcaption>Kann man essen, aber wie hei\u00dft es?<\/figcaption><\/figure>\n\n\n\n<figure class=\"wp-block-image\"><img loading=\"lazy\" decoding=\"async\" width=\"761\" height=\"1024\" src=\"http:\/\/wolfsreise.d-l-w.de\/wp-content\/uploads\/2019\/06\/E037C655-4D2B-4439-B3A9-391600D766AE-761x1024.jpeg\" alt=\"\" class=\"wp-image-1684\" srcset=\"http:\/\/wolfsreise.d-l-w.de\/wp-content\/uploads\/2019\/06\/E037C655-4D2B-4439-B3A9-391600D766AE-761x1024.jpeg 761w, http:\/\/wolfsreise.d-l-w.de\/wp-content\/uploads\/2019\/06\/E037C655-4D2B-4439-B3A9-391600D766AE-112x150.jpeg 112w, http:\/\/wolfsreise.d-l-w.de\/wp-content\/uploads\/2019\/06\/E037C655-4D2B-4439-B3A9-391600D766AE-223x300.jpeg 223w, http:\/\/wolfsreise.d-l-w.de\/wp-content\/uploads\/2019\/06\/E037C655-4D2B-4439-B3A9-391600D766AE-768x1033.jpeg 768w, http:\/\/wolfsreise.d-l-w.de\/wp-content\/uploads\/2019\/06\/E037C655-4D2B-4439-B3A9-391600D766AE.jpeg 1505w\" sizes=\"(max-width: 706px) 89vw, (max-width: 767px) 82vw, 740px\" \/><figcaption>Im Schatten der Kapellenreste<\/figcaption><\/figure>\n","protected":false},"excerpt":{"rendered":"<p>Umgeben von Trockenmauern, zwischen Mandel- und Olivenb\u00e4umen, liegen die Reste der Farmh\u00e4user, eine alte Kapelle und ein kleines, ebenfalls altes Bauernhaus, in dem sich zwei Toiletten und eine Dusche befinden. Warmes Wasser wird durch eine hochmodernen, kleinen Solarpark erzeugt. Nachts ist das Camp beleuchtet von Sternen, der Mond hat gerade Pause. Wohnmobile, die Wohnschiffe, dr\u00e4ngen &hellip; <\/p>\n<p class=\"link-more\"><a href=\"http:\/\/wolfsreise.d-l-w.de\/?p=1667\" class=\"more-link\"><span class=\"screen-reader-text\">\u201eDas Camp Masseria Radogana atmet Geschichte\u201c<\/span> weiterlesen<\/a><\/p>\n","protected":false},"author":2,"featured_media":0,"comment_status":"open","ping_status":"open","sticky":false,"template":"","format":"standard","meta":{"footnotes":""},"categories":[9],"tags":[],"class_list":["post-1667","post","type-post","status-publish","format-standard","hentry","category-europa-2019"],"_links":{"self":[{"href":"http:\/\/wolfsreise.d-l-w.de\/index.php?rest_route=\/wp\/v2\/posts\/1667"}],"collection":[{"href":"http:\/\/wolfsreise.d-l-w.de\/index.php?rest_route=\/wp\/v2\/posts"}],"about":[{"href":"http:\/\/wolfsreise.d-l-w.de\/index.php?rest_route=\/wp\/v2\/types\/post"}],"author":[{"embeddable":true,"href":"http:\/\/wolfsreise.d-l-w.de\/index.php?rest_route=\/wp\/v2\/users\/2"}],"replies":[{"embeddable":true,"href":"http:\/\/wolfsreise.d-l-w.de\/index.php?rest_route=%2Fwp%2Fv2%2Fcomments&post=1667"}],"version-history":[{"count":11,"href":"http:\/\/wolfsreise.d-l-w.de\/index.php?rest_route=\/wp\/v2\/posts\/1667\/revisions"}],"predecessor-version":[{"id":1685,"href":"http:\/\/wolfsreise.d-l-w.de\/index.php?rest_route=\/wp\/v2\/posts\/1667\/revisions\/1685"}],"wp:attachment":[{"href":"http:\/\/wolfsreise.d-l-w.de\/index.php?rest_route=%2Fwp%2Fv2%2Fmedia&parent=1667"}],"wp:term":[{"taxonomy":"category","embeddable":true,"href":"http:\/\/wolfsreise.d-l-w.de\/index.php?rest_route=%2Fwp%2Fv2%2Fcategories&post=1667"},{"taxonomy":"post_tag","embeddable":true,"href":"http:\/\/wolfsreise.d-l-w.de\/index.php?rest_route=%2Fwp%2Fv2%2Ftags&post=1667"}],"curies":[{"name":"wp","href":"https:\/\/api.w.org\/{rel}","templated":true}]}}