{"id":166,"date":"2015-03-15T10:53:02","date_gmt":"2015-03-15T09:53:02","guid":{"rendered":"http:\/\/wolfsreise.d-l-w.de\/?p=166"},"modified":"2018-06-22T15:40:06","modified_gmt":"2018-06-22T13:40:06","slug":"portugiesischer-sonntag-ist-kein-deutscher","status":"publish","type":"post","link":"http:\/\/wolfsreise.d-l-w.de\/?p=166","title":{"rendered":"Portugiesischer Sonntag ist kein deutscher"},"content":{"rendered":"<p>Obwohl ich gegen\u00fcber einer gro\u00dfen Kirche wohne, h\u00f6re ich kein Gel\u00e4ut, weder fr\u00fch am Morgen noch sp\u00e4ter. Trotzdem findet ein langer, langer Gottesdienst statt, der mindestens zwei Stunden dauert und p\u00fcnktlich zum Mittagessen 13.00 Uhr endet. Ich hingegen habe mir sakrale Kunst aus Evora der verschiedensten Jahrhunderte angeschaut &#8222;as high as the eye can see&#8220;, Sonntags kostenfreie Spiritualit\u00e4t!<\/p>\n<figure style=\"width: 750px\" class=\"wp-caption alignnone\"><img loading=\"lazy\" decoding=\"async\" src=\"http:\/\/wolfsreise.d-l-w.de\/wp-content\/uploads\/2015\/03\/DSCF3119.jpg\" alt=\"\" width=\"750\" height=\"1000\" \/><figcaption class=\"wp-caption-text\">toter geht&#8217;s nimmermehr, das ist doch wirklich traurig, auch schon im 17. Jahrhundert in Evora<\/figcaption><\/figure>\n<p>&nbsp;<\/p>\n<p>Die Fundacion Eugenio de Almeida liegt direkt neben dem Diana-Tempel. Bis dahin habe es jetzt die vielen Touri-Gruppen geschafft, die die Busse zum Sonntagsausflug ausgespuckt haben. Zur Mittagspause sind alle wieder verschwunden und das Gatenkaffee im Diana-Park geh\u00f6rt wieder den portugiesischen Familien. Wieviele Cafe&#8217;s da ausgeschent werdn an einem solchen Tag ist eine prima Quizaufgabe. Dort ist er schon recht teuer mit 80 Cent. Am Markt liegt der Preis bei 65 Cent &#8230;<\/p>\n<p><img decoding=\"async\" class=\" alignnone\" src=\"http:\/\/wolfsreise.d-l-w.de\/wp-content\/uploads\/2015\/03\/DSCF3116-0.jpg\" alt=\"\" \/><\/p>\n<p>Morgens aus dem K\u00fcchenfenster Blick in den Sonnenschein<br \/>\nIn meinem kleinen Viertel, in dem keine &#8222;Fremden&#8220; rumlaufen au\u00dfer mir, werde ich freundlich gegr\u00fc\u00dft. Gern w\u00fcrde &#8222;man&#8220; schwatzen, wirklich schade, dass das nicht geht. Als alle helfen, ein entfleuchtes V\u00f6gelchen einzufangen, steht eine Autoschlange still und ein beherzter junger Mann zieht kurzerhand sein Shirt aus und wirft es dem V\u00f6gelchen \u00fcber. Dann geht das Leben normal weiter.<\/p>\n<p><img loading=\"lazy\" decoding=\"async\" class=\" alignnone\" src=\"http:\/\/wolfsreise.d-l-w.de\/wp-content\/uploads\/2015\/03\/IMG_0151.jpg\" alt=\"\" width=\"728\" height=\"1000\" \/><\/p>\n","protected":false},"excerpt":{"rendered":"<p>Obwohl ich gegen\u00fcber einer gro\u00dfen Kirche wohne, h\u00f6re ich kein Gel\u00e4ut, weder fr\u00fch am Morgen noch sp\u00e4ter. Trotzdem findet ein langer, langer Gottesdienst statt, der mindestens zwei Stunden dauert und p\u00fcnktlich zum Mittagessen 13.00 Uhr endet. Ich hingegen habe mir sakrale Kunst aus Evora der verschiedensten Jahrhunderte angeschaut &#8222;as high as the eye can see&#8220;, &hellip; <\/p>\n<p class=\"link-more\"><a href=\"http:\/\/wolfsreise.d-l-w.de\/?p=166\" class=\"more-link\"><span class=\"screen-reader-text\">\u201ePortugiesischer Sonntag ist kein deutscher\u201c<\/span> weiterlesen<\/a><\/p>\n","protected":false},"author":2,"featured_media":0,"comment_status":"open","ping_status":"open","sticky":false,"template":"","format":"standard","meta":{"footnotes":""},"categories":[8],"tags":[],"class_list":["post-166","post","type-post","status-publish","format-standard","hentry","category-portugal"],"_links":{"self":[{"href":"http:\/\/wolfsreise.d-l-w.de\/index.php?rest_route=\/wp\/v2\/posts\/166"}],"collection":[{"href":"http:\/\/wolfsreise.d-l-w.de\/index.php?rest_route=\/wp\/v2\/posts"}],"about":[{"href":"http:\/\/wolfsreise.d-l-w.de\/index.php?rest_route=\/wp\/v2\/types\/post"}],"author":[{"embeddable":true,"href":"http:\/\/wolfsreise.d-l-w.de\/index.php?rest_route=\/wp\/v2\/users\/2"}],"replies":[{"embeddable":true,"href":"http:\/\/wolfsreise.d-l-w.de\/index.php?rest_route=%2Fwp%2Fv2%2Fcomments&post=166"}],"version-history":[{"count":8,"href":"http:\/\/wolfsreise.d-l-w.de\/index.php?rest_route=\/wp\/v2\/posts\/166\/revisions"}],"predecessor-version":[{"id":178,"href":"http:\/\/wolfsreise.d-l-w.de\/index.php?rest_route=\/wp\/v2\/posts\/166\/revisions\/178"}],"wp:attachment":[{"href":"http:\/\/wolfsreise.d-l-w.de\/index.php?rest_route=%2Fwp%2Fv2%2Fmedia&parent=166"}],"wp:term":[{"taxonomy":"category","embeddable":true,"href":"http:\/\/wolfsreise.d-l-w.de\/index.php?rest_route=%2Fwp%2Fv2%2Fcategories&post=166"},{"taxonomy":"post_tag","embeddable":true,"href":"http:\/\/wolfsreise.d-l-w.de\/index.php?rest_route=%2Fwp%2Fv2%2Ftags&post=166"}],"curies":[{"name":"wp","href":"https:\/\/api.w.org\/{rel}","templated":true}]}}