{"id":164,"date":"2015-03-14T18:17:25","date_gmt":"2015-03-14T17:17:25","guid":{"rendered":"http:\/\/wolfsreise.d-l-w.de\/?p=164"},"modified":"2018-06-22T15:40:06","modified_gmt":"2018-06-22T13:40:06","slug":"erwachen-einer-portugiesischen-stadt","status":"publish","type":"post","link":"http:\/\/wolfsreise.d-l-w.de\/?p=164","title":{"rendered":"Erwachen einer portugiesischen Stadt"},"content":{"rendered":"<p class=\"MsoNormal\"><span style=\"line-height: normal; -webkit-text-size-adjust: auto; background-color: rgba(255, 255, 255, 0);\">Erwachen der Stadt Lissabon, sp\u00e4ter als andere St\u00e4dte,<\/span><\/p>\n<p class=\"MsoNormal\"><span style=\"line-height: normal; -webkit-text-size-adjust: auto; background-color: rgba(255, 255, 255, 0);\">Erwachen der Rua do Ouro,<\/span><\/p>\n<p class=\"MsoNormal\"><span style=\"line-height: normal; -webkit-text-size-adjust: auto; background-color: rgba(255, 255, 255, 0);\">Erwachen des Rossio, vor den T\u00fcren der Kaffeeh\u00e4user,&nbsp;<\/span><\/p>\n<p class=\"MsoNormal\"><span style=\"line-height: normal; -webkit-text-size-adjust: auto; background-color: rgba(255, 255, 255, 0);\">Erwachen,<\/span><\/p>\n<p class=\"MsoNormal\"><span style=\"line-height: normal; -webkit-text-size-adjust: auto; background-color: rgba(255, 255, 255, 0);\">Und inmitten von allem der Bahnhof, der Bahnhof, der niemals schl\u00e4ft.<\/span><\/p>\n<p class=\"MsoNormal\"><span style=\"line-height: normal; -webkit-text-size-adjust: auto; background-color: rgba(255, 255, 255, 0);\">Wie ein Herz, das schlagen mu\u00df im Wachen wie im Schlaf.<\/span><span style=\"line-height: normal; -webkit-text-size-adjust: auto; background-color: rgba(255, 255, 255, 0);\">&nbsp;<\/span><\/p>\n<p class=\"MsoNormal\"><span style=\"line-height: normal; -webkit-text-size-adjust: auto; background-color: rgba(255, 255, 255, 0);\"><i>Fernando Pessoa: O Lissabon, du meine Heimatstatt, Der Dichter als Flaneur, \u00c1lvaro de Campos, Poesia, Poesie, Frankfurt\/M., 2009: 71<\/i><\/span><\/p>\n","protected":false},"excerpt":{"rendered":"<p>Erwachen der Stadt Lissabon, sp\u00e4ter als andere St\u00e4dte, Erwachen der Rua do Ouro, Erwachen des Rossio, vor den T\u00fcren der Kaffeeh\u00e4user,&nbsp; Erwachen, Und inmitten von allem der Bahnhof, der Bahnhof, der niemals schl\u00e4ft. Wie ein Herz, das schlagen mu\u00df im Wachen wie im Schlaf.&nbsp; Fernando Pessoa: O Lissabon, du meine Heimatstatt, Der Dichter als Flaneur, &hellip; <\/p>\n<p class=\"link-more\"><a href=\"http:\/\/wolfsreise.d-l-w.de\/?p=164\" class=\"more-link\"><span class=\"screen-reader-text\">\u201eErwachen einer portugiesischen Stadt\u201c<\/span> weiterlesen<\/a><\/p>\n","protected":false},"author":2,"featured_media":0,"comment_status":"open","ping_status":"open","sticky":false,"template":"","format":"standard","meta":{"footnotes":""},"categories":[8],"tags":[],"class_list":["post-164","post","type-post","status-publish","format-standard","hentry","category-portugal"],"_links":{"self":[{"href":"http:\/\/wolfsreise.d-l-w.de\/index.php?rest_route=\/wp\/v2\/posts\/164"}],"collection":[{"href":"http:\/\/wolfsreise.d-l-w.de\/index.php?rest_route=\/wp\/v2\/posts"}],"about":[{"href":"http:\/\/wolfsreise.d-l-w.de\/index.php?rest_route=\/wp\/v2\/types\/post"}],"author":[{"embeddable":true,"href":"http:\/\/wolfsreise.d-l-w.de\/index.php?rest_route=\/wp\/v2\/users\/2"}],"replies":[{"embeddable":true,"href":"http:\/\/wolfsreise.d-l-w.de\/index.php?rest_route=%2Fwp%2Fv2%2Fcomments&post=164"}],"version-history":[{"count":1,"href":"http:\/\/wolfsreise.d-l-w.de\/index.php?rest_route=\/wp\/v2\/posts\/164\/revisions"}],"predecessor-version":[{"id":165,"href":"http:\/\/wolfsreise.d-l-w.de\/index.php?rest_route=\/wp\/v2\/posts\/164\/revisions\/165"}],"wp:attachment":[{"href":"http:\/\/wolfsreise.d-l-w.de\/index.php?rest_route=%2Fwp%2Fv2%2Fmedia&parent=164"}],"wp:term":[{"taxonomy":"category","embeddable":true,"href":"http:\/\/wolfsreise.d-l-w.de\/index.php?rest_route=%2Fwp%2Fv2%2Fcategories&post=164"},{"taxonomy":"post_tag","embeddable":true,"href":"http:\/\/wolfsreise.d-l-w.de\/index.php?rest_route=%2Fwp%2Fv2%2Ftags&post=164"}],"curies":[{"name":"wp","href":"https:\/\/api.w.org\/{rel}","templated":true}]}}