{"id":1631,"date":"2019-06-25T19:25:30","date_gmt":"2019-06-25T17:25:30","guid":{"rendered":"http:\/\/wolfsreise.d-l-w.de\/?p=1631"},"modified":"2019-07-05T19:27:44","modified_gmt":"2019-07-05T17:27:44","slug":"ein-letzter-tag-in-montenegro","status":"publish","type":"post","link":"http:\/\/wolfsreise.d-l-w.de\/?p=1631","title":{"rendered":"Ein letzter Tag in Montenegro"},"content":{"rendered":"\n<p>entf\u00fchrt uns nach Bar, allerdings ohne ein Besichtigungsprogramm. Kriegs- und \u00d6lhafen reizen uns nicht. Wir holen die Tickets und fahren dann noch 25km Richtung Albanien in die s\u00fcdlichste Stadt Ulcinj, die eher arabisch-osmanische Wurzeln hat und wie fast alle St\u00e4dtchen hier aus dem alten und neuen Teil bestehen. Nach schwieriger Anfahrt &#8211; vor und zur\u00fcck &#8211; auf ganz schmalen Str\u00e4\u00dfchen, finden wir vor der Festungsmauer einen bewachten Parkplatz, der sogar gro\u00df genug ist f\u00fcr unseren Bus. Nach dem Stadttor gleich links das passende Eiskaffee. Den Eiskaffee, den wir bekommen, ist ein verl\u00e4ngerter Expresso (hei\u00df) und einer Kugel Vanilleeis. Sehr kreativ, was wir au\u00dferordentlich zu sch\u00e4tzen wissen.<\/p>\n\n\n\n<p>In Stari grad Ulcinj sind kaum Touristen da, kaum Souveniershops, was f\u00fcr eine sch\u00f6ne \u00dcberraschung. Wir finden ein tolles Geschenk f\u00fcr Anton, Designs von einer K\u00fcnstlerin. Das braucht er zwar noch nicht, aber das wird schon.<\/p>\n\n\n\n<p>Der offizielle Touri-Prospekt schl\u00e4gt 20 montenegrischen Attraktionen vor. 10 davon haben wir gesehen, die Str\u00e4nde, die sie pr\u00e4sentieren, wollen wir gar nicht sehen, also eigentlich 13. und auch jede Kirche, die angepriesen wird, haben wir nicht besucht, aber gef\u00fchlt viele. Vieles andere, was auf keiner Liste steht, haben wir selbst entdeckt. Es gibt noch viel zu tun in diesem Land, abgesehen vom M\u00fcllproblem, steht Jugendarbeitslosigkeit ganz oben. Und auch Montenegro ist eine einzige Baustelle, halb Fertiges verf\u00e4llt schon wieder, Luxusappartments schie\u00dfen tats\u00e4chlich wie Pilze aus dem Boden, die K\u00fcste ist schon fast v\u00f6llig zugebaut. noch ist das Meer blau, t\u00fcrkis und warm. Das wird auf Dauer nicht reichen. <\/p>\n\n\n\n<p>Gerd reist mit einem sauberen Bus in Italien ein, er hat tats\u00e4chlich das staubige Auto gewaschen w\u00e4hrend ich Kaffee trinken d\u00fcrfte. In dieser Bar wurde uns dann vom Koch eine wunderbar arabisch anmutende s\u00fc\u00dfe Sache kredenzt als Offerte des Hauses. Vielleicht waren wir die ersten Ausl\u00e4nder? Auf jeden Fall wohl \u201eexotisch\u201c genug. Leider war die Verst\u00e4ndigung wegen sprachlicher Unkenntnis schlecht, so konnten wir uns nur bedanken und tapfer essen.<\/p>\n\n\n\n<p>Die F\u00e4hre wartet auf uns &#8230; 21:00 Uhr  \u201estechen wir in See\u201c.<\/p>\n","protected":false},"excerpt":{"rendered":"<p>entf\u00fchrt uns nach Bar, allerdings ohne ein Besichtigungsprogramm. Kriegs- und \u00d6lhafen reizen uns nicht. Wir holen die Tickets und fahren dann noch 25km Richtung Albanien in die s\u00fcdlichste Stadt Ulcinj, die eher arabisch-osmanische Wurzeln hat und wie fast alle St\u00e4dtchen hier aus dem alten und neuen Teil bestehen. Nach schwieriger Anfahrt &#8211; vor und zur\u00fcck &hellip; <\/p>\n<p class=\"link-more\"><a href=\"http:\/\/wolfsreise.d-l-w.de\/?p=1631\" class=\"more-link\"><span class=\"screen-reader-text\">\u201eEin letzter Tag in Montenegro\u201c<\/span> weiterlesen<\/a><\/p>\n","protected":false},"author":2,"featured_media":0,"comment_status":"open","ping_status":"open","sticky":false,"template":"","format":"standard","meta":{"footnotes":""},"categories":[9],"tags":[],"class_list":["post-1631","post","type-post","status-publish","format-standard","hentry","category-europa-2019"],"_links":{"self":[{"href":"http:\/\/wolfsreise.d-l-w.de\/index.php?rest_route=\/wp\/v2\/posts\/1631"}],"collection":[{"href":"http:\/\/wolfsreise.d-l-w.de\/index.php?rest_route=\/wp\/v2\/posts"}],"about":[{"href":"http:\/\/wolfsreise.d-l-w.de\/index.php?rest_route=\/wp\/v2\/types\/post"}],"author":[{"embeddable":true,"href":"http:\/\/wolfsreise.d-l-w.de\/index.php?rest_route=\/wp\/v2\/users\/2"}],"replies":[{"embeddable":true,"href":"http:\/\/wolfsreise.d-l-w.de\/index.php?rest_route=%2Fwp%2Fv2%2Fcomments&post=1631"}],"version-history":[{"count":6,"href":"http:\/\/wolfsreise.d-l-w.de\/index.php?rest_route=\/wp\/v2\/posts\/1631\/revisions"}],"predecessor-version":[{"id":1648,"href":"http:\/\/wolfsreise.d-l-w.de\/index.php?rest_route=\/wp\/v2\/posts\/1631\/revisions\/1648"}],"wp:attachment":[{"href":"http:\/\/wolfsreise.d-l-w.de\/index.php?rest_route=%2Fwp%2Fv2%2Fmedia&parent=1631"}],"wp:term":[{"taxonomy":"category","embeddable":true,"href":"http:\/\/wolfsreise.d-l-w.de\/index.php?rest_route=%2Fwp%2Fv2%2Fcategories&post=1631"},{"taxonomy":"post_tag","embeddable":true,"href":"http:\/\/wolfsreise.d-l-w.de\/index.php?rest_route=%2Fwp%2Fv2%2Ftags&post=1631"}],"curies":[{"name":"wp","href":"https:\/\/api.w.org\/{rel}","templated":true}]}}