{"id":1619,"date":"2019-06-27T19:25:57","date_gmt":"2019-06-27T17:25:57","guid":{"rendered":"http:\/\/wolfsreise.d-l-w.de\/?p=1619"},"modified":"2019-11-13T18:26:39","modified_gmt":"2019-11-13T17:26:39","slug":"ein-touristischer-tag-zum-abgewoehnen","status":"publish","type":"post","link":"http:\/\/wolfsreise.d-l-w.de\/?p=1619","title":{"rendered":"Ein touristischer Tag zum ABGEW\u00d6HNEN"},"content":{"rendered":"\n<p>Als wir die Berge, die k\u00fchlen verlassen und Richtung der ach so sch\u00f6nen montenegrischen K\u00fcste aufbrechen, ist uns das dramatische Ausma\u00df von Liegest\u00fchlen, Sonnenschirmen, Bars, Restaurants, Appartements Gott sei Dank noch nicht klar. Wir gehen erst noch mal ganz entspannt in die Galerie von Celinje und schauen Tradition und Moderne (Malerei) an, erhalten kostenlosen Zutritt und 2 kostenlose wunderbare Kataloge und sind mal wieder die einzigen Besucher, werden anschlie\u00dfend zum ersten Mal beim Kaffee \u201eabgezockt\u201c, ehe wir uns nach S\u00fcden aufmachen.<\/p>\n\n\n\n<figure class=\"wp-block-image\"><img loading=\"lazy\" decoding=\"async\" width=\"640\" height=\"480\" src=\"http:\/\/wolfsreise.d-l-w.de\/wp-content\/uploads\/2019\/06\/7B381581-4E58-4B1A-9220-F3432DF1E3C1.jpeg\" alt=\"\" class=\"wp-image-1621\" srcset=\"http:\/\/wolfsreise.d-l-w.de\/wp-content\/uploads\/2019\/06\/7B381581-4E58-4B1A-9220-F3432DF1E3C1.jpeg 640w, http:\/\/wolfsreise.d-l-w.de\/wp-content\/uploads\/2019\/06\/7B381581-4E58-4B1A-9220-F3432DF1E3C1-150x113.jpeg 150w, http:\/\/wolfsreise.d-l-w.de\/wp-content\/uploads\/2019\/06\/7B381581-4E58-4B1A-9220-F3432DF1E3C1-300x225.jpeg 300w\" sizes=\"(max-width: 640px) 100vw, 640px\" \/><figcaption>Beim Spinnen in vollem Ornat<\/figcaption><\/figure>\n\n\n\n<figure class=\"wp-block-image\"><img loading=\"lazy\" decoding=\"async\" width=\"640\" height=\"480\" src=\"http:\/\/wolfsreise.d-l-w.de\/wp-content\/uploads\/2019\/06\/F963124E-18B0-4A96-8525-24F10976F03E.jpeg\" alt=\"\" class=\"wp-image-1622\" srcset=\"http:\/\/wolfsreise.d-l-w.de\/wp-content\/uploads\/2019\/06\/F963124E-18B0-4A96-8525-24F10976F03E.jpeg 640w, http:\/\/wolfsreise.d-l-w.de\/wp-content\/uploads\/2019\/06\/F963124E-18B0-4A96-8525-24F10976F03E-150x113.jpeg 150w, http:\/\/wolfsreise.d-l-w.de\/wp-content\/uploads\/2019\/06\/F963124E-18B0-4A96-8525-24F10976F03E-300x225.jpeg 300w\" sizes=\"(max-width: 640px) 100vw, 640px\" \/><\/figure>\n\n\n\n<p>Die Reisef\u00fchrer preisen \u00fcbereinstimmend die wunderbaren Altst\u00e4dte von Bulova und Sv. Stefan an. Aber au\u00dfer engen Gassen voller Touris, Souvenir- und Fressl\u00e4den, Disko und anderen Animationen wollen wir nur schnell wieder weg aus dem Geschiebe. Der Blick von der Stra\u00dfe auf die Str\u00e4nde zerst\u00f6rt jede Hoffnung auf nett Baden im Meer. Wir m\u00fcssen dennoch bleiben. Morgen geht das Schiff nach Italien.<\/p>\n\n\n\n<p>Ein sp\u00e4tes Bad im Meer in sch\u00e4umendem Wasser und nach vielen Tagen eine warme Dusche macht es wieder gut.<\/p>\n\n\n\n<figure class=\"wp-block-image\"><img loading=\"lazy\" decoding=\"async\" width=\"1024\" height=\"768\" src=\"http:\/\/wolfsreise.d-l-w.de\/wp-content\/uploads\/2019\/06\/A8F5CC14-808F-44FC-85C4-EB680FAD583B-1024x768.jpeg\" alt=\"\" class=\"wp-image-1625\" srcset=\"http:\/\/wolfsreise.d-l-w.de\/wp-content\/uploads\/2019\/06\/A8F5CC14-808F-44FC-85C4-EB680FAD583B-1024x768.jpeg 1024w, http:\/\/wolfsreise.d-l-w.de\/wp-content\/uploads\/2019\/06\/A8F5CC14-808F-44FC-85C4-EB680FAD583B-150x113.jpeg 150w, http:\/\/wolfsreise.d-l-w.de\/wp-content\/uploads\/2019\/06\/A8F5CC14-808F-44FC-85C4-EB680FAD583B-300x225.jpeg 300w, http:\/\/wolfsreise.d-l-w.de\/wp-content\/uploads\/2019\/06\/A8F5CC14-808F-44FC-85C4-EB680FAD583B-768x576.jpeg 768w, http:\/\/wolfsreise.d-l-w.de\/wp-content\/uploads\/2019\/06\/A8F5CC14-808F-44FC-85C4-EB680FAD583B.jpeg 2048w\" sizes=\"(max-width: 767px) 89vw, (max-width: 1000px) 54vw, (max-width: 1071px) 543px, 580px\" \/><figcaption>SIeht ohne Touris  doch ganz h\u00fcbsch aus &#8211; Bulova<\/figcaption><\/figure>\n\n\n\n<figure class=\"wp-block-image\"><img loading=\"lazy\" decoding=\"async\" width=\"1024\" height=\"448\" src=\"http:\/\/wolfsreise.d-l-w.de\/wp-content\/uploads\/2019\/06\/EB4EE62C-2303-4A7B-9720-F5D908F31A25-1024x448.jpeg\" alt=\"\" class=\"wp-image-1627\" srcset=\"http:\/\/wolfsreise.d-l-w.de\/wp-content\/uploads\/2019\/06\/EB4EE62C-2303-4A7B-9720-F5D908F31A25-1024x448.jpeg 1024w, http:\/\/wolfsreise.d-l-w.de\/wp-content\/uploads\/2019\/06\/EB4EE62C-2303-4A7B-9720-F5D908F31A25-150x66.jpeg 150w, http:\/\/wolfsreise.d-l-w.de\/wp-content\/uploads\/2019\/06\/EB4EE62C-2303-4A7B-9720-F5D908F31A25-300x131.jpeg 300w, http:\/\/wolfsreise.d-l-w.de\/wp-content\/uploads\/2019\/06\/EB4EE62C-2303-4A7B-9720-F5D908F31A25-768x336.jpeg 768w\" sizes=\"(max-width: 767px) 89vw, (max-width: 1000px) 54vw, (max-width: 1071px) 543px, 580px\" \/><figcaption>Und von weitem auch das!<\/figcaption><\/figure>\n\n\n\n<p>So freuen wir uns nun auf Italien &#8211; essen und trinken mit Slow food<\/p>\n","protected":false},"excerpt":{"rendered":"<p>Als wir die Berge, die k\u00fchlen verlassen und Richtung der ach so sch\u00f6nen montenegrischen K\u00fcste aufbrechen, ist uns das dramatische Ausma\u00df von Liegest\u00fchlen, Sonnenschirmen, Bars, Restaurants, Appartements Gott sei Dank noch nicht klar. Wir gehen erst noch mal ganz entspannt in die Galerie von Celinje und schauen Tradition und Moderne (Malerei) an, erhalten kostenlosen Zutritt &hellip; <\/p>\n<p class=\"link-more\"><a href=\"http:\/\/wolfsreise.d-l-w.de\/?p=1619\" class=\"more-link\"><span class=\"screen-reader-text\">\u201eEin touristischer Tag zum ABGEW\u00d6HNEN\u201c<\/span> weiterlesen<\/a><\/p>\n","protected":false},"author":2,"featured_media":0,"comment_status":"open","ping_status":"open","sticky":false,"template":"","format":"standard","meta":{"footnotes":""},"categories":[9],"tags":[],"class_list":["post-1619","post","type-post","status-publish","format-standard","hentry","category-europa-2019"],"_links":{"self":[{"href":"http:\/\/wolfsreise.d-l-w.de\/index.php?rest_route=\/wp\/v2\/posts\/1619"}],"collection":[{"href":"http:\/\/wolfsreise.d-l-w.de\/index.php?rest_route=\/wp\/v2\/posts"}],"about":[{"href":"http:\/\/wolfsreise.d-l-w.de\/index.php?rest_route=\/wp\/v2\/types\/post"}],"author":[{"embeddable":true,"href":"http:\/\/wolfsreise.d-l-w.de\/index.php?rest_route=\/wp\/v2\/users\/2"}],"replies":[{"embeddable":true,"href":"http:\/\/wolfsreise.d-l-w.de\/index.php?rest_route=%2Fwp%2Fv2%2Fcomments&post=1619"}],"version-history":[{"count":6,"href":"http:\/\/wolfsreise.d-l-w.de\/index.php?rest_route=\/wp\/v2\/posts\/1619\/revisions"}],"predecessor-version":[{"id":2806,"href":"http:\/\/wolfsreise.d-l-w.de\/index.php?rest_route=\/wp\/v2\/posts\/1619\/revisions\/2806"}],"wp:attachment":[{"href":"http:\/\/wolfsreise.d-l-w.de\/index.php?rest_route=%2Fwp%2Fv2%2Fmedia&parent=1619"}],"wp:term":[{"taxonomy":"category","embeddable":true,"href":"http:\/\/wolfsreise.d-l-w.de\/index.php?rest_route=%2Fwp%2Fv2%2Fcategories&post=1619"},{"taxonomy":"post_tag","embeddable":true,"href":"http:\/\/wolfsreise.d-l-w.de\/index.php?rest_route=%2Fwp%2Fv2%2Ftags&post=1619"}],"curies":[{"name":"wp","href":"https:\/\/api.w.org\/{rel}","templated":true}]}}