{"id":1572,"date":"2019-06-24T18:54:12","date_gmt":"2019-06-24T16:54:12","guid":{"rendered":"http:\/\/wolfsreise.d-l-w.de\/?p=1572"},"modified":"2020-02-23T12:29:58","modified_gmt":"2020-02-23T11:29:58","slug":"ein-tag-voller-hindernisse-kloester-auf-einer-perlenschnur-die-tiefste-schlucht-europas-am-tarafluss-ein-sonntag-im-nationalpark-biogradska-gora-und-eine-sehr-sehr-schwierige-campsuche-bis-alles","status":"publish","type":"post","link":"http:\/\/wolfsreise.d-l-w.de\/?p=1572","title":{"rendered":"Ein Tag voller Hindernisse: Kl\u00f6ster auf einer Perlenschnur, die tiefste Schlucht Europas am Tarafluss, ein Sonntag im Nationalpark Biogradska Gora und eine sehr, sehr schwierige Campsuche &#8211; bis alles gut wurde &#8230;"},"content":{"rendered":"\n<p>Von dem sch\u00f6n gelegenen Camping im NP Durmitor &#8211; aber schrecklichen Sanit\u00e4ranlagen (wir gehen lieber ins Kaffee f\u00fcr bestimmte Gesch\u00e4fte) &#8211; fahren wir zur Tara-Schlucht, eine der tiefsten der Welt und machen nicht was alle machen: mit einer Slip-line \u00fcber die Schlucht sausen, auch Raffting f\u00e4llt aus, wir fahren nur am Flu\u00df entlang in eine noch einsamere Region zum n\u00e4chsten Nationalpark. Dort gibt es noch alte, autochthone Buchen-Urw\u00e4lder, \u00fcber 400 und mehr Jahre alt, jedenfalls vereinzelt, die einen glazialen Eiszeitsee einfassen.<\/p>\n\n\n\n<figure class=\"wp-block-image\"><img loading=\"lazy\" decoding=\"async\" width=\"1024\" height=\"768\" src=\"http:\/\/wolfsreise.d-l-w.de\/wp-content\/uploads\/2019\/06\/63799308-FC04-4BC7-BBDF-34FE5E0F4FFD-1024x768.jpeg\" alt=\"\" class=\"wp-image-1583\" srcset=\"http:\/\/wolfsreise.d-l-w.de\/wp-content\/uploads\/2019\/06\/63799308-FC04-4BC7-BBDF-34FE5E0F4FFD-1024x768.jpeg 1024w, http:\/\/wolfsreise.d-l-w.de\/wp-content\/uploads\/2019\/06\/63799308-FC04-4BC7-BBDF-34FE5E0F4FFD-150x113.jpeg 150w, http:\/\/wolfsreise.d-l-w.de\/wp-content\/uploads\/2019\/06\/63799308-FC04-4BC7-BBDF-34FE5E0F4FFD-300x225.jpeg 300w, http:\/\/wolfsreise.d-l-w.de\/wp-content\/uploads\/2019\/06\/63799308-FC04-4BC7-BBDF-34FE5E0F4FFD-768x576.jpeg 768w, http:\/\/wolfsreise.d-l-w.de\/wp-content\/uploads\/2019\/06\/63799308-FC04-4BC7-BBDF-34FE5E0F4FFD.jpeg 2048w\" sizes=\"(max-width: 767px) 89vw, (max-width: 1000px) 54vw, (max-width: 1071px) 543px, 580px\" \/><\/figure>\n\n\n\n<figure class=\"wp-block-image\"><img loading=\"lazy\" decoding=\"async\" width=\"1024\" height=\"672\" src=\"http:\/\/wolfsreise.d-l-w.de\/wp-content\/uploads\/2019\/06\/C65B2E07-E41F-47AE-93E3-96EE5D0B92A3-1024x672.jpeg\" alt=\"\" class=\"wp-image-1584\" srcset=\"http:\/\/wolfsreise.d-l-w.de\/wp-content\/uploads\/2019\/06\/C65B2E07-E41F-47AE-93E3-96EE5D0B92A3-1024x672.jpeg 1024w, http:\/\/wolfsreise.d-l-w.de\/wp-content\/uploads\/2019\/06\/C65B2E07-E41F-47AE-93E3-96EE5D0B92A3-150x98.jpeg 150w, http:\/\/wolfsreise.d-l-w.de\/wp-content\/uploads\/2019\/06\/C65B2E07-E41F-47AE-93E3-96EE5D0B92A3-300x197.jpeg 300w, http:\/\/wolfsreise.d-l-w.de\/wp-content\/uploads\/2019\/06\/C65B2E07-E41F-47AE-93E3-96EE5D0B92A3-768x504.jpeg 768w, http:\/\/wolfsreise.d-l-w.de\/wp-content\/uploads\/2019\/06\/C65B2E07-E41F-47AE-93E3-96EE5D0B92A3.jpeg 1756w\" sizes=\"(max-width: 767px) 89vw, (max-width: 1000px) 54vw, (max-width: 1071px) 543px, 580px\" \/><figcaption>Einziges Foto im NP-Infocenter ohne Beschriftung, wie fast alles andere auch<\/figcaption><\/figure>\n\n\n\n<p>Sonntags im NP, in dem man angeblich auch f\u00fcr eine Nacht bleiben kann, ist keine gute Idee, denn alle, alle sind schon vor uns da, planschen im See, grillen ihr Picknick, schaffen die 10 Minuten bis zum Restaurant oder machen eine Jeep-Tour durch den Park. Wir z\u00f6gern lange, bleiben oder nicht bleiben? Wir fahren weg und machen eine lange Tour, um einen akzeptablen Campingplatz zu finden.<\/p>\n\n\n\n<p>Auf dem Weg die montenegrischen Highlights: Kl\u00f6ster, Kirche, keine Kinder. <\/p>\n\n\n\n<p>Das kleinste Kloster Sv. Dobrilovina mit nur einer Nonne, 5 Bienenst\u00f6cken, 2 Katzen, 1 Glocke und sehr alten Fresken schlie\u00dft die junge Nonne f\u00fcr uns auf. Sie zupft mein Kleid l\u00e4nger, weil meine Beine nicht ganz bedeckt sind, aber ich darf dann doch rein und die Bildergeschichten anschauen. Selbst Gerd versteht sie nur rudiment\u00e4r. Aber sie sind so sch\u00f6n.<\/p>\n\n\n\n<figure class=\"wp-block-image\"><img loading=\"lazy\" decoding=\"async\" width=\"1024\" height=\"768\" src=\"http:\/\/wolfsreise.d-l-w.de\/wp-content\/uploads\/2019\/06\/F5A52749-ACAD-4E09-804D-B1E4B9BCAF17-1024x768.jpeg\" alt=\"\" class=\"wp-image-1587\" srcset=\"http:\/\/wolfsreise.d-l-w.de\/wp-content\/uploads\/2019\/06\/F5A52749-ACAD-4E09-804D-B1E4B9BCAF17-1024x768.jpeg 1024w, http:\/\/wolfsreise.d-l-w.de\/wp-content\/uploads\/2019\/06\/F5A52749-ACAD-4E09-804D-B1E4B9BCAF17-150x113.jpeg 150w, http:\/\/wolfsreise.d-l-w.de\/wp-content\/uploads\/2019\/06\/F5A52749-ACAD-4E09-804D-B1E4B9BCAF17-300x225.jpeg 300w, http:\/\/wolfsreise.d-l-w.de\/wp-content\/uploads\/2019\/06\/F5A52749-ACAD-4E09-804D-B1E4B9BCAF17-768x576.jpeg 768w, http:\/\/wolfsreise.d-l-w.de\/wp-content\/uploads\/2019\/06\/F5A52749-ACAD-4E09-804D-B1E4B9BCAF17.jpeg 2048w\" sizes=\"(max-width: 767px) 89vw, (max-width: 1000px) 54vw, (max-width: 1071px) 543px, 580px\" \/><\/figure>\n\n\n\n<figure class=\"wp-block-image\"><img loading=\"lazy\" decoding=\"async\" width=\"768\" height=\"1024\" src=\"http:\/\/wolfsreise.d-l-w.de\/wp-content\/uploads\/2019\/06\/412E12AD-E214-46AA-8330-2AA5AD5380F9-768x1024.jpeg\" alt=\"\" class=\"wp-image-1588\" srcset=\"http:\/\/wolfsreise.d-l-w.de\/wp-content\/uploads\/2019\/06\/412E12AD-E214-46AA-8330-2AA5AD5380F9-768x1024.jpeg 768w, http:\/\/wolfsreise.d-l-w.de\/wp-content\/uploads\/2019\/06\/412E12AD-E214-46AA-8330-2AA5AD5380F9-113x150.jpeg 113w, http:\/\/wolfsreise.d-l-w.de\/wp-content\/uploads\/2019\/06\/412E12AD-E214-46AA-8330-2AA5AD5380F9-225x300.jpeg 225w, http:\/\/wolfsreise.d-l-w.de\/wp-content\/uploads\/2019\/06\/412E12AD-E214-46AA-8330-2AA5AD5380F9.jpeg 1536w\" sizes=\"(max-width: 767px) 89vw, (max-width: 1000px) 54vw, (max-width: 1071px) 543px, 580px\" \/><figcaption>Wer immer auch die heiligen sein m\u00f6gen &#8230; seit 1539 schauen Sie stoisch auf die Welt.<\/figcaption><\/figure>\n\n\n\n<figure class=\"wp-block-image\"><img loading=\"lazy\" decoding=\"async\" width=\"1024\" height=\"768\" src=\"http:\/\/wolfsreise.d-l-w.de\/wp-content\/uploads\/2019\/06\/6D5D3CA9-FD5F-4223-AA7D-61D7015DA640-1024x768.jpeg\" alt=\"\" class=\"wp-image-1590\" srcset=\"http:\/\/wolfsreise.d-l-w.de\/wp-content\/uploads\/2019\/06\/6D5D3CA9-FD5F-4223-AA7D-61D7015DA640-1024x768.jpeg 1024w, http:\/\/wolfsreise.d-l-w.de\/wp-content\/uploads\/2019\/06\/6D5D3CA9-FD5F-4223-AA7D-61D7015DA640-150x113.jpeg 150w, http:\/\/wolfsreise.d-l-w.de\/wp-content\/uploads\/2019\/06\/6D5D3CA9-FD5F-4223-AA7D-61D7015DA640-300x225.jpeg 300w, http:\/\/wolfsreise.d-l-w.de\/wp-content\/uploads\/2019\/06\/6D5D3CA9-FD5F-4223-AA7D-61D7015DA640-768x576.jpeg 768w, http:\/\/wolfsreise.d-l-w.de\/wp-content\/uploads\/2019\/06\/6D5D3CA9-FD5F-4223-AA7D-61D7015DA640.jpeg 2048w\" sizes=\"(max-width: 767px) 89vw, (max-width: 1000px) 54vw, (max-width: 1071px) 543px, 580px\" \/><figcaption>Und noch mehr Bildergeschichten in dem wichtigsten Kloster Montenegros &#8211; Monastir Mora\u010da<\/figcaption><\/figure>\n\n\n\n<figure class=\"wp-block-image\"><img loading=\"lazy\" decoding=\"async\" width=\"768\" height=\"1024\" src=\"http:\/\/wolfsreise.d-l-w.de\/wp-content\/uploads\/2019\/06\/32D8D663-C548-4860-BA9F-E95C6C11DCEB-768x1024.jpeg\" alt=\"\" class=\"wp-image-1591\" srcset=\"http:\/\/wolfsreise.d-l-w.de\/wp-content\/uploads\/2019\/06\/32D8D663-C548-4860-BA9F-E95C6C11DCEB-768x1024.jpeg 768w, http:\/\/wolfsreise.d-l-w.de\/wp-content\/uploads\/2019\/06\/32D8D663-C548-4860-BA9F-E95C6C11DCEB-113x150.jpeg 113w, http:\/\/wolfsreise.d-l-w.de\/wp-content\/uploads\/2019\/06\/32D8D663-C548-4860-BA9F-E95C6C11DCEB-225x300.jpeg 225w, http:\/\/wolfsreise.d-l-w.de\/wp-content\/uploads\/2019\/06\/32D8D663-C548-4860-BA9F-E95C6C11DCEB.jpeg 1536w\" sizes=\"(max-width: 767px) 89vw, (max-width: 1000px) 54vw, (max-width: 1071px) 543px, 580px\" \/><figcaption>Erneut mit einem Ankerkreuz und jeder Menge Ikonen zum K\u00fcssen.<\/figcaption><\/figure>\n\n\n\n<figure class=\"wp-block-image\"><img loading=\"lazy\" decoding=\"async\" width=\"1024\" height=\"768\" src=\"http:\/\/wolfsreise.d-l-w.de\/wp-content\/uploads\/2019\/06\/3CBE19A5-F24C-42BB-9164-BC8F883F0C8D-1024x768.jpeg\" alt=\"\" class=\"wp-image-1592\" srcset=\"http:\/\/wolfsreise.d-l-w.de\/wp-content\/uploads\/2019\/06\/3CBE19A5-F24C-42BB-9164-BC8F883F0C8D-1024x768.jpeg 1024w, http:\/\/wolfsreise.d-l-w.de\/wp-content\/uploads\/2019\/06\/3CBE19A5-F24C-42BB-9164-BC8F883F0C8D-150x113.jpeg 150w, http:\/\/wolfsreise.d-l-w.de\/wp-content\/uploads\/2019\/06\/3CBE19A5-F24C-42BB-9164-BC8F883F0C8D-300x225.jpeg 300w, http:\/\/wolfsreise.d-l-w.de\/wp-content\/uploads\/2019\/06\/3CBE19A5-F24C-42BB-9164-BC8F883F0C8D-768x576.jpeg 768w, http:\/\/wolfsreise.d-l-w.de\/wp-content\/uploads\/2019\/06\/3CBE19A5-F24C-42BB-9164-BC8F883F0C8D.jpeg 2048w\" sizes=\"(max-width: 767px) 89vw, (max-width: 1000px) 54vw, (max-width: 1071px) 543px, 580px\" \/><figcaption>Nach der Zeremonie Fotoshooting mit dem Priester<\/figcaption><\/figure>\n\n\n\n<p>Am Ende, nachdem wir die sozialistisch-h\u00e4ssliche Hauptstadt durchquert haben, nicht mal Lust zu. aussteigen hatten, landen wir wieder am Berg, ohne Strom, aber mit Toiletten (sauber) und kalter Dusche, aber gl\u00fccklich eine superruhigen Platz unter einem bl\u00fchenden Lindenbaum gefunden zu haben. <\/p>\n\n\n\n<p>Nachtrag: die Chinesen bauen die Autobahn in Montenegro. Wie weit und ob sie sich damit ernstlich in die Wirtschaft eingekauft haben, k\u00f6nnen wir nicht bewerten. Es ist eine eigene Containerstadt entstanden, eigener Zugang, sicher mit Kontrolle f\u00fcr deren Arbeiter. Eine riesige Baustelle mit immensen Ausma\u00dfen, die die umgebende Landschaft in Schutt und Asche gelegt hat. Ob das wieder \u201eansehnlich\u201c wird?<\/p>\n\n\n\n<p>Im Netz ist auf eine ersten Blick nicht zum Planungsrecht zu finden. Eine der letzten Konferenzen zur \u00c4nderung des Umweltrechts hat allerdings in Montenegro stattgefunden, was daf\u00fcr spricht, dass sie die EU-Standards \u00fcbernehmen sollten.<\/p>\n\n\n\n<p>Beim M\u00fcll ist ihnen das noch nicht gelungen. Einfach alles fallen und liegen lassen in der Natur ist der aktuelle Standard, ob alte Autos, Teile, Plastik oder was auch immer, getrennte Entsorgung Fehlanzeige. Das macht den Sp\u00fclsaum der wundervollen Adriak\u00fcste nicht attraktiver. Aber das wird schon noch, kleine Lichtblicke gibt es schon.<\/p>\n\n\n\n<p>Heutige R\u00e4tselfrage: was ist auf dem Bild zu sehen?<\/p>\n\n\n\n<figure class=\"wp-block-image\"><img loading=\"lazy\" decoding=\"async\" width=\"748\" height=\"1024\" src=\"http:\/\/wolfsreise.d-l-w.de\/wp-content\/uploads\/2019\/06\/1DCE9662-D176-4750-91C2-EDF681A35359-748x1024.jpeg\" alt=\"\" class=\"wp-image-1604\" srcset=\"http:\/\/wolfsreise.d-l-w.de\/wp-content\/uploads\/2019\/06\/1DCE9662-D176-4750-91C2-EDF681A35359-748x1024.jpeg 748w, http:\/\/wolfsreise.d-l-w.de\/wp-content\/uploads\/2019\/06\/1DCE9662-D176-4750-91C2-EDF681A35359-110x150.jpeg 110w, http:\/\/wolfsreise.d-l-w.de\/wp-content\/uploads\/2019\/06\/1DCE9662-D176-4750-91C2-EDF681A35359-219x300.jpeg 219w, http:\/\/wolfsreise.d-l-w.de\/wp-content\/uploads\/2019\/06\/1DCE9662-D176-4750-91C2-EDF681A35359-768x1051.jpeg 768w, http:\/\/wolfsreise.d-l-w.de\/wp-content\/uploads\/2019\/06\/1DCE9662-D176-4750-91C2-EDF681A35359.jpeg 1454w\" sizes=\"(max-width: 706px) 89vw, (max-width: 767px) 82vw, 740px\" \/><figcaption>????? Was ist das?????<\/figcaption><\/figure>\n\n\n\n<figure class=\"wp-block-image\"><img loading=\"lazy\" decoding=\"async\" width=\"1024\" height=\"765\" src=\"http:\/\/wolfsreise.d-l-w.de\/wp-content\/uploads\/2019\/06\/FED130B4-B8E7-4CD2-B84C-5E919E25E610-e1561397643451-1024x765.jpeg\" alt=\"\" class=\"wp-image-1601\" srcset=\"http:\/\/wolfsreise.d-l-w.de\/wp-content\/uploads\/2019\/06\/FED130B4-B8E7-4CD2-B84C-5E919E25E610-e1561397643451-1024x765.jpeg 1024w, http:\/\/wolfsreise.d-l-w.de\/wp-content\/uploads\/2019\/06\/FED130B4-B8E7-4CD2-B84C-5E919E25E610-e1561397643451-150x112.jpeg 150w, http:\/\/wolfsreise.d-l-w.de\/wp-content\/uploads\/2019\/06\/FED130B4-B8E7-4CD2-B84C-5E919E25E610-e1561397643451-300x224.jpeg 300w, http:\/\/wolfsreise.d-l-w.de\/wp-content\/uploads\/2019\/06\/FED130B4-B8E7-4CD2-B84C-5E919E25E610-e1561397643451-768x574.jpeg 768w\" sizes=\"(max-width: 767px) 89vw, (max-width: 1000px) 54vw, (max-width: 1071px) 543px, 580px\" \/><figcaption>Yellow-Zitrone-Vanille erholt sich von der Hitze der K\u00fcste am k\u00fchlen Berg unter bl\u00fchenden, summenden Linden<\/figcaption><\/figure>\n","protected":false},"excerpt":{"rendered":"<p>Von dem sch\u00f6n gelegenen Camping im NP Durmitor &#8211; aber schrecklichen Sanit\u00e4ranlagen (wir gehen lieber ins Kaffee f\u00fcr bestimmte Gesch\u00e4fte) &#8211; fahren wir zur Tara-Schlucht, eine der tiefsten der Welt und machen nicht was alle machen: mit einer Slip-line \u00fcber die Schlucht sausen, auch Raffting f\u00e4llt aus, wir fahren nur am Flu\u00df entlang in eine &hellip; <\/p>\n<p class=\"link-more\"><a href=\"http:\/\/wolfsreise.d-l-w.de\/?p=1572\" class=\"more-link\"><span class=\"screen-reader-text\">\u201eEin Tag voller Hindernisse: Kl\u00f6ster auf einer Perlenschnur, die tiefste Schlucht Europas am Tarafluss, ein Sonntag im Nationalpark Biogradska Gora und eine sehr, sehr schwierige Campsuche &#8211; bis alles gut wurde &#8230;\u201c<\/span> weiterlesen<\/a><\/p>\n","protected":false},"author":2,"featured_media":0,"comment_status":"open","ping_status":"open","sticky":false,"template":"","format":"standard","meta":{"footnotes":""},"categories":[9],"tags":[],"class_list":["post-1572","post","type-post","status-publish","format-standard","hentry","category-europa-2019"],"_links":{"self":[{"href":"http:\/\/wolfsreise.d-l-w.de\/index.php?rest_route=\/wp\/v2\/posts\/1572"}],"collection":[{"href":"http:\/\/wolfsreise.d-l-w.de\/index.php?rest_route=\/wp\/v2\/posts"}],"about":[{"href":"http:\/\/wolfsreise.d-l-w.de\/index.php?rest_route=\/wp\/v2\/types\/post"}],"author":[{"embeddable":true,"href":"http:\/\/wolfsreise.d-l-w.de\/index.php?rest_route=\/wp\/v2\/users\/2"}],"replies":[{"embeddable":true,"href":"http:\/\/wolfsreise.d-l-w.de\/index.php?rest_route=%2Fwp%2Fv2%2Fcomments&post=1572"}],"version-history":[{"count":18,"href":"http:\/\/wolfsreise.d-l-w.de\/index.php?rest_route=\/wp\/v2\/posts\/1572\/revisions"}],"predecessor-version":[{"id":2821,"href":"http:\/\/wolfsreise.d-l-w.de\/index.php?rest_route=\/wp\/v2\/posts\/1572\/revisions\/2821"}],"wp:attachment":[{"href":"http:\/\/wolfsreise.d-l-w.de\/index.php?rest_route=%2Fwp%2Fv2%2Fmedia&parent=1572"}],"wp:term":[{"taxonomy":"category","embeddable":true,"href":"http:\/\/wolfsreise.d-l-w.de\/index.php?rest_route=%2Fwp%2Fv2%2Fcategories&post=1572"},{"taxonomy":"post_tag","embeddable":true,"href":"http:\/\/wolfsreise.d-l-w.de\/index.php?rest_route=%2Fwp%2Fv2%2Ftags&post=1572"}],"curies":[{"name":"wp","href":"https:\/\/api.w.org\/{rel}","templated":true}]}}