{"id":1554,"date":"2019-06-22T10:55:16","date_gmt":"2019-06-22T08:55:16","guid":{"rendered":"http:\/\/wolfsreise.d-l-w.de\/?p=1554"},"modified":"2019-11-13T18:15:52","modified_gmt":"2019-11-13T17:15:52","slug":"die-top-10-des-21-juni-2019","status":"publish","type":"post","link":"http:\/\/wolfsreise.d-l-w.de\/?p=1554","title":{"rendered":"Die Top 10 des 21. Juni 2019"},"content":{"rendered":"\n<ol class=\"wp-block-list\"><li>Vorm Aufstehen schwimmen im Meer, nicht duschen und Fr\u00fchst\u00fccken gehen;<\/li><li>F\u00fcr die erste Kaffeepause in Persast 236 steile Stufen absteigen, Kaffee und Zitronenlimonade trinken, Fischlein gucken und 236 Stufen zum Parkplatz wieder hoch \u00e4chzen;<\/li><li>Mit dem Autowandern in den Bergen von Montenegro auf der spektakul\u00e4rsten Stra\u00dfe, die ich kenne;<\/li><li>Zwei Campingpl\u00e4tze gesucht und nicht gefunden oder nicht gewollt;<\/li><li>Durch die dunkelsten, fast unbefestigten Tunnel geschlichen in der Hoffnung, dass niemand entgegen kommt und oft verloren, aber \u00fcberstanden;<\/li><li>Einen neuen Namen f\u00fcr den Bus erhalten von klein Hannah, ungef\u00e4hr 3 Jahre alt: Vanille-Bus;<\/li><li>Abgek\u00fchlte Orchideenwiesen gesehen soweit das Auge reicht u d blau, blau, blau ist der Enzian;<\/li><li>Mindestens 7000 Kurven gefahren ohne schwindelig zu werden;<\/li><li>Bis in die Schneereste fast 2000m hochgeguckt, die in den schattigen Dolinen auf den Sommer warten;\u00a0<\/li><li>Am Ende des Tages vor den Pforten des Nationalparks Durmitor gecampt.<\/li><\/ol>\n\n\n\n<figure class=\"wp-block-image\"><img loading=\"lazy\" decoding=\"async\" width=\"768\" height=\"1024\" src=\"http:\/\/wolfsreise.d-l-w.de\/wp-content\/uploads\/2019\/06\/0DD051D7-6963-4572-88A6-52A6AFCA09E8-768x1024.jpeg\" alt=\"\" class=\"wp-image-1557\" srcset=\"http:\/\/wolfsreise.d-l-w.de\/wp-content\/uploads\/2019\/06\/0DD051D7-6963-4572-88A6-52A6AFCA09E8-768x1024.jpeg 768w, http:\/\/wolfsreise.d-l-w.de\/wp-content\/uploads\/2019\/06\/0DD051D7-6963-4572-88A6-52A6AFCA09E8-113x150.jpeg 113w, http:\/\/wolfsreise.d-l-w.de\/wp-content\/uploads\/2019\/06\/0DD051D7-6963-4572-88A6-52A6AFCA09E8-225x300.jpeg 225w, http:\/\/wolfsreise.d-l-w.de\/wp-content\/uploads\/2019\/06\/0DD051D7-6963-4572-88A6-52A6AFCA09E8.jpeg 1536w\" sizes=\"(max-width: 767px) 89vw, (max-width: 1000px) 54vw, (max-width: 1071px) 543px, 580px\" \/><figcaption>236 nach dem Kaffee!<\/figcaption><\/figure>\n\n\n\n<figure class=\"wp-block-image\"><img loading=\"lazy\" decoding=\"async\" width=\"1024\" height=\"768\" src=\"http:\/\/wolfsreise.d-l-w.de\/wp-content\/uploads\/2019\/06\/04DFC10C-50EA-4860-9455-3C0006514BEF-1024x768.jpeg\" alt=\"\" class=\"wp-image-1556\" srcset=\"http:\/\/wolfsreise.d-l-w.de\/wp-content\/uploads\/2019\/06\/04DFC10C-50EA-4860-9455-3C0006514BEF-1024x768.jpeg 1024w, http:\/\/wolfsreise.d-l-w.de\/wp-content\/uploads\/2019\/06\/04DFC10C-50EA-4860-9455-3C0006514BEF-150x113.jpeg 150w, http:\/\/wolfsreise.d-l-w.de\/wp-content\/uploads\/2019\/06\/04DFC10C-50EA-4860-9455-3C0006514BEF-300x225.jpeg 300w, http:\/\/wolfsreise.d-l-w.de\/wp-content\/uploads\/2019\/06\/04DFC10C-50EA-4860-9455-3C0006514BEF-768x576.jpeg 768w, http:\/\/wolfsreise.d-l-w.de\/wp-content\/uploads\/2019\/06\/04DFC10C-50EA-4860-9455-3C0006514BEF.jpeg 2048w\" sizes=\"(max-width: 767px) 89vw, (max-width: 1000px) 54vw, (max-width: 1071px) 543px, 580px\" \/><figcaption>Landschaft, Kulturlandschaft, Kultur, Natur, alles passt.<\/figcaption><\/figure>\n\n\n\n<figure class=\"wp-block-image\"><img loading=\"lazy\" decoding=\"async\" width=\"640\" height=\"480\" src=\"http:\/\/wolfsreise.d-l-w.de\/wp-content\/uploads\/2019\/06\/027F8812-9C8E-43D0-85C7-A7BFD7FC0BE9.jpeg\" alt=\"\" class=\"wp-image-1558\" srcset=\"http:\/\/wolfsreise.d-l-w.de\/wp-content\/uploads\/2019\/06\/027F8812-9C8E-43D0-85C7-A7BFD7FC0BE9.jpeg 640w, http:\/\/wolfsreise.d-l-w.de\/wp-content\/uploads\/2019\/06\/027F8812-9C8E-43D0-85C7-A7BFD7FC0BE9-150x113.jpeg 150w, http:\/\/wolfsreise.d-l-w.de\/wp-content\/uploads\/2019\/06\/027F8812-9C8E-43D0-85C7-A7BFD7FC0BE9-300x225.jpeg 300w\" sizes=\"(max-width: 640px) 100vw, 640px\" \/><figcaption>Ein Zweitausender am anderen<\/figcaption><\/figure>\n\n\n\n<figure class=\"wp-block-image\"><img loading=\"lazy\" decoding=\"async\" width=\"1024\" height=\"768\" src=\"http:\/\/wolfsreise.d-l-w.de\/wp-content\/uploads\/2019\/06\/E3B160D1-A91F-4954-B826-3AE269EAFCA3-1024x768.jpeg\" alt=\"\" class=\"wp-image-1559\" srcset=\"http:\/\/wolfsreise.d-l-w.de\/wp-content\/uploads\/2019\/06\/E3B160D1-A91F-4954-B826-3AE269EAFCA3-1024x768.jpeg 1024w, http:\/\/wolfsreise.d-l-w.de\/wp-content\/uploads\/2019\/06\/E3B160D1-A91F-4954-B826-3AE269EAFCA3-150x113.jpeg 150w, http:\/\/wolfsreise.d-l-w.de\/wp-content\/uploads\/2019\/06\/E3B160D1-A91F-4954-B826-3AE269EAFCA3-300x225.jpeg 300w, http:\/\/wolfsreise.d-l-w.de\/wp-content\/uploads\/2019\/06\/E3B160D1-A91F-4954-B826-3AE269EAFCA3-768x576.jpeg 768w, http:\/\/wolfsreise.d-l-w.de\/wp-content\/uploads\/2019\/06\/E3B160D1-A91F-4954-B826-3AE269EAFCA3.jpeg 2048w\" sizes=\"(max-width: 767px) 89vw, (max-width: 1000px) 54vw, (max-width: 1071px) 543px, 580px\" \/><figcaption>Ein strenger Winter kommt bestimmt<\/figcaption><\/figure>\n\n\n\n<blockquote class=\"wp-block-quote is-layout-flow wp-block-quote-is-layout-flow\"><p>\u201eDas&nbsp;<strong>Kloster Piva<\/strong>&nbsp;(<a href=\"https:\/\/de.m.wikipedia.org\/wiki\/Serbische_Sprache\">serbisch<\/a>&nbsp;<em>Manastir Piva<\/em>&nbsp;<em>\u041c\u0430\u043d\u0430\u0441\u0442\u0438\u0440 \u041f\u0438\u0432\u0430<\/em>) ist ein&nbsp;<a href=\"https:\/\/de.m.wikipedia.org\/wiki\/Serbisch-Orthodoxe_Kirche\">serbisch-orthodoxes<\/a>Kloster auf dem Gebiet der Gemeinde&nbsp;<a href=\"https:\/\/de.m.wikipedia.org\/wiki\/Plu%C5%BEine\">Plu\u017eine<\/a>&nbsp;im Westen&nbsp;<a href=\"https:\/\/de.m.wikipedia.org\/wiki\/Montenegro\">Montenegros<\/a>. Das Kloster ist neben den Kl\u00f6stern&nbsp;<a href=\"https:\/\/de.m.wikipedia.org\/wiki\/Kloster_Ostrog\">Ostrog<\/a>&nbsp;und&nbsp;<a href=\"https:\/\/de.m.wikipedia.org\/wiki\/Kloster_Mora%C4%8Da\">Mora\u010da<\/a>&nbsp;eine der wichtigsten Anlagen&nbsp;<a href=\"https:\/\/de.m.wikipedia.org\/wiki\/Monastisch\">monastischen<\/a>&nbsp;Lebens in Montenegro.&nbsp;<br>Die Klosterkirche ist eine drei<a href=\"https:\/\/de.m.wikipedia.org\/wiki\/Kirchenschiff\">schiffige<\/a>&nbsp;<a href=\"https:\/\/de.m.wikipedia.org\/wiki\/Basilika_(Bautyp)\">Basilika<\/a>&nbsp;mit&nbsp;<a href=\"https:\/\/de.m.wikipedia.org\/wiki\/Narthex\">Vorhalle<\/a>, jedoch ohne Turm und Kuppel. Die Kirche wurde von 1573 bis 1586 w\u00e4hrend der&nbsp;<a href=\"https:\/\/de.m.wikipedia.org\/wiki\/Osmanisches_Reich\">osmanischen<\/a>&nbsp;Herrschaft erbaute und ist der gr\u00f6\u00dfte serbisch-orthodoxe Kirchenbau, der in dieser Zeit entstand. Das Kloster wurde im Verlauf seiner Geschichte dreimal in Brand gesteckt, zuletzt 1876. Es wurde jedoch immer wieder aufgebaut und instand gesetzt. Um das Kloster vor der \u00dcberflutung durch das Aufstauen des&nbsp;<a href=\"https:\/\/de.m.wikipedia.org\/wiki\/Pivsko_jezero\">Piva-Stausees<\/a>&nbsp;zu bewahren, wurde es von 1970 bis 1982 an seinen heutigen Standort versetzt. Die Klosterkirche wurde Stein f\u00fcr Stein abgetragen und am neuen Standort wieder aufgebaut. Zuvor waren die Fresken von den W\u00e4nden abgel\u00f6st worden, und konnten an neuer Stelle wieder angebracht werden. So blieben die Fresken, von einer Gesamtfl\u00e4che von insgesamt 1260&nbsp;m\u00b2 im Original erhalten.\u201c <\/p><cite>(Wikipedia, 22.6.2019)<\/cite><\/blockquote>\n\n\n\n<figure class=\"wp-block-image\"><img loading=\"lazy\" decoding=\"async\" width=\"768\" height=\"1024\" src=\"http:\/\/wolfsreise.d-l-w.de\/wp-content\/uploads\/2019\/06\/3CDBD03E-225C-4261-BE4B-57D37308D261-768x1024.jpeg\" alt=\"\" class=\"wp-image-1560\" srcset=\"http:\/\/wolfsreise.d-l-w.de\/wp-content\/uploads\/2019\/06\/3CDBD03E-225C-4261-BE4B-57D37308D261-768x1024.jpeg 768w, http:\/\/wolfsreise.d-l-w.de\/wp-content\/uploads\/2019\/06\/3CDBD03E-225C-4261-BE4B-57D37308D261-113x150.jpeg 113w, http:\/\/wolfsreise.d-l-w.de\/wp-content\/uploads\/2019\/06\/3CDBD03E-225C-4261-BE4B-57D37308D261-225x300.jpeg 225w, http:\/\/wolfsreise.d-l-w.de\/wp-content\/uploads\/2019\/06\/3CDBD03E-225C-4261-BE4B-57D37308D261.jpeg 1536w\" sizes=\"(max-width: 767px) 89vw, (max-width: 1000px) 54vw, (max-width: 1071px) 543px, 580px\" \/><figcaption>Von au\u00dfen schlicht, innen 16. Jahrhundert mit Ankerkreuz<\/figcaption><\/figure>\n\n\n\n<figure class=\"wp-block-image\"><img loading=\"lazy\" decoding=\"async\" width=\"768\" height=\"1024\" src=\"http:\/\/wolfsreise.d-l-w.de\/wp-content\/uploads\/2019\/06\/26716A2D-8F2A-438A-9F34-C675B90BEB18-768x1024.jpeg\" alt=\"\" class=\"wp-image-1561\" srcset=\"http:\/\/wolfsreise.d-l-w.de\/wp-content\/uploads\/2019\/06\/26716A2D-8F2A-438A-9F34-C675B90BEB18-768x1024.jpeg 768w, http:\/\/wolfsreise.d-l-w.de\/wp-content\/uploads\/2019\/06\/26716A2D-8F2A-438A-9F34-C675B90BEB18-113x150.jpeg 113w, http:\/\/wolfsreise.d-l-w.de\/wp-content\/uploads\/2019\/06\/26716A2D-8F2A-438A-9F34-C675B90BEB18-225x300.jpeg 225w, http:\/\/wolfsreise.d-l-w.de\/wp-content\/uploads\/2019\/06\/26716A2D-8F2A-438A-9F34-C675B90BEB18.jpeg 1536w\" sizes=\"(max-width: 767px) 89vw, (max-width: 1000px) 54vw, (max-width: 1071px) 543px, 580px\" \/><figcaption>In der Pivski Monastier erz\u00e4hlen Fresken \u00fcber Fresken heilige Geschichten, 1260 qm!<\/figcaption><\/figure>\n\n\n\n<p>Zu guter letzt ziehen wir uns auf dem hoch am Berg gelegenen Camping alles an was wir mithaben und wickeln uns zum ersten Mal seit langem wieder in eine Decke, gef\u00fchlte 12 Grad, in Wirklichkeit bestimmt 20. schlafen ohne Schwei\u00dfausbr\u00fcche, g\u00e4nzlich ungewohnt.<\/p>\n","protected":false},"excerpt":{"rendered":"<p>Vorm Aufstehen schwimmen im Meer, nicht duschen und Fr\u00fchst\u00fccken gehen; F\u00fcr die erste Kaffeepause in Persast 236 steile Stufen absteigen, Kaffee und Zitronenlimonade trinken, Fischlein gucken und 236 Stufen zum Parkplatz wieder hoch \u00e4chzen; Mit dem Autowandern in den Bergen von Montenegro auf der spektakul\u00e4rsten Stra\u00dfe, die ich kenne; Zwei Campingpl\u00e4tze gesucht und nicht gefunden &hellip; <\/p>\n<p class=\"link-more\"><a href=\"http:\/\/wolfsreise.d-l-w.de\/?p=1554\" class=\"more-link\"><span class=\"screen-reader-text\">\u201eDie Top 10 des 21. Juni 2019\u201c<\/span> weiterlesen<\/a><\/p>\n","protected":false},"author":2,"featured_media":0,"comment_status":"open","ping_status":"open","sticky":false,"template":"","format":"standard","meta":{"footnotes":""},"categories":[9],"tags":[],"class_list":["post-1554","post","type-post","status-publish","format-standard","hentry","category-europa-2019"],"_links":{"self":[{"href":"http:\/\/wolfsreise.d-l-w.de\/index.php?rest_route=\/wp\/v2\/posts\/1554"}],"collection":[{"href":"http:\/\/wolfsreise.d-l-w.de\/index.php?rest_route=\/wp\/v2\/posts"}],"about":[{"href":"http:\/\/wolfsreise.d-l-w.de\/index.php?rest_route=\/wp\/v2\/types\/post"}],"author":[{"embeddable":true,"href":"http:\/\/wolfsreise.d-l-w.de\/index.php?rest_route=\/wp\/v2\/users\/2"}],"replies":[{"embeddable":true,"href":"http:\/\/wolfsreise.d-l-w.de\/index.php?rest_route=%2Fwp%2Fv2%2Fcomments&post=1554"}],"version-history":[{"count":7,"href":"http:\/\/wolfsreise.d-l-w.de\/index.php?rest_route=\/wp\/v2\/posts\/1554\/revisions"}],"predecessor-version":[{"id":2802,"href":"http:\/\/wolfsreise.d-l-w.de\/index.php?rest_route=\/wp\/v2\/posts\/1554\/revisions\/2802"}],"wp:attachment":[{"href":"http:\/\/wolfsreise.d-l-w.de\/index.php?rest_route=%2Fwp%2Fv2%2Fmedia&parent=1554"}],"wp:term":[{"taxonomy":"category","embeddable":true,"href":"http:\/\/wolfsreise.d-l-w.de\/index.php?rest_route=%2Fwp%2Fv2%2Fcategories&post=1554"},{"taxonomy":"post_tag","embeddable":true,"href":"http:\/\/wolfsreise.d-l-w.de\/index.php?rest_route=%2Fwp%2Fv2%2Ftags&post=1554"}],"curies":[{"name":"wp","href":"https:\/\/api.w.org\/{rel}","templated":true}]}}