{"id":1508,"date":"2019-06-20T19:20:52","date_gmt":"2019-06-20T17:20:52","guid":{"rendered":"http:\/\/wolfsreise.d-l-w.de\/?p=1508"},"modified":"2019-06-20T19:47:28","modified_gmt":"2019-06-20T17:47:28","slug":"ueber-ston-und-stein-bis-trsteno-zum-einzigen-arboretum-kroatiens","status":"publish","type":"post","link":"http:\/\/wolfsreise.d-l-w.de\/?p=1508","title":{"rendered":"\u00dcber Ston und Stein bis Trsteno zum einzigen Arboretum Kroatiens,"},"content":{"rendered":"\n<p>das kurz vor Dubrovnik liegt und einen Zwischenstopp fordert. Ist schlie\u00dflich ein Bildungsurlaub, und die App \u201eMonica officinalis rappido\u201c will gef\u00fcllt werden. Au\u00dferdem ist das ein sehr sch\u00f6ner schattiger Spaziergang in einem Garten am Meer, der schon seit dem 15. Jahrhundert existiert. Das Arboretum ist noch nicht so alt, sondern von einer reichen Patrizierfamilie um 1850 angelegt und braucht auf jeden Fall mehr G\u00e4rtner, ein Kaffee und eine bessere Infobrosch\u00fcre.    Aber das ist in solchen Anlagen ja nix Neues, war in Portugal, Chile und auch in Italien nicht viel anders.<\/p>\n\n\n\n<figure class=\"wp-block-image\"><img loading=\"lazy\" decoding=\"async\" width=\"1024\" height=\"768\" src=\"http:\/\/wolfsreise.d-l-w.de\/wp-content\/uploads\/2019\/06\/603730EE-A7D1-4A62-B19D-A018E710D175-1024x768.jpeg\" alt=\"\" class=\"wp-image-1510\" srcset=\"http:\/\/wolfsreise.d-l-w.de\/wp-content\/uploads\/2019\/06\/603730EE-A7D1-4A62-B19D-A018E710D175-1024x768.jpeg 1024w, http:\/\/wolfsreise.d-l-w.de\/wp-content\/uploads\/2019\/06\/603730EE-A7D1-4A62-B19D-A018E710D175-150x113.jpeg 150w, http:\/\/wolfsreise.d-l-w.de\/wp-content\/uploads\/2019\/06\/603730EE-A7D1-4A62-B19D-A018E710D175-300x225.jpeg 300w, http:\/\/wolfsreise.d-l-w.de\/wp-content\/uploads\/2019\/06\/603730EE-A7D1-4A62-B19D-A018E710D175-768x576.jpeg 768w, http:\/\/wolfsreise.d-l-w.de\/wp-content\/uploads\/2019\/06\/603730EE-A7D1-4A62-B19D-A018E710D175.jpeg 2048w\" sizes=\"(max-width: 767px) 89vw, (max-width: 1000px) 54vw, (max-width: 1071px) 543px, 580px\" \/><\/figure>\n\n\n\n<p>  <\/p>\n\n\n\n<figure class=\"wp-block-image\"><img loading=\"lazy\" decoding=\"async\" width=\"1024\" height=\"768\" src=\"http:\/\/wolfsreise.d-l-w.de\/wp-content\/uploads\/2019\/06\/1E7705D1-9A08-4820-8FAB-C6A1B4B67974-1024x768.jpeg\" alt=\"\" class=\"wp-image-1511\" srcset=\"http:\/\/wolfsreise.d-l-w.de\/wp-content\/uploads\/2019\/06\/1E7705D1-9A08-4820-8FAB-C6A1B4B67974-1024x768.jpeg 1024w, http:\/\/wolfsreise.d-l-w.de\/wp-content\/uploads\/2019\/06\/1E7705D1-9A08-4820-8FAB-C6A1B4B67974-150x113.jpeg 150w, http:\/\/wolfsreise.d-l-w.de\/wp-content\/uploads\/2019\/06\/1E7705D1-9A08-4820-8FAB-C6A1B4B67974-300x225.jpeg 300w, http:\/\/wolfsreise.d-l-w.de\/wp-content\/uploads\/2019\/06\/1E7705D1-9A08-4820-8FAB-C6A1B4B67974-768x576.jpeg 768w, http:\/\/wolfsreise.d-l-w.de\/wp-content\/uploads\/2019\/06\/1E7705D1-9A08-4820-8FAB-C6A1B4B67974.jpeg 2048w\" sizes=\"(max-width: 767px) 89vw, (max-width: 1000px) 54vw, (max-width: 1071px) 543px, 580px\" \/><figcaption>Echt grottig, Bilder ansonsten selbsterkl\u00e4rend<\/figcaption><\/figure>\n\n\n\n<figure class=\"wp-block-image\"><img loading=\"lazy\" decoding=\"async\" width=\"1024\" height=\"768\" src=\"http:\/\/wolfsreise.d-l-w.de\/wp-content\/uploads\/2019\/06\/DEB99BD7-6348-4576-B3FC-295E8DD7C9EB-1024x768.jpeg\" alt=\"\" class=\"wp-image-1512\" srcset=\"http:\/\/wolfsreise.d-l-w.de\/wp-content\/uploads\/2019\/06\/DEB99BD7-6348-4576-B3FC-295E8DD7C9EB-1024x768.jpeg 1024w, http:\/\/wolfsreise.d-l-w.de\/wp-content\/uploads\/2019\/06\/DEB99BD7-6348-4576-B3FC-295E8DD7C9EB-150x113.jpeg 150w, http:\/\/wolfsreise.d-l-w.de\/wp-content\/uploads\/2019\/06\/DEB99BD7-6348-4576-B3FC-295E8DD7C9EB-300x225.jpeg 300w, http:\/\/wolfsreise.d-l-w.de\/wp-content\/uploads\/2019\/06\/DEB99BD7-6348-4576-B3FC-295E8DD7C9EB-768x576.jpeg 768w, http:\/\/wolfsreise.d-l-w.de\/wp-content\/uploads\/2019\/06\/DEB99BD7-6348-4576-B3FC-295E8DD7C9EB.jpeg 2048w\" sizes=\"(max-width: 767px) 89vw, (max-width: 1000px) 54vw, (max-width: 1071px) 543px, 580px\" \/><figcaption>Quak, quak<\/figcaption><\/figure>\n\n\n\n<p>Zur\u00fcck auf Anfang: der kleine Ort Ston,  \u201ean der schmalen Landenge, die Pelje\u0161ac mit dem Festland verbindet, wurde schon unter r\u00f6mischer Herrschaft die Siedlung&nbsp;<em>Stagnum<\/em>&nbsp;errichtet. Auf dem Berg Starigrad bei Ston sind noch die Reste eines r\u00f6mischen Kastells erkennbar. Auch die bis heute existierenden Salzg\u00e4rten entstanden schon in r\u00f6mischer Zeit.&nbsp;<\/p>\n\n\n\n<p>Im Mittelalter kam Pelje\u0161ac 1333 zur&nbsp;<a href=\"https:\/\/de.m.wikipedia.org\/wiki\/Republik_Dubrovnik\">Republik Dubrovnik<\/a>. In dieser Zeit wurde die heutige Stadt gegr\u00fcndet und befestigt. Die Salzgewinnung in der seit der Antike betriebenen gro\u00dfen&nbsp;<a href=\"https:\/\/de.m.wikipedia.org\/wiki\/Meerwassersaline_Ston\">Meerwassersaline Ston<\/a>, war die Grundlage der Wirtschaft der Stadt und zeitweilig eine der bedeutendsten Einnahmequellen Dubrovniks.&nbsp;<\/p>\n\n\n\n<p>Im 14. Jahrhundert wurde mit dem Bau der Befestigungsanlagen begonnen. Es entstanden drei Kastelle, die durch Mauern miteinander verbunden waren. \u00dcber 40 T\u00fcrme waren Teil der ca. 5 km langen Mauer, von der bis heute noch Teile stehen. So war der Zugang zur Halbinsel Pelje\u0161ac vollst\u00e4ndig kontrollierbar. Die Gesamtanlage wurde 1506 fertiggestellt und wird als die l\u00e4ngste&nbsp;<a href=\"https:\/\/de.m.wikipedia.org\/wiki\/Festung\">Festungsmauer<\/a>&nbsp;in Europa bezeichnet.<\/p>\n\n\n\n<p>1996 richtet ein Erdbeben vor allem in Veliki Ston schwere Sch\u00e4den an.\u201c (Wikipedia 18.6.19) Die&nbsp;<a href=\"http:\/\/www.kroatien-adrialin.de\/kroatien-blog\/entdecke-dalmatien-teil-3035-festungsmauer-ston\/www.kroatien-adrialin.de\/ortsinfos\/peljesac\/\">Halbinsel Peljesac<\/a>&nbsp;war ein Schwachpunkt auf der damaligen Landkarte, den es zu befestigen galt. Die beiden Orte Ston und Mali Ston, die an den jeweils gegen\u00fcberliegenden Seiten am Fu\u00df des Berges Podzvizd liegen, wurden durch kilometerlange Mauern miteinander verbunden. Hoch \u00fcber den beiden Orten thronen m\u00e4chtige Festungen, die ebenfalls errichtet wurden, um Angreifer schon von weitem zu ersp\u00e4hen und gegen sie zum Angriff zu r\u00fcsten. <\/p>\n\n\n\n<figure class=\"wp-block-image\"><img loading=\"lazy\" decoding=\"async\" width=\"1024\" height=\"768\" src=\"http:\/\/wolfsreise.d-l-w.de\/wp-content\/uploads\/2019\/06\/238D55BF-4AC4-41AE-8E87-FD4325EA1EE6-1024x768.jpeg\" alt=\"\" class=\"wp-image-1519\" srcset=\"http:\/\/wolfsreise.d-l-w.de\/wp-content\/uploads\/2019\/06\/238D55BF-4AC4-41AE-8E87-FD4325EA1EE6-1024x768.jpeg 1024w, http:\/\/wolfsreise.d-l-w.de\/wp-content\/uploads\/2019\/06\/238D55BF-4AC4-41AE-8E87-FD4325EA1EE6-150x113.jpeg 150w, http:\/\/wolfsreise.d-l-w.de\/wp-content\/uploads\/2019\/06\/238D55BF-4AC4-41AE-8E87-FD4325EA1EE6-300x225.jpeg 300w, http:\/\/wolfsreise.d-l-w.de\/wp-content\/uploads\/2019\/06\/238D55BF-4AC4-41AE-8E87-FD4325EA1EE6-768x576.jpeg 768w, http:\/\/wolfsreise.d-l-w.de\/wp-content\/uploads\/2019\/06\/238D55BF-4AC4-41AE-8E87-FD4325EA1EE6.jpeg 2048w\" sizes=\"(max-width: 767px) 89vw, (max-width: 1000px) 54vw, (max-width: 1071px) 543px, 580px\" \/><figcaption>Ston auf Stone, die bauen mussten hatten viel Schwei\u00df, wenig ehr<\/figcaption><\/figure>\n\n\n\n<figure class=\"wp-block-image\"><img loading=\"lazy\" decoding=\"async\" width=\"1024\" height=\"768\" src=\"http:\/\/wolfsreise.d-l-w.de\/wp-content\/uploads\/2019\/06\/BA79E225-F7C0-4686-842E-827505AAE0EF-1024x768.jpeg\" alt=\"\" class=\"wp-image-1520\" srcset=\"http:\/\/wolfsreise.d-l-w.de\/wp-content\/uploads\/2019\/06\/BA79E225-F7C0-4686-842E-827505AAE0EF-1024x768.jpeg 1024w, http:\/\/wolfsreise.d-l-w.de\/wp-content\/uploads\/2019\/06\/BA79E225-F7C0-4686-842E-827505AAE0EF-150x113.jpeg 150w, http:\/\/wolfsreise.d-l-w.de\/wp-content\/uploads\/2019\/06\/BA79E225-F7C0-4686-842E-827505AAE0EF-300x225.jpeg 300w, http:\/\/wolfsreise.d-l-w.de\/wp-content\/uploads\/2019\/06\/BA79E225-F7C0-4686-842E-827505AAE0EF-768x576.jpeg 768w, http:\/\/wolfsreise.d-l-w.de\/wp-content\/uploads\/2019\/06\/BA79E225-F7C0-4686-842E-827505AAE0EF.jpeg 2048w\" sizes=\"(max-width: 767px) 89vw, (max-width: 1000px) 54vw, (max-width: 1071px) 543px, 580px\" \/><figcaption>Von einer Seite der Insel auf die andere &#8230; immer geradeaus!<\/figcaption><\/figure>\n","protected":false},"excerpt":{"rendered":"<p>das kurz vor Dubrovnik liegt und einen Zwischenstopp fordert. Ist schlie\u00dflich ein Bildungsurlaub, und die App \u201eMonica officinalis rappido\u201c will gef\u00fcllt werden. Au\u00dferdem ist das ein sehr sch\u00f6ner schattiger Spaziergang in einem Garten am Meer, der schon seit dem 15. Jahrhundert existiert. Das Arboretum ist noch nicht so alt, sondern von einer reichen Patrizierfamilie um &hellip; <\/p>\n<p class=\"link-more\"><a href=\"http:\/\/wolfsreise.d-l-w.de\/?p=1508\" class=\"more-link\"><span class=\"screen-reader-text\">\u201e\u00dcber Ston und Stein bis Trsteno zum einzigen Arboretum Kroatiens,\u201c<\/span> weiterlesen<\/a><\/p>\n","protected":false},"author":2,"featured_media":0,"comment_status":"open","ping_status":"open","sticky":false,"template":"","format":"standard","meta":{"footnotes":""},"categories":[9],"tags":[],"class_list":["post-1508","post","type-post","status-publish","format-standard","hentry","category-europa-2019"],"_links":{"self":[{"href":"http:\/\/wolfsreise.d-l-w.de\/index.php?rest_route=\/wp\/v2\/posts\/1508"}],"collection":[{"href":"http:\/\/wolfsreise.d-l-w.de\/index.php?rest_route=\/wp\/v2\/posts"}],"about":[{"href":"http:\/\/wolfsreise.d-l-w.de\/index.php?rest_route=\/wp\/v2\/types\/post"}],"author":[{"embeddable":true,"href":"http:\/\/wolfsreise.d-l-w.de\/index.php?rest_route=\/wp\/v2\/users\/2"}],"replies":[{"embeddable":true,"href":"http:\/\/wolfsreise.d-l-w.de\/index.php?rest_route=%2Fwp%2Fv2%2Fcomments&post=1508"}],"version-history":[{"count":8,"href":"http:\/\/wolfsreise.d-l-w.de\/index.php?rest_route=\/wp\/v2\/posts\/1508\/revisions"}],"predecessor-version":[{"id":1523,"href":"http:\/\/wolfsreise.d-l-w.de\/index.php?rest_route=\/wp\/v2\/posts\/1508\/revisions\/1523"}],"wp:attachment":[{"href":"http:\/\/wolfsreise.d-l-w.de\/index.php?rest_route=%2Fwp%2Fv2%2Fmedia&parent=1508"}],"wp:term":[{"taxonomy":"category","embeddable":true,"href":"http:\/\/wolfsreise.d-l-w.de\/index.php?rest_route=%2Fwp%2Fv2%2Fcategories&post=1508"},{"taxonomy":"post_tag","embeddable":true,"href":"http:\/\/wolfsreise.d-l-w.de\/index.php?rest_route=%2Fwp%2Fv2%2Ftags&post=1508"}],"curies":[{"name":"wp","href":"https:\/\/api.w.org\/{rel}","templated":true}]}}