{"id":1477,"date":"2019-06-15T16:05:03","date_gmt":"2019-06-15T14:05:03","guid":{"rendered":"http:\/\/wolfsreise.d-l-w.de\/?p=1477"},"modified":"2019-06-15T20:55:51","modified_gmt":"2019-06-15T18:55:51","slug":"rundfahrt-zum-quelltopf-cetina","status":"publish","type":"post","link":"http:\/\/wolfsreise.d-l-w.de\/?p=1477","title":{"rendered":"Rundfahrt zum Quelltopf Cetina"},"content":{"rendered":"\n<p>Wir \u201eautowandern\u201c H\u00fcgelchen rauf, H\u00fcgelchen runter.  Mit dem e-bike eine tolle Radtour durch ein fast unbewohntes Gel\u00e4nde, naturnahe Distelwiesen, durchzogen von der m\u00e4andrierenden Cetina wechseln mit Handtuchfeldern und eingestreuten Ha\u00e4usern &#8211; auf der Suche nach einem der Quellt\u00f6pfe erscheint uns diese Region als ein typisches Biosph\u00e4renreservat, auch wenn es keines ist und besser auch keines wird, denn dann bleibt der Landschaft der Tourismus erspart. Als wir am Topf sind, strahlt das Wasser t\u00fcrkisgr\u00fcn, verf\u00fchrerisch., bewacht von zweimfaulen, schwarzen Hunden, die lieber tr\u00e4ge im Schatten liegen als die Besucher zu bedrohen.  <\/p>\n\n\n\n<figure class=\"wp-block-image\"><img loading=\"lazy\" decoding=\"async\" width=\"1024\" height=\"768\" src=\"http:\/\/wolfsreise.d-l-w.de\/wp-content\/uploads\/2019\/06\/74D7AAFC-8D4A-4FE6-9E4F-7A9E72BEA440-1024x768.jpeg\" alt=\"\" class=\"wp-image-1478\" srcset=\"http:\/\/wolfsreise.d-l-w.de\/wp-content\/uploads\/2019\/06\/74D7AAFC-8D4A-4FE6-9E4F-7A9E72BEA440-1024x768.jpeg 1024w, http:\/\/wolfsreise.d-l-w.de\/wp-content\/uploads\/2019\/06\/74D7AAFC-8D4A-4FE6-9E4F-7A9E72BEA440-150x113.jpeg 150w, http:\/\/wolfsreise.d-l-w.de\/wp-content\/uploads\/2019\/06\/74D7AAFC-8D4A-4FE6-9E4F-7A9E72BEA440-300x225.jpeg 300w, http:\/\/wolfsreise.d-l-w.de\/wp-content\/uploads\/2019\/06\/74D7AAFC-8D4A-4FE6-9E4F-7A9E72BEA440-768x576.jpeg 768w, http:\/\/wolfsreise.d-l-w.de\/wp-content\/uploads\/2019\/06\/74D7AAFC-8D4A-4FE6-9E4F-7A9E72BEA440.jpeg 2048w\" sizes=\"(max-width: 767px) 89vw, (max-width: 1000px) 54vw, (max-width: 1071px) 543px, 580px\" \/><figcaption>Der Bauer ist not amused, wir schon<\/figcaption><\/figure>\n\n\n\n<figure class=\"wp-block-image\"><img loading=\"lazy\" decoding=\"async\" width=\"1024\" height=\"768\" src=\"http:\/\/wolfsreise.d-l-w.de\/wp-content\/uploads\/2019\/06\/EA8BCD36-DDBB-478F-8F5C-BA74A52F800F-1024x768.jpeg\" alt=\"\" class=\"wp-image-1479\" srcset=\"http:\/\/wolfsreise.d-l-w.de\/wp-content\/uploads\/2019\/06\/EA8BCD36-DDBB-478F-8F5C-BA74A52F800F-1024x768.jpeg 1024w, http:\/\/wolfsreise.d-l-w.de\/wp-content\/uploads\/2019\/06\/EA8BCD36-DDBB-478F-8F5C-BA74A52F800F-150x113.jpeg 150w, http:\/\/wolfsreise.d-l-w.de\/wp-content\/uploads\/2019\/06\/EA8BCD36-DDBB-478F-8F5C-BA74A52F800F-300x225.jpeg 300w, http:\/\/wolfsreise.d-l-w.de\/wp-content\/uploads\/2019\/06\/EA8BCD36-DDBB-478F-8F5C-BA74A52F800F-768x576.jpeg 768w, http:\/\/wolfsreise.d-l-w.de\/wp-content\/uploads\/2019\/06\/EA8BCD36-DDBB-478F-8F5C-BA74A52F800F.jpeg 2048w\" sizes=\"(max-width: 767px) 89vw, (max-width: 1000px) 54vw, (max-width: 1071px) 543px, 580px\" \/><figcaption>Br\u00fcckenbau mit Grabplatten aus dem 15. Jahrhundert <\/figcaption><\/figure>\n\n\n\n<figure class=\"wp-block-image\"><img loading=\"lazy\" decoding=\"async\" width=\"1024\" height=\"768\" src=\"http:\/\/wolfsreise.d-l-w.de\/wp-content\/uploads\/2019\/06\/93C8349C-6821-4F26-9AA1-6C6D5F9D8105-1024x768.jpeg\" alt=\"\" class=\"wp-image-1480\" srcset=\"http:\/\/wolfsreise.d-l-w.de\/wp-content\/uploads\/2019\/06\/93C8349C-6821-4F26-9AA1-6C6D5F9D8105-1024x768.jpeg 1024w, http:\/\/wolfsreise.d-l-w.de\/wp-content\/uploads\/2019\/06\/93C8349C-6821-4F26-9AA1-6C6D5F9D8105-150x113.jpeg 150w, http:\/\/wolfsreise.d-l-w.de\/wp-content\/uploads\/2019\/06\/93C8349C-6821-4F26-9AA1-6C6D5F9D8105-300x225.jpeg 300w, http:\/\/wolfsreise.d-l-w.de\/wp-content\/uploads\/2019\/06\/93C8349C-6821-4F26-9AA1-6C6D5F9D8105-768x576.jpeg 768w, http:\/\/wolfsreise.d-l-w.de\/wp-content\/uploads\/2019\/06\/93C8349C-6821-4F26-9AA1-6C6D5F9D8105.jpeg 2048w\" sizes=\"(max-width: 767px) 89vw, (max-width: 1000px) 54vw, (max-width: 1071px) 543px, 580px\" \/><figcaption> idyllischer geht\u2019s kaum, \u00fcber die Tiefe wissen wir nichts &#8230;<\/figcaption><\/figure>\n\n\n\n<figure class=\"wp-block-image\"><img loading=\"lazy\" decoding=\"async\" width=\"1024\" height=\"768\" src=\"http:\/\/wolfsreise.d-l-w.de\/wp-content\/uploads\/2019\/06\/AF03D025-838D-4726-BEAD-DDFFAE79F1E0-1024x768.jpeg\" alt=\"\" class=\"wp-image-1482\" srcset=\"http:\/\/wolfsreise.d-l-w.de\/wp-content\/uploads\/2019\/06\/AF03D025-838D-4726-BEAD-DDFFAE79F1E0-1024x768.jpeg 1024w, http:\/\/wolfsreise.d-l-w.de\/wp-content\/uploads\/2019\/06\/AF03D025-838D-4726-BEAD-DDFFAE79F1E0-150x113.jpeg 150w, http:\/\/wolfsreise.d-l-w.de\/wp-content\/uploads\/2019\/06\/AF03D025-838D-4726-BEAD-DDFFAE79F1E0-300x225.jpeg 300w, http:\/\/wolfsreise.d-l-w.de\/wp-content\/uploads\/2019\/06\/AF03D025-838D-4726-BEAD-DDFFAE79F1E0-768x576.jpeg 768w, http:\/\/wolfsreise.d-l-w.de\/wp-content\/uploads\/2019\/06\/AF03D025-838D-4726-BEAD-DDFFAE79F1E0.jpeg 2048w\" sizes=\"(max-width: 767px) 89vw, (max-width: 1000px) 54vw, (max-width: 1071px) 543px, 580px\" \/><figcaption>Und dann noch das, auf dem Kirchhof der \u00e4ltesten romanischen Kirchenruine der Region Dalmatien: Vorsorge ist alles!<\/figcaption><\/figure>\n","protected":false},"excerpt":{"rendered":"<p>Wir \u201eautowandern\u201c H\u00fcgelchen rauf, H\u00fcgelchen runter. Mit dem e-bike eine tolle Radtour durch ein fast unbewohntes Gel\u00e4nde, naturnahe Distelwiesen, durchzogen von der m\u00e4andrierenden Cetina wechseln mit Handtuchfeldern und eingestreuten Ha\u00e4usern &#8211; auf der Suche nach einem der Quellt\u00f6pfe erscheint uns diese Region als ein typisches Biosph\u00e4renreservat, auch wenn es keines ist und besser auch keines &hellip; <\/p>\n<p class=\"link-more\"><a href=\"http:\/\/wolfsreise.d-l-w.de\/?p=1477\" class=\"more-link\"><span class=\"screen-reader-text\">\u201eRundfahrt zum Quelltopf Cetina\u201c<\/span> weiterlesen<\/a><\/p>\n","protected":false},"author":2,"featured_media":0,"comment_status":"open","ping_status":"open","sticky":false,"template":"","format":"standard","meta":{"footnotes":""},"categories":[9],"tags":[],"class_list":["post-1477","post","type-post","status-publish","format-standard","hentry","category-europa-2019"],"_links":{"self":[{"href":"http:\/\/wolfsreise.d-l-w.de\/index.php?rest_route=\/wp\/v2\/posts\/1477"}],"collection":[{"href":"http:\/\/wolfsreise.d-l-w.de\/index.php?rest_route=\/wp\/v2\/posts"}],"about":[{"href":"http:\/\/wolfsreise.d-l-w.de\/index.php?rest_route=\/wp\/v2\/types\/post"}],"author":[{"embeddable":true,"href":"http:\/\/wolfsreise.d-l-w.de\/index.php?rest_route=\/wp\/v2\/users\/2"}],"replies":[{"embeddable":true,"href":"http:\/\/wolfsreise.d-l-w.de\/index.php?rest_route=%2Fwp%2Fv2%2Fcomments&post=1477"}],"version-history":[{"count":4,"href":"http:\/\/wolfsreise.d-l-w.de\/index.php?rest_route=\/wp\/v2\/posts\/1477\/revisions"}],"predecessor-version":[{"id":1495,"href":"http:\/\/wolfsreise.d-l-w.de\/index.php?rest_route=\/wp\/v2\/posts\/1477\/revisions\/1495"}],"wp:attachment":[{"href":"http:\/\/wolfsreise.d-l-w.de\/index.php?rest_route=%2Fwp%2Fv2%2Fmedia&parent=1477"}],"wp:term":[{"taxonomy":"category","embeddable":true,"href":"http:\/\/wolfsreise.d-l-w.de\/index.php?rest_route=%2Fwp%2Fv2%2Fcategories&post=1477"},{"taxonomy":"post_tag","embeddable":true,"href":"http:\/\/wolfsreise.d-l-w.de\/index.php?rest_route=%2Fwp%2Fv2%2Ftags&post=1477"}],"curies":[{"name":"wp","href":"https:\/\/api.w.org\/{rel}","templated":true}]}}