{"id":1443,"date":"2019-06-14T18:46:43","date_gmt":"2019-06-14T16:46:43","guid":{"rendered":"http:\/\/wolfsreise.d-l-w.de\/?p=1443"},"modified":"2019-06-15T20:33:59","modified_gmt":"2019-06-15T18:33:59","slug":"wenige-splitter-aus-split","status":"publish","type":"post","link":"http:\/\/wolfsreise.d-l-w.de\/?p=1443","title":{"rendered":"Wenige Splitter aus Split"},"content":{"rendered":"\n<p>Alles was der Tourist sehen muss, habe wir gesehen, nur nicht die tolle Aussicht vom Hausberge Marjan. Bei 33 Grad im Schatten wollten wir nicht hochsteigen. Die Aussicht 2 km zum Museum im Sonnenschein zu spazieren hat uns auch nicht verlockt. Wir haben den Bus genommen, um dann ganz allein mal wieder im Museum zu sein. Das Arch\u00e4ologische Museum ist das \u00e4lteste in Kroatien, der Teppich ist noch der gleiche wie bei seiner Er\u00f6ffnung. Aber das macht nichts, die Ausstellungsst\u00fccke sind schlie\u00dflich noch viel \u00e4lter, denn es sind die Funde aus der Ruinenstadt Salona (heute Solin), ganz locker gestellt und fast ohne englische Unterst\u00fctzung. Aber wir hatten ja zuvor: Altstadt auf den Fundamenten des Dioketian-Palastes, in dem heute statt des Kaisers Herrlichkeit 900 Wohnungen integriert sind, 4 Stadttore, enge Gassen, einen hohen katholischen Glockenturm und einen wunderbar bunten Markt mit dunkelroten reifen Kirschen. Wir haben\u2019s gut, denn wir sind mit dem Linienbus gekommen, der R\u00fcckstau ist uns egal, wir sitzen gem\u00fctlich, schauen aus dem Fenster und lassen die K\u00fcste an uns vor\u00fcberziehen. Alles zugebaut, wilde Mischung zwischen hypermodern, Gelsenkirchener Barock, Baustellen und Ruinen. dazwischen Altautos, halbe Boote, Palmen, Pinien und Sonnenschirme. Das ist das Adria-feeling zwischen Split und Omi\u0161.<\/p>\n\n\n\n<figure class=\"wp-block-image\"><img loading=\"lazy\" decoding=\"async\" width=\"1024\" height=\"769\" src=\"http:\/\/wolfsreise.d-l-w.de\/wp-content\/uploads\/2019\/06\/5D5D4FC6-8B4C-4C47-B61C-12A7B629EFE1-1024x769.jpeg\" alt=\"\" class=\"wp-image-1444\" srcset=\"http:\/\/wolfsreise.d-l-w.de\/wp-content\/uploads\/2019\/06\/5D5D4FC6-8B4C-4C47-B61C-12A7B629EFE1-1024x769.jpeg 1024w, http:\/\/wolfsreise.d-l-w.de\/wp-content\/uploads\/2019\/06\/5D5D4FC6-8B4C-4C47-B61C-12A7B629EFE1-150x113.jpeg 150w, http:\/\/wolfsreise.d-l-w.de\/wp-content\/uploads\/2019\/06\/5D5D4FC6-8B4C-4C47-B61C-12A7B629EFE1-300x225.jpeg 300w, http:\/\/wolfsreise.d-l-w.de\/wp-content\/uploads\/2019\/06\/5D5D4FC6-8B4C-4C47-B61C-12A7B629EFE1-768x576.jpeg 768w, http:\/\/wolfsreise.d-l-w.de\/wp-content\/uploads\/2019\/06\/5D5D4FC6-8B4C-4C47-B61C-12A7B629EFE1.jpeg 2048w\" sizes=\"(max-width: 767px) 89vw, (max-width: 1000px) 54vw, (max-width: 1071px) 543px, 580px\" \/><figcaption>Der venezianische Stadtplatz von Split  <\/figcaption><\/figure>\n\n\n\n<figure class=\"wp-block-image\"><img loading=\"lazy\" decoding=\"async\" width=\"1000\" height=\"750\" src=\"http:\/\/wolfsreise.d-l-w.de\/wp-content\/uploads\/2019\/06\/dscf6962.jpg\" alt=\"\" class=\"wp-image-1445\" srcset=\"http:\/\/wolfsreise.d-l-w.de\/wp-content\/uploads\/2019\/06\/dscf6962.jpg 1000w, http:\/\/wolfsreise.d-l-w.de\/wp-content\/uploads\/2019\/06\/dscf6962-150x113.jpg 150w, http:\/\/wolfsreise.d-l-w.de\/wp-content\/uploads\/2019\/06\/dscf6962-300x225.jpg 300w, http:\/\/wolfsreise.d-l-w.de\/wp-content\/uploads\/2019\/06\/dscf6962-768x576.jpg 768w\" sizes=\"(max-width: 767px) 89vw, (max-width: 1000px) 54vw, (max-width: 1071px) 543px, 580px\" \/><figcaption>Hie geht\u2019s rein in die Palatreste und den Touristenschwarm<\/figcaption><\/figure>\n\n\n\n<figure class=\"wp-block-image\"><img loading=\"lazy\" decoding=\"async\" width=\"1000\" height=\"750\" src=\"http:\/\/wolfsreise.d-l-w.de\/wp-content\/uploads\/2019\/06\/dscf6960.jpg\" alt=\"\" class=\"wp-image-1446\" srcset=\"http:\/\/wolfsreise.d-l-w.de\/wp-content\/uploads\/2019\/06\/dscf6960.jpg 1000w, http:\/\/wolfsreise.d-l-w.de\/wp-content\/uploads\/2019\/06\/dscf6960-150x113.jpg 150w, http:\/\/wolfsreise.d-l-w.de\/wp-content\/uploads\/2019\/06\/dscf6960-300x225.jpg 300w, http:\/\/wolfsreise.d-l-w.de\/wp-content\/uploads\/2019\/06\/dscf6960-768x576.jpg 768w\" sizes=\"(max-width: 767px) 89vw, (max-width: 1000px) 54vw, (max-width: 1071px) 543px, 580px\" \/><figcaption>Und dann kommt das autochthone Angebot f\u00fcr die Touris &#8211; Imported by China<\/figcaption><\/figure>\n\n\n\n<figure class=\"wp-block-image\"><img loading=\"lazy\" decoding=\"async\" width=\"1000\" height=\"750\" src=\"http:\/\/wolfsreise.d-l-w.de\/wp-content\/uploads\/2019\/06\/s0036851.jpg\" alt=\"\" class=\"wp-image-1449\" srcset=\"http:\/\/wolfsreise.d-l-w.de\/wp-content\/uploads\/2019\/06\/s0036851.jpg 1000w, http:\/\/wolfsreise.d-l-w.de\/wp-content\/uploads\/2019\/06\/s0036851-150x113.jpg 150w, http:\/\/wolfsreise.d-l-w.de\/wp-content\/uploads\/2019\/06\/s0036851-300x225.jpg 300w, http:\/\/wolfsreise.d-l-w.de\/wp-content\/uploads\/2019\/06\/s0036851-768x576.jpg 768w\" sizes=\"(max-width: 767px) 89vw, (max-width: 1000px) 54vw, (max-width: 1071px) 543px, 580px\" \/><figcaption>Aber das nat\u00fcrlich auch &#8230;<\/figcaption><\/figure>\n","protected":false},"excerpt":{"rendered":"<p>Alles was der Tourist sehen muss, habe wir gesehen, nur nicht die tolle Aussicht vom Hausberge Marjan. Bei 33 Grad im Schatten wollten wir nicht hochsteigen. Die Aussicht 2 km zum Museum im Sonnenschein zu spazieren hat uns auch nicht verlockt. Wir haben den Bus genommen, um dann ganz allein mal wieder im Museum zu &hellip; <\/p>\n<p class=\"link-more\"><a href=\"http:\/\/wolfsreise.d-l-w.de\/?p=1443\" class=\"more-link\"><span class=\"screen-reader-text\">\u201eWenige Splitter aus Split\u201c<\/span> weiterlesen<\/a><\/p>\n","protected":false},"author":2,"featured_media":0,"comment_status":"open","ping_status":"open","sticky":false,"template":"","format":"standard","meta":{"footnotes":""},"categories":[9],"tags":[],"class_list":["post-1443","post","type-post","status-publish","format-standard","hentry","category-europa-2019"],"_links":{"self":[{"href":"http:\/\/wolfsreise.d-l-w.de\/index.php?rest_route=\/wp\/v2\/posts\/1443"}],"collection":[{"href":"http:\/\/wolfsreise.d-l-w.de\/index.php?rest_route=\/wp\/v2\/posts"}],"about":[{"href":"http:\/\/wolfsreise.d-l-w.de\/index.php?rest_route=\/wp\/v2\/types\/post"}],"author":[{"embeddable":true,"href":"http:\/\/wolfsreise.d-l-w.de\/index.php?rest_route=\/wp\/v2\/users\/2"}],"replies":[{"embeddable":true,"href":"http:\/\/wolfsreise.d-l-w.de\/index.php?rest_route=%2Fwp%2Fv2%2Fcomments&post=1443"}],"version-history":[{"count":3,"href":"http:\/\/wolfsreise.d-l-w.de\/index.php?rest_route=\/wp\/v2\/posts\/1443\/revisions"}],"predecessor-version":[{"id":1484,"href":"http:\/\/wolfsreise.d-l-w.de\/index.php?rest_route=\/wp\/v2\/posts\/1443\/revisions\/1484"}],"wp:attachment":[{"href":"http:\/\/wolfsreise.d-l-w.de\/index.php?rest_route=%2Fwp%2Fv2%2Fmedia&parent=1443"}],"wp:term":[{"taxonomy":"category","embeddable":true,"href":"http:\/\/wolfsreise.d-l-w.de\/index.php?rest_route=%2Fwp%2Fv2%2Fcategories&post=1443"},{"taxonomy":"post_tag","embeddable":true,"href":"http:\/\/wolfsreise.d-l-w.de\/index.php?rest_route=%2Fwp%2Fv2%2Ftags&post=1443"}],"curies":[{"name":"wp","href":"https:\/\/api.w.org\/{rel}","templated":true}]}}