{"id":1433,"date":"2019-06-14T18:47:26","date_gmt":"2019-06-14T16:47:26","guid":{"rendered":"http:\/\/wolfsreise.d-l-w.de\/?p=1433"},"modified":"2019-06-15T20:36:47","modified_gmt":"2019-06-15T18:36:47","slug":"von-der-adria-kueste-ins-landesinnere-aber-nicht-zu-weit","status":"publish","type":"post","link":"http:\/\/wolfsreise.d-l-w.de\/?p=1433","title":{"rendered":"Von der Adria-K\u00fcste ins Landesinnere, aber nicht zu weit"},"content":{"rendered":"\n<p>Nach drei N\u00e4chten in Omi\u0161 ziehen wir weiter, diesmal entlang einer der tiefsten Schluchten Europas, was aber nur schwer zu sehen ist. Bei all dem wilden Wald rechts und links von der Serpentinenstra\u00dfe kann sich das sprudelnd gr\u00fcne Wasser gut verstecken. Rafting ist keine Option f\u00fcr uns. In einem m\u00fcrrischen Altem\u00e4nner- und Frauenkaffee erhalten wir den kleinen, starken Schwarzen und haben den bislang preisg\u00fcnstigsten Kaffee auf dem Tisch (nur 5 kn = 65 Cent). Der einsame Camping liegt an dem gro\u00dfen Binnensee, Peru\u0107ko jezero, ringsum nix als Natur, Landschaft und klares Wasser. Er ist zwischen 10 und 20 km2 gro\u00df und fasst als Stausee 565 Mio. qm Wasser. <\/p>\n\n\n\n<p>Einkauf muss zuvor erledigt sein: sch\u00f6ner Schuppen bei Lidl.<\/p>\n\n\n\n<p>Wir sind weit weg von den Touristenschw\u00e4rmen, nur ein holl\u00e4ndisches Paar hat den Platz schon vor uns gefunden. Check in per Selbstbedienung, alles easy. Der See wartet auf Badende &#8230;<\/p>\n\n\n\n<p>Auf der Liegewiese bl\u00fchen die Orchideen, sogar wir wissen wie sie hei\u00dfen: Schnepfen-Ragwurz, ganz ohne Monica officinalis rappido.<\/p>\n\n\n\n<p>P.s.: Botanisches weiter unten.<\/p>\n\n\n\n<p>Der See ist k\u00fcnstlich und riesig, mit Trinkwasserqualit\u00e4t, naturbelassen und fast einsam.<\/p>\n\n\n\n<p>Wir h\u00f6ren die Fischreiher, das Kr\u00f6tenkonzert und sehen einen Pirol, nur ganz kurz. Gerd sieht haupts\u00e4chlich M\u00fccken und Hornissen, aber das nur nebenbei. Die Glocken der Schafe klingeln am Ufer gegen\u00fcber, aber wir sehen sie nicht. Alles versteckt unter B\u00e4umen.<\/p>\n\n\n\n<p>Statt zu duschen schwimmen wir im See &#8211; das Leben ist ein langer pl\u00e4tschernder See.&nbsp;<\/p>\n\n\n\n<p>Schnepfen-Ragwurz: Mehrj\u00e4hrig, krautig, Wuchsh\u00f6hen zwischen 10 und 65&nbsp;&nbsp;cm, zwei eif\u00f6rmig bis kugelige Knollen als \u00dcberdauerungsorgane, am Grund des St\u00e4ngels 1-2 Schuppenbl\u00e4tter, 3-7 Laubbl\u00e4tter in einer Grundrosette zusammengefasst, weiter oben 1-2, manchmal 4 weitere Bl\u00e4tter, der langgestreckte Bl\u00fctenstand besteht aus 2-12, in seltenen F\u00e4llen auch 20 B\u00fcten, die schmal elliptischen bis eif\u00f6rmigen Kelchbl\u00e4tter sind rosa &#8211; rot, selten wei\u00dflich gr\u00fcn &#8211; gr\u00fcn gef\u00e4rbt (&#8230;), sie bedient sich der Peckhamschen Mimikry: ahmt das Aussehen von Langhornbienen-Weibchen nach, um so M\u00e4nnchen zur Best\u00e4ubung anzulocken, bl\u00fcht meist zwischen M\u00e4rz und Juni, in lichten W\u00e4ldern und Geb\u00fcschen, Garriguen, Magerwiesen und -rasen mit m\u00e4\u00dfig trockenen bis frischen, aber stets baseNreichen B\u00f6den bis zu einer H\u00f6he von 2000 Meter \u00fcber NN. (Wikipedia 13.6.19) So hoch sind wir nicht, nur auf 450 m!<\/p>\n\n\n\n<figure class=\"wp-block-image\"><img loading=\"lazy\" decoding=\"async\" width=\"765\" height=\"1024\" src=\"http:\/\/wolfsreise.d-l-w.de\/wp-content\/uploads\/2019\/06\/6F7CD829-895D-4A99-8E96-8B3136DD743F-e1560529092248-765x1024.jpeg\" alt=\"\" class=\"wp-image-1434\" srcset=\"http:\/\/wolfsreise.d-l-w.de\/wp-content\/uploads\/2019\/06\/6F7CD829-895D-4A99-8E96-8B3136DD743F-e1560529092248-765x1024.jpeg 765w, http:\/\/wolfsreise.d-l-w.de\/wp-content\/uploads\/2019\/06\/6F7CD829-895D-4A99-8E96-8B3136DD743F-e1560529092248-112x150.jpeg 112w, http:\/\/wolfsreise.d-l-w.de\/wp-content\/uploads\/2019\/06\/6F7CD829-895D-4A99-8E96-8B3136DD743F-e1560529092248-224x300.jpeg 224w, http:\/\/wolfsreise.d-l-w.de\/wp-content\/uploads\/2019\/06\/6F7CD829-895D-4A99-8E96-8B3136DD743F-e1560529092248-768x1028.jpeg 768w, http:\/\/wolfsreise.d-l-w.de\/wp-content\/uploads\/2019\/06\/6F7CD829-895D-4A99-8E96-8B3136DD743F-e1560529092248.jpeg 1936w\" sizes=\"(max-width: 706px) 89vw, (max-width: 767px) 82vw, 740px\" \/><figcaption>Das ist der kleine Wurz<\/figcaption><\/figure>\n\n\n\n<p>Tags\u00fcber sind wir allein auf weiter Flur. Alle Camper sind weg, denn es gibt keinen Strom, manchmal Wasser und nur kalte Duschen. aber wozu? Der See ist warm, sanft und gr\u00fcn. Wir haben Wasser, ein eigenes Kraftwerk und in der K\u00fchlbox ist reichlich Zeug zum Kochen. Abends: 3 andere Bullis, sonst Leere. Sehr still, nur die Kr\u00f6ten d\u00fcrfen laut. <\/p>\n\n\n\n<figure class=\"wp-block-image\"><img loading=\"lazy\" decoding=\"async\" width=\"1024\" height=\"765\" src=\"http:\/\/wolfsreise.d-l-w.de\/wp-content\/uploads\/2019\/06\/1DE521DA-B072-4E55-9327-DE4562331671-e1560529249332-1024x765.jpeg\" alt=\"\" class=\"wp-image-1438\" srcset=\"http:\/\/wolfsreise.d-l-w.de\/wp-content\/uploads\/2019\/06\/1DE521DA-B072-4E55-9327-DE4562331671-e1560529249332-1024x765.jpeg 1024w, http:\/\/wolfsreise.d-l-w.de\/wp-content\/uploads\/2019\/06\/1DE521DA-B072-4E55-9327-DE4562331671-e1560529249332-150x112.jpeg 150w, http:\/\/wolfsreise.d-l-w.de\/wp-content\/uploads\/2019\/06\/1DE521DA-B072-4E55-9327-DE4562331671-e1560529249332-300x224.jpeg 300w, http:\/\/wolfsreise.d-l-w.de\/wp-content\/uploads\/2019\/06\/1DE521DA-B072-4E55-9327-DE4562331671-e1560529249332-768x574.jpeg 768w\" sizes=\"(max-width: 767px) 89vw, (max-width: 1000px) 54vw, (max-width: 1071px) 543px, 580px\" \/><\/figure>\n","protected":false},"excerpt":{"rendered":"<p>Nach drei N\u00e4chten in Omi\u0161 ziehen wir weiter, diesmal entlang einer der tiefsten Schluchten Europas, was aber nur schwer zu sehen ist. Bei all dem wilden Wald rechts und links von der Serpentinenstra\u00dfe kann sich das sprudelnd gr\u00fcne Wasser gut verstecken. Rafting ist keine Option f\u00fcr uns. In einem m\u00fcrrischen Altem\u00e4nner- und Frauenkaffee erhalten wir &hellip; <\/p>\n<p class=\"link-more\"><a href=\"http:\/\/wolfsreise.d-l-w.de\/?p=1433\" class=\"more-link\"><span class=\"screen-reader-text\">\u201eVon der Adria-K\u00fcste ins Landesinnere, aber nicht zu weit\u201c<\/span> weiterlesen<\/a><\/p>\n","protected":false},"author":2,"featured_media":0,"comment_status":"open","ping_status":"open","sticky":false,"template":"","format":"standard","meta":{"footnotes":""},"categories":[9],"tags":[],"class_list":["post-1433","post","type-post","status-publish","format-standard","hentry","category-europa-2019"],"_links":{"self":[{"href":"http:\/\/wolfsreise.d-l-w.de\/index.php?rest_route=\/wp\/v2\/posts\/1433"}],"collection":[{"href":"http:\/\/wolfsreise.d-l-w.de\/index.php?rest_route=\/wp\/v2\/posts"}],"about":[{"href":"http:\/\/wolfsreise.d-l-w.de\/index.php?rest_route=\/wp\/v2\/types\/post"}],"author":[{"embeddable":true,"href":"http:\/\/wolfsreise.d-l-w.de\/index.php?rest_route=\/wp\/v2\/users\/2"}],"replies":[{"embeddable":true,"href":"http:\/\/wolfsreise.d-l-w.de\/index.php?rest_route=%2Fwp%2Fv2%2Fcomments&post=1433"}],"version-history":[{"count":3,"href":"http:\/\/wolfsreise.d-l-w.de\/index.php?rest_route=\/wp\/v2\/posts\/1433\/revisions"}],"predecessor-version":[{"id":1486,"href":"http:\/\/wolfsreise.d-l-w.de\/index.php?rest_route=\/wp\/v2\/posts\/1433\/revisions\/1486"}],"wp:attachment":[{"href":"http:\/\/wolfsreise.d-l-w.de\/index.php?rest_route=%2Fwp%2Fv2%2Fmedia&parent=1433"}],"wp:term":[{"taxonomy":"category","embeddable":true,"href":"http:\/\/wolfsreise.d-l-w.de\/index.php?rest_route=%2Fwp%2Fv2%2Fcategories&post=1433"},{"taxonomy":"post_tag","embeddable":true,"href":"http:\/\/wolfsreise.d-l-w.de\/index.php?rest_route=%2Fwp%2Fv2%2Ftags&post=1433"}],"curies":[{"name":"wp","href":"https:\/\/api.w.org\/{rel}","templated":true}]}}