{"id":143,"date":"2015-03-14T00:11:52","date_gmt":"2015-03-13T23:11:52","guid":{"rendered":"http:\/\/wolfsreise.d-l-w.de\/?p=143"},"modified":"2018-06-22T15:40:06","modified_gmt":"2018-06-22T13:40:06","slug":"die-fahrt-ans-ziel","status":"publish","type":"post","link":"http:\/\/wolfsreise.d-l-w.de\/?p=143","title":{"rendered":"Die Fahrt ans Ziel"},"content":{"rendered":"<p>Den richtigen Bahnsteig zu erwischen ist ebenfalls nicht leicht, wenn man wie wir gro\u00dfe, gr\u00f6\u00dfte Anzeigetafeln gewohnt sind und laute Ansagen, wann, wo welche Z\u00fcge abfahren. Hier ist alles klein und leise und wie in Frankreich, werden die Gleise erst kurz vor der Ankunft festgelegt. Also versuche ich erst mein Gep\u00e4ck zu holen, was mir nicht sofort gelingt. Der Automat will mein letztes 2 Euro St\u00fcck nicht nehmen, die \u00a0drei aber behalten. Ich klopfe mit wenig Hoffnung beim Service und der kommt tats\u00e4chlich sogleich. Er kennt den Trick das schon gefressene Geld zu reaktivieren und schnapp, geht die T\u00fcr auf. Ich wuchte meine Rucksack auf und stemme den Koffer. nie wieder so viel Zeug. Geschworen!<\/p>\n<p>Dann ist der Bahnsteig endlich ausgezeichnet, der Zug schon da und offen. Ich finde meinen Platz, aber der Koffer passt nicht durch den Gang. Ich lasse ihn zwischen den Sitzen stehen und lehne mich entspannt zur\u00fcck. Nach einer weiteren Weile &#8222;Warten&#8220; schleicht sich der Zug lautlos aus dem Bahnhof, fast unbemerkt. Ich bin \u00fcberrascht und habe schnell noch mal gefragt, ob ich im richtigen Zug bin. Alles claro.<\/p>\n<p>Evora ist Endstation. Sehr beruhigend. Nach 4.15 Uhr aufstehen und einer Stunde mehr ein wirklich wichtiges Geschenk. Sehe Korkeichenhaine, Orangenb\u00e4ume leuchten, K\u00fche und Pferde weit verstreut Weiden, St\u00f6rche auf Palmen br\u00fcten und erste wei\u00dfe Mandelb\u00e4ume, die sinkende rot werdende Sonne und komme p\u00fcnktlich an, werde erwartet und falle fast hinter dem Koffer aus dem Zug.<\/p>\n<p>Sandra, Sofia und ihr Mann sind da. Sie fahren VW, weil es so ein tolles Auto ist, zeigen mir die Stadt und verwirren meine Orientierung. Macht nichts, morgen wird alles besser.<\/p>\n<p>Sie haben f\u00fcr fast alles gesorgt. Nur keinen Wei\u00dfwein, nur roten&#8230; Heizstrahler sind noch n\u00f6tig, die Temperatur ist seit der letzten Woche um 8 Grad gefallen. Alles klein und \u00fcberschaubar. Die Mama wohnt in der N\u00e4he, kann aber kein Englisch. Macht nichts, ich kann malen&#8230;<\/p>\n<p>In der klitzekleinen Wohnung habe ich schon mal &#8222;umger\u00e4umt&#8220;, so dass es mehr meins wird. Werde nicht dies und das kaufen m\u00fcssen. Die K\u00fcche wird Gerd nicht wirklich gefallen. Aber der K\u00fchlschrank ist gro\u00df! Ein Topf oder zwei, eine Pfanne, zwei Platten, ein neuer Minibackofen, den noch niemand benutzt hat, vier St\u00fchle, aber eine Cleaningwoman&#8230; Whow!<\/p>\n<p>Ich st\u00f6psle die Heizungen aus, dann geht der Wasserkocher! Und gehe aus, verlaufe mich, nachts sehen alle H\u00e4user gleich aus und die Stadt ist rund. Ich werde schon wieder nach Hause finden. Erste Bar ein Reinfall, dann das Cafe Estrela d&#8217;ouro, ein Goldst\u00fcck. Inzwischen, 22.00 Uhr, nur noch Studies am Start. Was f\u00fcr ein lustiges Nest.<\/p>\n<p>\u00dcbrigens sind die Weingl\u00e4ser eher Badewannen. Morgen brauche ich einen richtigen Stadtplan.<\/p>\n<p><img decoding=\"async\" src=\"http:\/\/wolfsreise.d-l-w.de\/wp-content\/uploads\/2015\/03\/IMG_0145.jpg\" alt=\"\" \/><img decoding=\"async\" src=\"http:\/\/wolfsreise.d-l-w.de\/wp-content\/uploads\/2015\/03\/IMG_0146.jpg\" alt=\"\" \/><\/p>\n","protected":false},"excerpt":{"rendered":"<p>Den richtigen Bahnsteig zu erwischen ist ebenfalls nicht leicht, wenn man wie wir gro\u00dfe, gr\u00f6\u00dfte Anzeigetafeln gewohnt sind und laute Ansagen, wann, wo welche Z\u00fcge abfahren. Hier ist alles klein und leise und wie in Frankreich, werden die Gleise erst kurz vor der Ankunft festgelegt. Also versuche ich erst mein Gep\u00e4ck zu holen, was mir &hellip; <\/p>\n<p class=\"link-more\"><a href=\"http:\/\/wolfsreise.d-l-w.de\/?p=143\" class=\"more-link\"><span class=\"screen-reader-text\">\u201eDie Fahrt ans Ziel\u201c<\/span> weiterlesen<\/a><\/p>\n","protected":false},"author":2,"featured_media":0,"comment_status":"open","ping_status":"open","sticky":false,"template":"","format":"standard","meta":{"footnotes":""},"categories":[8],"tags":[],"class_list":["post-143","post","type-post","status-publish","format-standard","hentry","category-portugal"],"_links":{"self":[{"href":"http:\/\/wolfsreise.d-l-w.de\/index.php?rest_route=\/wp\/v2\/posts\/143"}],"collection":[{"href":"http:\/\/wolfsreise.d-l-w.de\/index.php?rest_route=\/wp\/v2\/posts"}],"about":[{"href":"http:\/\/wolfsreise.d-l-w.de\/index.php?rest_route=\/wp\/v2\/types\/post"}],"author":[{"embeddable":true,"href":"http:\/\/wolfsreise.d-l-w.de\/index.php?rest_route=\/wp\/v2\/users\/2"}],"replies":[{"embeddable":true,"href":"http:\/\/wolfsreise.d-l-w.de\/index.php?rest_route=%2Fwp%2Fv2%2Fcomments&post=143"}],"version-history":[{"count":5,"href":"http:\/\/wolfsreise.d-l-w.de\/index.php?rest_route=\/wp\/v2\/posts\/143\/revisions"}],"predecessor-version":[{"id":162,"href":"http:\/\/wolfsreise.d-l-w.de\/index.php?rest_route=\/wp\/v2\/posts\/143\/revisions\/162"}],"wp:attachment":[{"href":"http:\/\/wolfsreise.d-l-w.de\/index.php?rest_route=%2Fwp%2Fv2%2Fmedia&parent=143"}],"wp:term":[{"taxonomy":"category","embeddable":true,"href":"http:\/\/wolfsreise.d-l-w.de\/index.php?rest_route=%2Fwp%2Fv2%2Fcategories&post=143"},{"taxonomy":"post_tag","embeddable":true,"href":"http:\/\/wolfsreise.d-l-w.de\/index.php?rest_route=%2Fwp%2Fv2%2Ftags&post=143"}],"curies":[{"name":"wp","href":"https:\/\/api.w.org\/{rel}","templated":true}]}}