{"id":1429,"date":"2019-06-22T22:51:21","date_gmt":"2019-06-22T20:51:21","guid":{"rendered":"http:\/\/wolfsreise.d-l-w.de\/?p=1429"},"modified":"2019-11-13T18:19:23","modified_gmt":"2019-11-13T17:19:23","slug":"aktuelle-nachrichten","status":"publish","type":"post","link":"http:\/\/wolfsreise.d-l-w.de\/?p=1429","title":{"rendered":"Aktuelle Nachrichten"},"content":{"rendered":"\n<p>Ein neues touristisches Event:<\/p>\n\n\n\n<p>Ich schlage vor eine Hundeshow mit dem ersten Preis f\u00fcr den h\u00e4\u00dflichsten, kurzbeinigen, \u00fcberf\u00fctterten 4-Beiner. Jeder Zeltplatz aller K\u00fcstencamps kann in jedem Monat einen davon k\u00fcren und am Ende der Sommersaison eine Landesmeisterschaft veranstalten. Teilnehmer_innen g\u00e4be es auf jeden Fall reichlich. Gef\u00fchlt hat jedes dritte Wohnmobil so einen Kl\u00e4ffer dabei.<\/p>\n\n\n\n<p>Fr\u00fch aufstehen bei Camping obligatorisch. 7.00 Uhr wird meine Lieblingszeit, aber nur wenn die Sonne Schein.<\/p>\n\n\n\n<p><em>Juni 2019<\/em><\/p>\n\n\n\n<p>Einreise nach Montenegro: total langweilig, waren bei der Ausreise, l\u00e4nger warten bei der Einreise. Bei sch\u00f6nen 30,5 Grad bleibt das Auto an und die Klimaanlage arbeitet volle Pulle. Soweit unser Beitrag zur Klimadebatte!<\/p>\n\n\n\n<p>Pl\u00f6tzlich verstehen wir die Preise wieder ohne nachzudenken, alles \u20ac oder was?<\/p>\n\n\n\n<p>Campen hei\u00dft auch Hundebesitzer kennenzulernen: er will nur spielen, ist ganz lieb, aber nicht an der Leine. Fast f\u00e4llt unser Tisch um, &#8222;ach Gott, ich konnte ihn nicht halten, er ist st\u00e4rker als ich.&#8220; Es lebe die Hundeschule.<\/p>\n\n\n\n<p>Ein Glas kaputt, zwei neue gekauft.<\/p>\n\n\n\n<p>Drei Schrauben aus dem Bett gefallen, nix b\u00f6ses gemacht, h\u00e4lt trotzdem.<\/p>\n\n\n\n<p>Auf jedem Platz die faltbare Solaranlage erkl\u00e4rt.<\/p>\n\n\n\n<p>Noch nicht einmal den Korkenzieher gebraucht.<\/p>\n\n\n\n<p>Waschmaschinen auf unseren Minicampingpl\u00e4tzen Mangelware, wir brauen eine!<\/p>\n\n\n\n<p>Die Guerilla-Samen noch kaum verstreut, die Erde ist zu karg, zu hart und zu trocken, vielleicht in Italy?<\/p>\n\n\n\n<p>Tomaten sind lecker, sagt Gerd, ich ziehe Kirschen vor.<\/p>\n\n\n\n<p>Oliven\u00f6l direkt vom Bauern: aus gr\u00fcnen mit dem gro\u00dfen Etikett, aus schwarzen und gr\u00fcnen mit dem kleinen Etikett, beide super!<\/p>\n\n\n\n<p>Und heute haben wir den Namen des Bullis erfahren: yellow, andere haben ihn Zitrone getauft. Wir sind mit allem einverstanden. Der Bulli hat Spa\u00df und wir mit ihm.<\/p>\n\n\n\n<figure class=\"wp-block-image\"><img loading=\"lazy\" decoding=\"async\" width=\"640\" height=\"480\" src=\"http:\/\/wolfsreise.d-l-w.de\/wp-content\/uploads\/2019\/06\/1AEC5C06-3409-4024-91EA-1E6A29716C92.jpeg\" alt=\"\" class=\"wp-image-1431\" srcset=\"http:\/\/wolfsreise.d-l-w.de\/wp-content\/uploads\/2019\/06\/1AEC5C06-3409-4024-91EA-1E6A29716C92.jpeg 640w, http:\/\/wolfsreise.d-l-w.de\/wp-content\/uploads\/2019\/06\/1AEC5C06-3409-4024-91EA-1E6A29716C92-150x113.jpeg 150w, http:\/\/wolfsreise.d-l-w.de\/wp-content\/uploads\/2019\/06\/1AEC5C06-3409-4024-91EA-1E6A29716C92-300x225.jpeg 300w\" sizes=\"(max-width: 640px) 100vw, 640px\" \/><figcaption>Der, der immer kocht, kocht auf 2 Platten<\/figcaption><\/figure>\n\n\n\n<p>Neuentdeckung: Gerd hat herausgefunden, dass es einen Minitisch gibt, wenn man die Abdeckplatte der Wasserversorgung an die Schublade f\u00fcr Besteck und co. klemmt, ob Theis und Ruth das wohl auch wu\u00dften? Verraten haben sie es jedenfalls nicht. <\/p>\n\n\n\n<p>Wir haben postlagernd ein VW-taugliches M\u00fcckennetz bestellt, die Hilfskonstruktion h\u00e4lt nicht bei der Affenhitze und arme Gerd sieht gepunktet aus. Das neue Sams?<\/p>\n\n\n\n<p>Ich empfehle Dubrovnik bei Regen und dann hoffentlich ohne Reisegruppen aller 20m. So \u00e4hnlich wie Venedig, volles Gedr\u00e4nge in der Altstadt, in der richtigen Stadt fehlen die Touris. Nur das Kreuzfahrtschiff im Hafen erinnert an sie. Und: heute gef\u00fchlt 2000 Treppen rauf und runter, das ist bei Regen nat\u00fcrlich auch \u00c4tze!<\/p>\n\n\n\n<figure class=\"wp-block-image\"><img loading=\"lazy\" decoding=\"async\" width=\"1024\" height=\"765\" src=\"http:\/\/wolfsreise.d-l-w.de\/wp-content\/uploads\/2019\/06\/3FE31DA0-3DB7-43FC-A515-0CAC27A6BD16-e1560962063399-1024x765.jpeg\" alt=\"\" class=\"wp-image-1527\" srcset=\"http:\/\/wolfsreise.d-l-w.de\/wp-content\/uploads\/2019\/06\/3FE31DA0-3DB7-43FC-A515-0CAC27A6BD16-e1560962063399-1024x765.jpeg 1024w, http:\/\/wolfsreise.d-l-w.de\/wp-content\/uploads\/2019\/06\/3FE31DA0-3DB7-43FC-A515-0CAC27A6BD16-e1560962063399-150x112.jpeg 150w, http:\/\/wolfsreise.d-l-w.de\/wp-content\/uploads\/2019\/06\/3FE31DA0-3DB7-43FC-A515-0CAC27A6BD16-e1560962063399-300x224.jpeg 300w, http:\/\/wolfsreise.d-l-w.de\/wp-content\/uploads\/2019\/06\/3FE31DA0-3DB7-43FC-A515-0CAC27A6BD16-e1560962063399-768x574.jpeg 768w\" sizes=\"(max-width: 767px) 89vw, (max-width: 1000px) 54vw, (max-width: 1071px) 543px, 580px\" \/><figcaption>Machen Sie eine typische Handbewegung <\/figcaption><\/figure>\n","protected":false},"excerpt":{"rendered":"<p>Ein neues touristisches Event: Ich schlage vor eine Hundeshow mit dem ersten Preis f\u00fcr den h\u00e4\u00dflichsten, kurzbeinigen, \u00fcberf\u00fctterten 4-Beiner. Jeder Zeltplatz aller K\u00fcstencamps kann in jedem Monat einen davon k\u00fcren und am Ende der Sommersaison eine Landesmeisterschaft veranstalten. Teilnehmer_innen g\u00e4be es auf jeden Fall reichlich. Gef\u00fchlt hat jedes dritte Wohnmobil so einen Kl\u00e4ffer dabei. Fr\u00fch &hellip; <\/p>\n<p class=\"link-more\"><a href=\"http:\/\/wolfsreise.d-l-w.de\/?p=1429\" class=\"more-link\"><span class=\"screen-reader-text\">\u201eAktuelle Nachrichten\u201c<\/span> weiterlesen<\/a><\/p>\n","protected":false},"author":2,"featured_media":0,"comment_status":"open","ping_status":"open","sticky":false,"template":"","format":"standard","meta":{"footnotes":""},"categories":[9],"tags":[],"class_list":["post-1429","post","type-post","status-publish","format-standard","hentry","category-europa-2019"],"_links":{"self":[{"href":"http:\/\/wolfsreise.d-l-w.de\/index.php?rest_route=\/wp\/v2\/posts\/1429"}],"collection":[{"href":"http:\/\/wolfsreise.d-l-w.de\/index.php?rest_route=\/wp\/v2\/posts"}],"about":[{"href":"http:\/\/wolfsreise.d-l-w.de\/index.php?rest_route=\/wp\/v2\/types\/post"}],"author":[{"embeddable":true,"href":"http:\/\/wolfsreise.d-l-w.de\/index.php?rest_route=\/wp\/v2\/users\/2"}],"replies":[{"embeddable":true,"href":"http:\/\/wolfsreise.d-l-w.de\/index.php?rest_route=%2Fwp%2Fv2%2Fcomments&post=1429"}],"version-history":[{"count":13,"href":"http:\/\/wolfsreise.d-l-w.de\/index.php?rest_route=\/wp\/v2\/posts\/1429\/revisions"}],"predecessor-version":[{"id":2805,"href":"http:\/\/wolfsreise.d-l-w.de\/index.php?rest_route=\/wp\/v2\/posts\/1429\/revisions\/2805"}],"wp:attachment":[{"href":"http:\/\/wolfsreise.d-l-w.de\/index.php?rest_route=%2Fwp%2Fv2%2Fmedia&parent=1429"}],"wp:term":[{"taxonomy":"category","embeddable":true,"href":"http:\/\/wolfsreise.d-l-w.de\/index.php?rest_route=%2Fwp%2Fv2%2Fcategories&post=1429"},{"taxonomy":"post_tag","embeddable":true,"href":"http:\/\/wolfsreise.d-l-w.de\/index.php?rest_route=%2Fwp%2Fv2%2Ftags&post=1429"}],"curies":[{"name":"wp","href":"https:\/\/api.w.org\/{rel}","templated":true}]}}