{"id":1412,"date":"2019-06-09T21:04:00","date_gmt":"2019-06-09T19:04:00","guid":{"rendered":"http:\/\/wolfsreise.d-l-w.de\/?p=1412"},"modified":"2019-11-13T18:02:06","modified_gmt":"2019-11-13T17:02:06","slug":"wir-sind-auf-der-flucht","status":"publish","type":"post","link":"http:\/\/wolfsreise.d-l-w.de\/?p=1412","title":{"rendered":"Wir sind auf der Flucht"},"content":{"rendered":"\n<p>Pl\u00f6tzlich war der ganze Camping, direkt am Meer und doch weiter weg vom St\u00e4dtchen Trogir, voller Wohnmobile, sozusagen T\u00fcr an T\u00fcr. Von jetzt auf gleich! Eigentlich wollten wir noch eine Nacht l\u00e4nger bleiben, Strand und K\u00fcstenfelsen waren wirklich toll und beeindruckend. Schwimmen vor dem Wachwerden, dann gem\u00fctlich duschen und relexday? <\/p>\n\n\n\n<p>Aber nachdem ein Wohnschiff nach dem anderen einparkte, war es uns zu viel Trubel ringsum. Gerd hat lange gesucht, um einen \u201eb\u00e4uerlichen\u201c Platz an der \u00fcberwiegend komplett bebauten K\u00fcste zu finden. Er liegt deshalb auch nicht direkt am Meer, aber 10 Minuten zu Fu\u00df oder 5 mit dem Rad bew\u00e4ltigen wir locker. Versteckt am Fu\u00df hoher, schroffer Berge, landen wir in Omi\u0161 und k\u00f6nnen das alte, sehr kleine St\u00e4dtchen sogar ohne touristisches Geschiebe besuchen. L\u00e4nger Sandstrand, Familiensonntag, Apero am Strand, alles wieder gut!<\/p>\n\n\n\n<p>Nur die Anreise war kompliziert. Die \u201elandschaftlich sch\u00f6ne Strecke\u201c durch eine tiefe Schlucht f\u00fchrend, war genau heute f\u00fcr ein Autorennen gesperrt. Zur\u00fcck auf los und die K\u00fcstenmagistrale nehmend, fahren wir an einem Appartement am anderen, einem Hotel am n\u00e4chsten vorbei. Lockt nicht wirklich, um anzuhalten, nicht mal f\u00fcr einen kurzen Expresso. Wir zweifeln an unserer Entscheidung, werden am Ende aber doch belohnt mit einem Platz f\u00fcr den Bus unterm Walnussbaum, schattig, gro\u00df und nahezu allein.<\/p>\n\n\n\n<p>Bilder vielleicht morgen, denn wir besuchen Split.<\/p>\n","protected":false},"excerpt":{"rendered":"<p>Pl\u00f6tzlich war der ganze Camping, direkt am Meer und doch weiter weg vom St\u00e4dtchen Trogir, voller Wohnmobile, sozusagen T\u00fcr an T\u00fcr. Von jetzt auf gleich! Eigentlich wollten wir noch eine Nacht l\u00e4nger bleiben, Strand und K\u00fcstenfelsen waren wirklich toll und beeindruckend. Schwimmen vor dem Wachwerden, dann gem\u00fctlich duschen und relexday? Aber nachdem ein Wohnschiff nach &hellip; <\/p>\n<p class=\"link-more\"><a href=\"http:\/\/wolfsreise.d-l-w.de\/?p=1412\" class=\"more-link\"><span class=\"screen-reader-text\">\u201eWir sind auf der Flucht\u201c<\/span> weiterlesen<\/a><\/p>\n","protected":false},"author":2,"featured_media":0,"comment_status":"open","ping_status":"open","sticky":false,"template":"","format":"standard","meta":{"footnotes":""},"categories":[9],"tags":[],"class_list":["post-1412","post","type-post","status-publish","format-standard","hentry","category-europa-2019"],"_links":{"self":[{"href":"http:\/\/wolfsreise.d-l-w.de\/index.php?rest_route=\/wp\/v2\/posts\/1412"}],"collection":[{"href":"http:\/\/wolfsreise.d-l-w.de\/index.php?rest_route=\/wp\/v2\/posts"}],"about":[{"href":"http:\/\/wolfsreise.d-l-w.de\/index.php?rest_route=\/wp\/v2\/types\/post"}],"author":[{"embeddable":true,"href":"http:\/\/wolfsreise.d-l-w.de\/index.php?rest_route=\/wp\/v2\/users\/2"}],"replies":[{"embeddable":true,"href":"http:\/\/wolfsreise.d-l-w.de\/index.php?rest_route=%2Fwp%2Fv2%2Fcomments&post=1412"}],"version-history":[{"count":5,"href":"http:\/\/wolfsreise.d-l-w.de\/index.php?rest_route=\/wp\/v2\/posts\/1412\/revisions"}],"predecessor-version":[{"id":2798,"href":"http:\/\/wolfsreise.d-l-w.de\/index.php?rest_route=\/wp\/v2\/posts\/1412\/revisions\/2798"}],"wp:attachment":[{"href":"http:\/\/wolfsreise.d-l-w.de\/index.php?rest_route=%2Fwp%2Fv2%2Fmedia&parent=1412"}],"wp:term":[{"taxonomy":"category","embeddable":true,"href":"http:\/\/wolfsreise.d-l-w.de\/index.php?rest_route=%2Fwp%2Fv2%2Fcategories&post=1412"},{"taxonomy":"post_tag","embeddable":true,"href":"http:\/\/wolfsreise.d-l-w.de\/index.php?rest_route=%2Fwp%2Fv2%2Ftags&post=1412"}],"curies":[{"name":"wp","href":"https:\/\/api.w.org\/{rel}","templated":true}]}}