{"id":1403,"date":"2019-06-09T21:03:29","date_gmt":"2019-06-09T19:03:29","guid":{"rendered":"http:\/\/wolfsreise.d-l-w.de\/?p=1403"},"modified":"2019-06-09T21:03:29","modified_gmt":"2019-06-09T19:03:29","slug":"trogir-pittoreskes-weltkulturerbe-kaum-zu-sehen-vor-lauter-touris","status":"publish","type":"post","link":"http:\/\/wolfsreise.d-l-w.de\/?p=1403","title":{"rendered":"Trogir &#8211; pittoreskes Weltkulturerbe &#8211; kaum zu sehen vor lauter Touris"},"content":{"rendered":"\n<p>Und einem \u00fcberbordenden Infrastrukturangebot nur f\u00fcr die Touris aus aller Herren L\u00e4nder. Schon wird es eher unangenehm voll, ein Schieben durch die Massen macht uns wirklich keinen Spa\u00df, obwohl unsere Anreise mit Rad und B\u00f6tchen ganz anderes Hoffen lies.<\/p>\n\n\n\n<figure class=\"wp-block-image\"><img loading=\"lazy\" decoding=\"async\" width=\"1024\" height=\"765\" src=\"http:\/\/wolfsreise.d-l-w.de\/wp-content\/uploads\/2019\/06\/06761EF1-1BFE-47E5-85AF-694213ED8BCF-1024x765.jpeg\" alt=\"\" class=\"wp-image-1405\" srcset=\"http:\/\/wolfsreise.d-l-w.de\/wp-content\/uploads\/2019\/06\/06761EF1-1BFE-47E5-85AF-694213ED8BCF-1024x765.jpeg 1024w, http:\/\/wolfsreise.d-l-w.de\/wp-content\/uploads\/2019\/06\/06761EF1-1BFE-47E5-85AF-694213ED8BCF-150x112.jpeg 150w, http:\/\/wolfsreise.d-l-w.de\/wp-content\/uploads\/2019\/06\/06761EF1-1BFE-47E5-85AF-694213ED8BCF-300x224.jpeg 300w, http:\/\/wolfsreise.d-l-w.de\/wp-content\/uploads\/2019\/06\/06761EF1-1BFE-47E5-85AF-694213ED8BCF-768x574.jpeg 768w\" sizes=\"(max-width: 767px) 89vw, (max-width: 1000px) 54vw, (max-width: 1071px) 543px, 580px\" \/><figcaption>Ein H\u00f6hepunkt Jagd angeblich den sten durch die engen Gassen<\/figcaption><\/figure>\n\n\n\n<p><\/p>\n\n\n\n<figure class=\"wp-block-image\"><img loading=\"lazy\" decoding=\"async\" width=\"1024\" height=\"768\" src=\"http:\/\/wolfsreise.d-l-w.de\/wp-content\/uploads\/2019\/06\/4727A546-9080-40FD-985F-F6E133852475-1024x768.jpeg\" alt=\"\" class=\"wp-image-1415\" srcset=\"http:\/\/wolfsreise.d-l-w.de\/wp-content\/uploads\/2019\/06\/4727A546-9080-40FD-985F-F6E133852475-1024x768.jpeg 1024w, http:\/\/wolfsreise.d-l-w.de\/wp-content\/uploads\/2019\/06\/4727A546-9080-40FD-985F-F6E133852475-150x113.jpeg 150w, http:\/\/wolfsreise.d-l-w.de\/wp-content\/uploads\/2019\/06\/4727A546-9080-40FD-985F-F6E133852475-300x225.jpeg 300w, http:\/\/wolfsreise.d-l-w.de\/wp-content\/uploads\/2019\/06\/4727A546-9080-40FD-985F-F6E133852475-768x576.jpeg 768w, http:\/\/wolfsreise.d-l-w.de\/wp-content\/uploads\/2019\/06\/4727A546-9080-40FD-985F-F6E133852475.jpeg 2048w\" sizes=\"(max-width: 767px) 89vw, (max-width: 1000px) 54vw, (max-width: 1071px) 543px, 580px\" \/><figcaption>Der Stadtplatz und anschlie\u00dfend die kleinen St\u00e4\u00dfchen<\/figcaption><\/figure>\n\n\n\n<figure class=\"wp-block-image\"><img loading=\"lazy\" decoding=\"async\" width=\"1024\" height=\"768\" src=\"http:\/\/wolfsreise.d-l-w.de\/wp-content\/uploads\/2019\/06\/0170F2D8-B801-4FF4-B666-CE9135C869B5-1024x768.jpeg\" alt=\"\" class=\"wp-image-1416\" srcset=\"http:\/\/wolfsreise.d-l-w.de\/wp-content\/uploads\/2019\/06\/0170F2D8-B801-4FF4-B666-CE9135C869B5-1024x768.jpeg 1024w, http:\/\/wolfsreise.d-l-w.de\/wp-content\/uploads\/2019\/06\/0170F2D8-B801-4FF4-B666-CE9135C869B5-150x113.jpeg 150w, http:\/\/wolfsreise.d-l-w.de\/wp-content\/uploads\/2019\/06\/0170F2D8-B801-4FF4-B666-CE9135C869B5-300x225.jpeg 300w, http:\/\/wolfsreise.d-l-w.de\/wp-content\/uploads\/2019\/06\/0170F2D8-B801-4FF4-B666-CE9135C869B5-768x576.jpeg 768w, http:\/\/wolfsreise.d-l-w.de\/wp-content\/uploads\/2019\/06\/0170F2D8-B801-4FF4-B666-CE9135C869B5.jpeg 2048w\" sizes=\"(max-width: 767px) 89vw, (max-width: 1000px) 54vw, (max-width: 1071px) 543px, 580px\" \/><figcaption>Nach einer Berg-Talfahrt mit Rad erreichen wir das F\u00e4hrboot und genie\u00dfen bei der Abreise  noch einmal den \u201eWeltkulturerbe-Blick\u201c<\/figcaption><\/figure>\n","protected":false},"excerpt":{"rendered":"<p>Und einem \u00fcberbordenden Infrastrukturangebot nur f\u00fcr die Touris aus aller Herren L\u00e4nder. Schon wird es eher unangenehm voll, ein Schieben durch die Massen macht uns wirklich keinen Spa\u00df, obwohl unsere Anreise mit Rad und B\u00f6tchen ganz anderes Hoffen lies.<\/p>\n","protected":false},"author":2,"featured_media":0,"comment_status":"open","ping_status":"open","sticky":false,"template":"","format":"standard","meta":{"footnotes":""},"categories":[9],"tags":[],"class_list":["post-1403","post","type-post","status-publish","format-standard","hentry","category-europa-2019"],"_links":{"self":[{"href":"http:\/\/wolfsreise.d-l-w.de\/index.php?rest_route=\/wp\/v2\/posts\/1403"}],"collection":[{"href":"http:\/\/wolfsreise.d-l-w.de\/index.php?rest_route=\/wp\/v2\/posts"}],"about":[{"href":"http:\/\/wolfsreise.d-l-w.de\/index.php?rest_route=\/wp\/v2\/types\/post"}],"author":[{"embeddable":true,"href":"http:\/\/wolfsreise.d-l-w.de\/index.php?rest_route=\/wp\/v2\/users\/2"}],"replies":[{"embeddable":true,"href":"http:\/\/wolfsreise.d-l-w.de\/index.php?rest_route=%2Fwp%2Fv2%2Fcomments&post=1403"}],"version-history":[{"count":3,"href":"http:\/\/wolfsreise.d-l-w.de\/index.php?rest_route=\/wp\/v2\/posts\/1403\/revisions"}],"predecessor-version":[{"id":1417,"href":"http:\/\/wolfsreise.d-l-w.de\/index.php?rest_route=\/wp\/v2\/posts\/1403\/revisions\/1417"}],"wp:attachment":[{"href":"http:\/\/wolfsreise.d-l-w.de\/index.php?rest_route=%2Fwp%2Fv2%2Fmedia&parent=1403"}],"wp:term":[{"taxonomy":"category","embeddable":true,"href":"http:\/\/wolfsreise.d-l-w.de\/index.php?rest_route=%2Fwp%2Fv2%2Fcategories&post=1403"},{"taxonomy":"post_tag","embeddable":true,"href":"http:\/\/wolfsreise.d-l-w.de\/index.php?rest_route=%2Fwp%2Fv2%2Ftags&post=1403"}],"curies":[{"name":"wp","href":"https:\/\/api.w.org\/{rel}","templated":true}]}}