{"id":1393,"date":"2019-06-08T17:48:56","date_gmt":"2019-06-08T15:48:56","guid":{"rendered":"http:\/\/wolfsreise.d-l-w.de\/?p=1393"},"modified":"2019-06-08T17:48:56","modified_gmt":"2019-06-08T15:48:56","slug":"st-jakob-kathedrale-in-sibenik-die-sammlung-weltkulturerbe-vervollstaendigen","status":"publish","type":"post","link":"http:\/\/wolfsreise.d-l-w.de\/?p=1393","title":{"rendered":"St. Jakob Kathedrale in \u0160ibenik- die Sammlung \u00abWeltkulturerbe\u00ab\u00a0 vervollst\u00e4ndigen!"},"content":{"rendered":"\n<p>zwischen Zadar und Split, ein kleines altes St\u00e4dtchen mit einem lebendigen Stadt- und Hafenleben, das den Tourismus kennt, aber auch ganz \u201enormal\u201c funktioniert, kultiviert seinen alten Stadtkern durchaus touristisch ohne \u201eabgeleckt\u201c zu sein. Dann aber schlie\u00dft sich ein \u201emoderner\u201c Teil an, der keine Sch\u00f6nheit ist , aber lebendig. Auf einem gro\u00dfen Markt kaufen wir Crevetten, superfrisch und minikleine Rotbarben, die wir im ganzen essen k\u00f6nnten, w\u00e4ren nicht so viele gigantische Gr\u00e4ten drin. Wir lassen uns noch zu verschiedenen frischen Gem\u00fcsen \u00fcberreden und staunen sp\u00e4ter \u00fcber den intensiven Geschmack der Gruken, richtige Gurken!<\/p>\n\n\n\n<p>Nat\u00fcrlich haben wir zuvor unsere Pflicht erledigt und den im Reisef\u00fchrer vorgeschlagen Stadtrundgang (sehr klein und nett) erledigt und das Weltkulturerbe ausf\u00fchrlich besichtigt.<\/p>\n\n\n\n<p>Es gibt viel mehr zu wissen \u00fcber dieses St\u00e4dtchen, wir h\u00f6ren es bei einer Stadtf\u00fchrung mit. Sp\u00e4ter mehr davon.<\/p>\n\n\n\n<figure class=\"wp-block-image\"><img loading=\"lazy\" decoding=\"async\" width=\"1024\" height=\"768\" src=\"http:\/\/wolfsreise.d-l-w.de\/wp-content\/uploads\/2019\/06\/9E6F45E8-70B7-45A0-847E-B2A3C9B356AA-1024x768.jpeg\" alt=\"\" class=\"wp-image-1396\" srcset=\"http:\/\/wolfsreise.d-l-w.de\/wp-content\/uploads\/2019\/06\/9E6F45E8-70B7-45A0-847E-B2A3C9B356AA-1024x768.jpeg 1024w, http:\/\/wolfsreise.d-l-w.de\/wp-content\/uploads\/2019\/06\/9E6F45E8-70B7-45A0-847E-B2A3C9B356AA-150x113.jpeg 150w, http:\/\/wolfsreise.d-l-w.de\/wp-content\/uploads\/2019\/06\/9E6F45E8-70B7-45A0-847E-B2A3C9B356AA-300x225.jpeg 300w, http:\/\/wolfsreise.d-l-w.de\/wp-content\/uploads\/2019\/06\/9E6F45E8-70B7-45A0-847E-B2A3C9B356AA-768x576.jpeg 768w, http:\/\/wolfsreise.d-l-w.de\/wp-content\/uploads\/2019\/06\/9E6F45E8-70B7-45A0-847E-B2A3C9B356AA.jpeg 2048w\" sizes=\"(max-width: 767px) 89vw, (max-width: 1000px) 54vw, (max-width: 1071px) 543px, 580px\" \/><figcaption>Frisch geputzt, die 71 Menschenk\u00f6pfe passen gut auf<\/figcaption><\/figure>\n\n\n\n<figure class=\"wp-block-image\"><img loading=\"lazy\" decoding=\"async\" width=\"768\" height=\"1024\" src=\"http:\/\/wolfsreise.d-l-w.de\/wp-content\/uploads\/2019\/06\/DA951D74-20DE-400B-89C2-75FA2AEDA63A-768x1024.jpeg\" alt=\"\" class=\"wp-image-1397\" srcset=\"http:\/\/wolfsreise.d-l-w.de\/wp-content\/uploads\/2019\/06\/DA951D74-20DE-400B-89C2-75FA2AEDA63A-768x1024.jpeg 768w, http:\/\/wolfsreise.d-l-w.de\/wp-content\/uploads\/2019\/06\/DA951D74-20DE-400B-89C2-75FA2AEDA63A-113x150.jpeg 113w, http:\/\/wolfsreise.d-l-w.de\/wp-content\/uploads\/2019\/06\/DA951D74-20DE-400B-89C2-75FA2AEDA63A-225x300.jpeg 225w, http:\/\/wolfsreise.d-l-w.de\/wp-content\/uploads\/2019\/06\/DA951D74-20DE-400B-89C2-75FA2AEDA63A.jpeg 1536w\" sizes=\"(max-width: 767px) 89vw, (max-width: 1000px) 54vw, (max-width: 1071px) 543px, 580px\" \/><figcaption>Portr\u00e4ts der Zeitgenossen des Baumeisters Juri Dalmatinac, der auch die Kathedrale baute<\/figcaption><\/figure>\n\n\n\n<figure class=\"wp-block-image\"><img loading=\"lazy\" decoding=\"async\" width=\"1024\" height=\"768\" src=\"http:\/\/wolfsreise.d-l-w.de\/wp-content\/uploads\/2019\/06\/B3A3B116-F658-4B0E-899B-3964CF0ACACA-1024x768.jpeg\" alt=\"\" class=\"wp-image-1398\" srcset=\"http:\/\/wolfsreise.d-l-w.de\/wp-content\/uploads\/2019\/06\/B3A3B116-F658-4B0E-899B-3964CF0ACACA-1024x768.jpeg 1024w, http:\/\/wolfsreise.d-l-w.de\/wp-content\/uploads\/2019\/06\/B3A3B116-F658-4B0E-899B-3964CF0ACACA-150x113.jpeg 150w, http:\/\/wolfsreise.d-l-w.de\/wp-content\/uploads\/2019\/06\/B3A3B116-F658-4B0E-899B-3964CF0ACACA-300x225.jpeg 300w, http:\/\/wolfsreise.d-l-w.de\/wp-content\/uploads\/2019\/06\/B3A3B116-F658-4B0E-899B-3964CF0ACACA-768x576.jpeg 768w, http:\/\/wolfsreise.d-l-w.de\/wp-content\/uploads\/2019\/06\/B3A3B116-F658-4B0E-899B-3964CF0ACACA.jpeg 2048w\" sizes=\"(max-width: 767px) 89vw, (max-width: 1000px) 54vw, (max-width: 1071px) 543px, 580px\" \/><figcaption>Babtisterium mit einem aus Stein gekl\u00f6ppelten Spitzenfries<\/figcaption><\/figure>\n\n\n\n<p> \u201eNach der \u00dcbernahme der alten romanischen Kirche des Hl. Jakob dauerte der Kirchenbau in der schweren Zeit der t\u00fcrkischen Bedrohung und der Pestepidemie ganze 105 Jahre (1431-1536, &#8230;)\u201c Im Jahr 1441 \u00fcbernahm J. Dalmatinac bis zu seinem Tod 1473 die Leitung. Neu war das Bauen mit gro\u00dfen Steinplatten, die vermutlich einheitlich ges\u00e4gt im \u201aPlattenbau\u2018 zusammengef\u00fcgt wurden. Erste Anfl\u00fcge aufkommender Renaissance wurden von ihm angelegt und sp\u00e4ter weiter verfeinert. (In Anlehnung an: Zornija, Meri, \u0160ibenik 2012)<\/p>\n\n\n\n<figure class=\"wp-block-image\"><img loading=\"lazy\" decoding=\"async\" width=\"1024\" height=\"768\" src=\"http:\/\/wolfsreise.d-l-w.de\/wp-content\/uploads\/2019\/06\/340746DA-1152-4FE2-A9BF-8E4844B52478-1024x768.jpeg\" alt=\"\" class=\"wp-image-1400\" srcset=\"http:\/\/wolfsreise.d-l-w.de\/wp-content\/uploads\/2019\/06\/340746DA-1152-4FE2-A9BF-8E4844B52478-1024x768.jpeg 1024w, http:\/\/wolfsreise.d-l-w.de\/wp-content\/uploads\/2019\/06\/340746DA-1152-4FE2-A9BF-8E4844B52478-150x113.jpeg 150w, http:\/\/wolfsreise.d-l-w.de\/wp-content\/uploads\/2019\/06\/340746DA-1152-4FE2-A9BF-8E4844B52478-300x225.jpeg 300w, http:\/\/wolfsreise.d-l-w.de\/wp-content\/uploads\/2019\/06\/340746DA-1152-4FE2-A9BF-8E4844B52478-768x576.jpeg 768w, http:\/\/wolfsreise.d-l-w.de\/wp-content\/uploads\/2019\/06\/340746DA-1152-4FE2-A9BF-8E4844B52478.jpeg 2048w\" sizes=\"(max-width: 767px) 89vw, (max-width: 1000px) 54vw, (max-width: 1071px) 543px, 580px\" \/><figcaption>Schon sind wir wieder auf unserem Weg nach S\u00fcden<\/figcaption><\/figure>\n\n\n\n<p>Und dann noch ein bisschen Geschichte: <\/p>\n\n\n\n<p>\u201e\u0160ibenik wurde im Jahr 1066 in einer Urkunde des K\u00f6nigs&nbsp;<a href=\"https:\/\/de.m.wikipedia.org\/wiki\/Petar_Kre%C5%A1imir_IV.\">Petar Kre\u0161imir IV.<\/a>, der sich im befestigten Kastell St. Michael (heute St. Anna) aufhielt, erstmals erw\u00e4hnt. Von 1116 bis 1124 und von 1125 bis 1133 stand \u0160ibenik unter venezianischer Herrschaft. Der ungarisch-kroatische K\u00f6nig&nbsp;<a href=\"https:\/\/de.m.wikipedia.org\/wiki\/Stephan_III._(Ungarn)\">Stephan III. \u00c1rp\u00e1d<\/a>&nbsp;verlieh der Stadt 1167 die Autonomie. Nach einer k\u00fcrzeren Amtszeit des byzantinischen Herrscherhauses (bis 1180) wurde die Stadt abwechselnd von den ungarisch-kroatischen K\u00f6nigen, von&nbsp;<a href=\"https:\/\/de.m.wikipedia.org\/wiki\/Republik_Venedig\">Venedig<\/a>, dem bosnischen K\u00f6nig&nbsp;<a href=\"https:\/\/de.m.wikipedia.org\/wiki\/Tvrtko_I.\">Stjepan Tvrtko<\/a>&nbsp;und dem Herzog&nbsp;<a href=\"https:\/\/de.m.wikipedia.org\/wiki\/Hrvoje_Vuk%C4%8Di%C4%87_Hrvatini%C4%87\">Hrvoje Vuk\u010di\u0107 Hrvatini\u0107<\/a>&nbsp;regiert.<\/p>\n\n\n\n<p>Von 1412 bis 1797 stand \u0160ibenik erneut unter&nbsp;<a href=\"https:\/\/de.m.wikipedia.org\/wiki\/Republik_Venedig\">venezianischer<\/a>&nbsp;Herrschaft. Danach war \u0160ibenik bis 1918, abgesehen von der Zeit der franz\u00f6sischen Besetzung, mit dem \u00fcbrigen Dalmatien Teil von&nbsp;<a href=\"https:\/\/de.m.wikipedia.org\/wiki\/%C3%96sterreich-Ungarn\">\u00d6sterreich-Ungarn<\/a>.<\/p>\n\n\n\n<p>Am 28. August 1895 wurde das erste Kraftwerk mit&nbsp;<a href=\"https:\/\/de.m.wikipedia.org\/wiki\/Wechselstrom\">Wechselstrom<\/a>&nbsp;in&nbsp;<a href=\"https:\/\/de.m.wikipedia.org\/w\/index.php?title=Skradinski_buk&amp;action=edit&amp;redlink=1\">Skradinski buk<\/a>, auf dem Fluss Krka, nach Pl\u00e4nen von&nbsp;<a href=\"https:\/\/de.m.wikipedia.org\/wiki\/Nikola_Tesla\">Nikola Tesla<\/a>&nbsp;in Betrieb genommen. Die Stadt \u0160ibenik war damit eine der ersten St\u00e4dte Kroatiens, die mit elektrischem Strom beleuchtet waren.<\/p>\n\n\n\n<p>Gegen Ende des&nbsp;<a href=\"https:\/\/de.m.wikipedia.org\/wiki\/Erster_Weltkrieg\">Ersten Weltkrieges<\/a>&nbsp;wurde \u0160ibenik von Italien besetzt, wurde jedoch durch den&nbsp;<a href=\"https:\/\/de.m.wikipedia.org\/wiki\/Grenzvertrag_von_Rapallo\">Grenzvertrag von Rapallo<\/a>&nbsp;1920 Teil des&nbsp;<a href=\"https:\/\/de.m.wikipedia.org\/wiki\/Jugoslawien\">K\u00f6nigreiches der Serben, Kroaten und Slowenen<\/a>&nbsp;(sp\u00e4ter Jugoslawien)<\/p>\n\n\n\n<p>\u0160ibenik ist eine Stadt der Treppen mit \u00fcber 2800 Treppenstufen innerhalb seiner Gassen. Sie besitzt viele Sehensw\u00fcrdigkeiten und Baudenkm\u00e4ler.\u201c (Wikipedia, 8.6.2019, Ausz\u00fcge)<\/p>\n\n\n\n<p><\/p>\n","protected":false},"excerpt":{"rendered":"<p>zwischen Zadar und Split, ein kleines altes St\u00e4dtchen mit einem lebendigen Stadt- und Hafenleben, das den Tourismus kennt, aber auch ganz \u201enormal\u201c funktioniert, kultiviert seinen alten Stadtkern durchaus touristisch ohne \u201eabgeleckt\u201c zu sein. Dann aber schlie\u00dft sich ein \u201emoderner\u201c Teil an, der keine Sch\u00f6nheit ist , aber lebendig. Auf einem gro\u00dfen Markt kaufen wir Crevetten, &hellip; <\/p>\n<p class=\"link-more\"><a href=\"http:\/\/wolfsreise.d-l-w.de\/?p=1393\" class=\"more-link\"><span class=\"screen-reader-text\">\u201eSt. Jakob Kathedrale in \u0160ibenik- die Sammlung \u00abWeltkulturerbe\u00ab\u00a0 vervollst\u00e4ndigen!\u201c<\/span> weiterlesen<\/a><\/p>\n","protected":false},"author":2,"featured_media":0,"comment_status":"open","ping_status":"open","sticky":false,"template":"","format":"standard","meta":{"footnotes":""},"categories":[9],"tags":[],"class_list":["post-1393","post","type-post","status-publish","format-standard","hentry","category-europa-2019"],"_links":{"self":[{"href":"http:\/\/wolfsreise.d-l-w.de\/index.php?rest_route=\/wp\/v2\/posts\/1393"}],"collection":[{"href":"http:\/\/wolfsreise.d-l-w.de\/index.php?rest_route=\/wp\/v2\/posts"}],"about":[{"href":"http:\/\/wolfsreise.d-l-w.de\/index.php?rest_route=\/wp\/v2\/types\/post"}],"author":[{"embeddable":true,"href":"http:\/\/wolfsreise.d-l-w.de\/index.php?rest_route=\/wp\/v2\/users\/2"}],"replies":[{"embeddable":true,"href":"http:\/\/wolfsreise.d-l-w.de\/index.php?rest_route=%2Fwp%2Fv2%2Fcomments&post=1393"}],"version-history":[{"count":8,"href":"http:\/\/wolfsreise.d-l-w.de\/index.php?rest_route=\/wp\/v2\/posts\/1393\/revisions"}],"predecessor-version":[{"id":2797,"href":"http:\/\/wolfsreise.d-l-w.de\/index.php?rest_route=\/wp\/v2\/posts\/1393\/revisions\/2797"}],"wp:attachment":[{"href":"http:\/\/wolfsreise.d-l-w.de\/index.php?rest_route=%2Fwp%2Fv2%2Fmedia&parent=1393"}],"wp:term":[{"taxonomy":"category","embeddable":true,"href":"http:\/\/wolfsreise.d-l-w.de\/index.php?rest_route=%2Fwp%2Fv2%2Fcategories&post=1393"},{"taxonomy":"post_tag","embeddable":true,"href":"http:\/\/wolfsreise.d-l-w.de\/index.php?rest_route=%2Fwp%2Fv2%2Ftags&post=1393"}],"curies":[{"name":"wp","href":"https:\/\/api.w.org\/{rel}","templated":true}]}}