{"id":137,"date":"2015-03-13T21:10:11","date_gmt":"2015-03-13T20:10:11","guid":{"rendered":"http:\/\/wolfsreise.d-l-w.de\/?p=137"},"modified":"2018-06-22T15:40:06","modified_gmt":"2018-06-22T13:40:06","slug":"am-bahnhof-oriente-ausgespuckt","status":"publish","type":"post","link":"http:\/\/wolfsreise.d-l-w.de\/?p=137","title":{"rendered":"Am Bahnhof Oriente ausgespuckt"},"content":{"rendered":"<p>Zusammen mit allen Sch\u00fclerinnen und Sch\u00fclern von ganz Lissabon hat der Bahnhof mich p\u00fcnktlich um 13.00 Uhr ausgespuckt und ans Ufer des Tejo gesp\u00fclt. Wie alle andern sitze ich nun v\u00f6llig entspannt und komplett durchgew\u00e4rmt in der Mittagssonne. Schon seit mehr als einer Stunde. Ich sehe: Portugal ist ein junges Land, zumindest hier, die Gruppen an Sch\u00fclern sind gro\u00df, alle dr\u00e4ngen sich zusammen, m\u00f6glichst an eine Tisch, plaudern, rauchen &#8211; sehr viel &#8211; und trinken vorwiegend Bier; gelegentlich auch Caf\u00e9. Gegessen wird portugiesischer Burger, dazu sp\u00e4ter mehr. Auch die B\u00e4nke am Fluss, die bei unserem letzten Besuch der Exkursion noch \u00fcberwiegend leer waren, heute sind sie alle belegt.<\/p>\n<p>Am fahlblauen Himmel ist kein W\u00f6lkchen zu sehen und gelegentlich weht ein kleines k\u00fchles L\u00fcftchen Erfrischung herbei. Wir w\u00fcrden sagen Sommerwind, aber die vielen Daunenjacken, die \u00fcber den St\u00fchlen h\u00e4ngen, widersprechen. Ich h\u00f6re um mich engagierte Unterhaltung und verstehe kein Wort. Das hat auch was, ich kann vollkommen unbeteiligt bleiben. Im Moment geh\u00f6rt das Ufer, die Esplanade der Jugend. \u00c4ltere gehe gediegen Mittagessen in einem &#8222;besseren&#8220; Restaurant, das nicht direkt am Ufer liegt. Aber warum auf das Glitzern des Tejo verzichten? Das gegen\u00fcberliegende Ufer ist ganz in Wei\u00df getaucht, friedliches Wei\u00df, das vergessen l\u00e4sst, dass dort industriell gearbeitet wird. Die alten und auch neue Hafenanlagen liegen auf der anderen Seite.<\/p>\n<p><img decoding=\"async\" src=\"http:\/\/wolfsreise.d-l-w.de\/wp-content\/uploads\/2015\/03\/IMG_0137.jpg\" alt=\"\"><\/p>\n<p>Der Bahnhof Oriente ist ja eine tolle Betonkonstruktion, die mit ihren gigantisch gespannten B\u00f6gen schwer Eindruck macht. Die unteren Ebenen mit breiten gekachelten Sitzb\u00e4nken und kleine versteckten Seitenr\u00e4umen, die Wichtiges enthalten, verkommen zunehmend. Niemand au\u00dfer ganz armen Menschen und etwas &#8222;raueren&#8220; Jugendlichen und der Polizei will sich dort aufhalten. Nach ca. 20 Minuten Suchen habe ich dann die Schlie\u00dff\u00e4cher gefunden, drei Mal fragen und dann kein Kleingeld. Also alles wieder raus, wechseln gehen, wieder rein. Und alles nur weil dieser altmodische Automat weder Scheine noch Karten nimmt. Im modernsten Bahnhof Portugals! &nbsp; &nbsp;<\/p>\n<p><span style=\"line-height: normal; -webkit-text-size-adjust: auto;\">Die Beobachtung des Nachmittags: alle jungen Frauen und M\u00e4dchen tragen ihre Haare lang und haupts\u00e4chlich offen. Erst wenn Kinder da sind, ist k\u00fcrzer erlaubt, zumindest vereinzelt. Elegant glatt, gewellt und gelockt, gef\u00e4rbt oder nicht &#8211; Hauptsache lang. Ich werde das beobachten.<\/span><\/p>\n<p><span style=\"line-height: normal; -webkit-text-size-adjust: auto; background-color: rgba(255, 255, 255, 0);\">Travessa de Landin<\/span>&nbsp;das mir, die ich soooo gern mit wenig Gep\u00e4ck reise. Heute habe ich 23 kg Koffer, der erste, der vom Gep\u00e4ckband hergegeben wurde und einen gef\u00fchlten Zentner Rucksack und eine Tasche, die rote, die auch wiegt, nicht zu knapp. Braucht Frau das wirklich alles?<\/p>\n<p>Aber die angeschlossene Shoppingmall brummt. Auf das Wock-Restaurant habe ich verzichtet, musste unbedingt raus an die Sonne, um mir schon mal heute einen Sonnenbrand zu holen. Nr. 60 steckt tief unten im Koffer. Ich gehe doch in den Schatten, es ist Ebbe und die Strandl\u00e4ufer streiten mit den M\u00f6wen um W\u00fcrmer oder so&#8217;n Zeugs.<\/p>\n","protected":false},"excerpt":{"rendered":"<p>Zusammen mit allen Sch\u00fclerinnen und Sch\u00fclern von ganz Lissabon hat der Bahnhof mich p\u00fcnktlich um 13.00 Uhr ausgespuckt und ans Ufer des Tejo gesp\u00fclt. Wie alle andern sitze ich nun v\u00f6llig entspannt und komplett durchgew\u00e4rmt in der Mittagssonne. Schon seit mehr als einer Stunde. Ich sehe: Portugal ist ein junges Land, zumindest hier, die Gruppen &hellip; <\/p>\n<p class=\"link-more\"><a href=\"http:\/\/wolfsreise.d-l-w.de\/?p=137\" class=\"more-link\"><span class=\"screen-reader-text\">\u201eAm Bahnhof Oriente ausgespuckt\u201c<\/span> weiterlesen<\/a><\/p>\n","protected":false},"author":2,"featured_media":0,"comment_status":"open","ping_status":"open","sticky":false,"template":"","format":"standard","meta":{"footnotes":""},"categories":[8],"tags":[],"class_list":["post-137","post","type-post","status-publish","format-standard","hentry","category-portugal"],"_links":{"self":[{"href":"http:\/\/wolfsreise.d-l-w.de\/index.php?rest_route=\/wp\/v2\/posts\/137"}],"collection":[{"href":"http:\/\/wolfsreise.d-l-w.de\/index.php?rest_route=\/wp\/v2\/posts"}],"about":[{"href":"http:\/\/wolfsreise.d-l-w.de\/index.php?rest_route=\/wp\/v2\/types\/post"}],"author":[{"embeddable":true,"href":"http:\/\/wolfsreise.d-l-w.de\/index.php?rest_route=\/wp\/v2\/users\/2"}],"replies":[{"embeddable":true,"href":"http:\/\/wolfsreise.d-l-w.de\/index.php?rest_route=%2Fwp%2Fv2%2Fcomments&post=137"}],"version-history":[{"count":5,"href":"http:\/\/wolfsreise.d-l-w.de\/index.php?rest_route=\/wp\/v2\/posts\/137\/revisions"}],"predecessor-version":[{"id":150,"href":"http:\/\/wolfsreise.d-l-w.de\/index.php?rest_route=\/wp\/v2\/posts\/137\/revisions\/150"}],"wp:attachment":[{"href":"http:\/\/wolfsreise.d-l-w.de\/index.php?rest_route=%2Fwp%2Fv2%2Fmedia&parent=137"}],"wp:term":[{"taxonomy":"category","embeddable":true,"href":"http:\/\/wolfsreise.d-l-w.de\/index.php?rest_route=%2Fwp%2Fv2%2Fcategories&post=137"},{"taxonomy":"post_tag","embeddable":true,"href":"http:\/\/wolfsreise.d-l-w.de\/index.php?rest_route=%2Fwp%2Fv2%2Ftags&post=137"}],"curies":[{"name":"wp","href":"https:\/\/api.w.org\/{rel}","templated":true}]}}