{"id":1369,"date":"2019-06-05T20:36:36","date_gmt":"2019-06-05T18:36:36","guid":{"rendered":"http:\/\/wolfsreise.d-l-w.de\/?p=1369"},"modified":"2019-06-06T22:07:40","modified_gmt":"2019-06-06T20:07:40","slug":"zadrar-kein-seeraeuber-nein-ein-kleines-altes-staedtchen-mit-grosser-vergangenheit","status":"publish","type":"post","link":"http:\/\/wolfsreise.d-l-w.de\/?p=1369","title":{"rendered":"Zadar &#8211; kein Seer\u00e4uber, nein, ein kleines altes St\u00e4dtchen mit gro\u00dfer Vergangenheit &#8230;"},"content":{"rendered":"\n<p>an der h\u00e4ngt heute fast die gesamte Wirtschaftskraft und das bedeutet Tourismus, Tourismus und noch mal Tourismus. Die bekannten japanischen Reisegruppen, Inselhopper stolpern von ihren Booten, jede Menge Individualreisende, Schulausfl\u00fcgler, die ihre Heimat kennen lernen. Gef\u00fchlt halten die Deutschen die Mehrheit, aber wer wei\u00df.<\/p>\n\n\n\n<p>Der Stadtrundgang mit allen Highlights dauert einen halben Tag, die R\u00f6mer waren l\u00e4nger da. Bischof Donatus hat sich im 9. Jahrhundert eine runde Kirche als Hauskapelle bauen lassen &#8211; nach dem Vorbild der karolingischen Rundkapellen.<\/p>\n\n\n\n<figure class=\"wp-block-image\"><img loading=\"lazy\" decoding=\"async\" width=\"1024\" height=\"768\" src=\"http:\/\/wolfsreise.d-l-w.de\/wp-content\/uploads\/2019\/06\/DA119B48-B4A8-4EA9-BE67-9E8EA61A3342-1024x768.jpeg\" alt=\"\" class=\"wp-image-1371\" srcset=\"http:\/\/wolfsreise.d-l-w.de\/wp-content\/uploads\/2019\/06\/DA119B48-B4A8-4EA9-BE67-9E8EA61A3342-1024x768.jpeg 1024w, http:\/\/wolfsreise.d-l-w.de\/wp-content\/uploads\/2019\/06\/DA119B48-B4A8-4EA9-BE67-9E8EA61A3342-150x113.jpeg 150w, http:\/\/wolfsreise.d-l-w.de\/wp-content\/uploads\/2019\/06\/DA119B48-B4A8-4EA9-BE67-9E8EA61A3342-300x225.jpeg 300w, http:\/\/wolfsreise.d-l-w.de\/wp-content\/uploads\/2019\/06\/DA119B48-B4A8-4EA9-BE67-9E8EA61A3342-768x576.jpeg 768w, http:\/\/wolfsreise.d-l-w.de\/wp-content\/uploads\/2019\/06\/DA119B48-B4A8-4EA9-BE67-9E8EA61A3342.jpeg 2048w\" sizes=\"(max-width: 767px) 89vw, (max-width: 1000px) 54vw, (max-width: 1071px) 543px, 580px\" \/><\/figure>\n\n\n\n<p>Daf\u00fcr sind die Ruinen des r\u00f6mischen Forums als Baumaterial genutzt worden. Es stehen heute aber noch zur etliche S\u00e4ulen auf dem gro\u00dfer Stadtplatz daneben herum und lassen die damalige Gr\u00f6\u00dfe des Forums erahnen. <\/p>\n\n\n\n<figure class=\"wp-block-image\"><img loading=\"lazy\" decoding=\"async\" width=\"1024\" height=\"768\" src=\"http:\/\/wolfsreise.d-l-w.de\/wp-content\/uploads\/2019\/06\/B7062E65-3C14-4F34-83B2-B7F01F00FC7F-1024x768.jpeg\" alt=\"\" class=\"wp-image-1372\" srcset=\"http:\/\/wolfsreise.d-l-w.de\/wp-content\/uploads\/2019\/06\/B7062E65-3C14-4F34-83B2-B7F01F00FC7F-1024x768.jpeg 1024w, http:\/\/wolfsreise.d-l-w.de\/wp-content\/uploads\/2019\/06\/B7062E65-3C14-4F34-83B2-B7F01F00FC7F-150x113.jpeg 150w, http:\/\/wolfsreise.d-l-w.de\/wp-content\/uploads\/2019\/06\/B7062E65-3C14-4F34-83B2-B7F01F00FC7F-300x225.jpeg 300w, http:\/\/wolfsreise.d-l-w.de\/wp-content\/uploads\/2019\/06\/B7062E65-3C14-4F34-83B2-B7F01F00FC7F-768x576.jpeg 768w, http:\/\/wolfsreise.d-l-w.de\/wp-content\/uploads\/2019\/06\/B7062E65-3C14-4F34-83B2-B7F01F00FC7F.jpeg 2048w\" sizes=\"(max-width: 767px) 89vw, (max-width: 1000px) 54vw, (max-width: 1071px) 543px, 580px\" \/><\/figure>\n\n\n\n<figure class=\"wp-block-image\"><img loading=\"lazy\" decoding=\"async\" width=\"1024\" height=\"768\" src=\"http:\/\/wolfsreise.d-l-w.de\/wp-content\/uploads\/2019\/06\/DCB88E81-653F-4A29-AAF8-44C81DA52D8A-1024x768.jpeg\" alt=\"\" class=\"wp-image-1373\" srcset=\"http:\/\/wolfsreise.d-l-w.de\/wp-content\/uploads\/2019\/06\/DCB88E81-653F-4A29-AAF8-44C81DA52D8A-1024x768.jpeg 1024w, http:\/\/wolfsreise.d-l-w.de\/wp-content\/uploads\/2019\/06\/DCB88E81-653F-4A29-AAF8-44C81DA52D8A-150x113.jpeg 150w, http:\/\/wolfsreise.d-l-w.de\/wp-content\/uploads\/2019\/06\/DCB88E81-653F-4A29-AAF8-44C81DA52D8A-300x225.jpeg 300w, http:\/\/wolfsreise.d-l-w.de\/wp-content\/uploads\/2019\/06\/DCB88E81-653F-4A29-AAF8-44C81DA52D8A-768x576.jpeg 768w, http:\/\/wolfsreise.d-l-w.de\/wp-content\/uploads\/2019\/06\/DCB88E81-653F-4A29-AAF8-44C81DA52D8A.jpeg 2048w\" sizes=\"(max-width: 767px) 89vw, (max-width: 1000px) 54vw, (max-width: 1071px) 543px, 580px\" \/><figcaption><br \/>Rundkirche Sv. Donat mit altkroatischer Architektur aus r\u00f6mischen Resten.die alten S\u00e4ulen stiften das Fundament.<\/figcaption><\/figure>\n\n\n\n<p> <\/p>\n\n\n\n<p>Die katholischen Reliquien (250 kiloweise Gold und Silber f\u00fcr den Sarkophag des heiligen Simeon) machen bis 17.00 Uhr Mittagspause und fallen aus.&nbsp;<\/p>\n\n\n\n<p>Stattdessen sto\u00dfen wir aus eine Ausstellung mit Werken von Salvatore Dali und sind tats\u00e4chlich in einem wunderbaren alten Palast, heute Museum, wieder einmal v\u00f6llig allein. Aquarelle zu verschiedenen Dichtungen, u.a. zur G\u00f6ttlichen Kom\u00f6die, die wir bislang nicht kannten.<\/p>\n\n\n\n<figure class=\"wp-block-image\"><img loading=\"lazy\" decoding=\"async\" width=\"764\" height=\"1024\" src=\"http:\/\/wolfsreise.d-l-w.de\/wp-content\/uploads\/2019\/06\/BBC56162-9C36-4054-9277-7F006E49B353-764x1024.jpeg\" alt=\"\" class=\"wp-image-1375\" srcset=\"http:\/\/wolfsreise.d-l-w.de\/wp-content\/uploads\/2019\/06\/BBC56162-9C36-4054-9277-7F006E49B353-764x1024.jpeg 764w, http:\/\/wolfsreise.d-l-w.de\/wp-content\/uploads\/2019\/06\/BBC56162-9C36-4054-9277-7F006E49B353-112x150.jpeg 112w, http:\/\/wolfsreise.d-l-w.de\/wp-content\/uploads\/2019\/06\/BBC56162-9C36-4054-9277-7F006E49B353-224x300.jpeg 224w, http:\/\/wolfsreise.d-l-w.de\/wp-content\/uploads\/2019\/06\/BBC56162-9C36-4054-9277-7F006E49B353-768x1029.jpeg 768w, http:\/\/wolfsreise.d-l-w.de\/wp-content\/uploads\/2019\/06\/BBC56162-9C36-4054-9277-7F006E49B353.jpeg 1442w\" sizes=\"(max-width: 706px) 89vw, (max-width: 767px) 82vw, 740px\" \/><figcaption>Dali\u2018s g\u00f6ttliche Maria.<\/figcaption><\/figure>\n\n\n\n<p>Wir entdecken das erste mal einen gr\u00f6\u00dferen Markt. Als wir endlich Sauerkirschen kaufen wollen, sind die schon weg. Daf\u00fcr hat ein kleines Haushaltswarengesch\u00e4ft den Kleber, den Gerd schon lange sucht, um eines der Bretter im Bus neu zu verschrauben. Was f\u00fcr ein Gl\u00fcck in der kleinen Stadt. <\/p>\n\n\n\n<p>Am Nachmittag legt sich der Trubel erstaunlich schnell, die Busse und Boote ziehen weiter und wir uns zur\u00fcck auf unsere Insel Ugljan, denn auch wir sind mit dem Boot gekommen.<\/p>\n\n\n\n<p>Endlich wieder schwimmen im Meer.<\/p>\n\n\n\n<p>1 von 6 Monaten ist schon vorbei &#8211; die Zeit rennt. Und wer wei\u00df was das ist?<\/p>\n\n\n\n<figure class=\"wp-block-image\"><img loading=\"lazy\" decoding=\"async\" width=\"768\" height=\"1024\" src=\"http:\/\/wolfsreise.d-l-w.de\/wp-content\/uploads\/2019\/06\/E6DF6280-EF39-48EC-A1B6-21C0CE30405A-768x1024.jpeg\" alt=\"\" class=\"wp-image-1377\" srcset=\"http:\/\/wolfsreise.d-l-w.de\/wp-content\/uploads\/2019\/06\/E6DF6280-EF39-48EC-A1B6-21C0CE30405A-768x1024.jpeg 768w, http:\/\/wolfsreise.d-l-w.de\/wp-content\/uploads\/2019\/06\/E6DF6280-EF39-48EC-A1B6-21C0CE30405A-113x150.jpeg 113w, http:\/\/wolfsreise.d-l-w.de\/wp-content\/uploads\/2019\/06\/E6DF6280-EF39-48EC-A1B6-21C0CE30405A-225x300.jpeg 225w, http:\/\/wolfsreise.d-l-w.de\/wp-content\/uploads\/2019\/06\/E6DF6280-EF39-48EC-A1B6-21C0CE30405A.jpeg 1536w\" sizes=\"(max-width: 767px) 89vw, (max-width: 1000px) 54vw, (max-width: 1071px) 543px, 580px\" \/><\/figure>\n","protected":false},"excerpt":{"rendered":"<p>an der h\u00e4ngt heute fast die gesamte Wirtschaftskraft und das bedeutet Tourismus, Tourismus und noch mal Tourismus. Die bekannten japanischen Reisegruppen, Inselhopper stolpern von ihren Booten, jede Menge Individualreisende, Schulausfl\u00fcgler, die ihre Heimat kennen lernen. Gef\u00fchlt halten die Deutschen die Mehrheit, aber wer wei\u00df. Der Stadtrundgang mit allen Highlights dauert einen halben Tag, die R\u00f6mer &hellip; <\/p>\n<p class=\"link-more\"><a href=\"http:\/\/wolfsreise.d-l-w.de\/?p=1369\" class=\"more-link\"><span class=\"screen-reader-text\">\u201eZadar &#8211; kein Seer\u00e4uber, nein, ein kleines altes St\u00e4dtchen mit gro\u00dfer Vergangenheit &#8230;\u201c<\/span> weiterlesen<\/a><\/p>\n","protected":false},"author":2,"featured_media":0,"comment_status":"open","ping_status":"open","sticky":false,"template":"","format":"standard","meta":{"footnotes":""},"categories":[9],"tags":[],"class_list":["post-1369","post","type-post","status-publish","format-standard","hentry","category-europa-2019"],"_links":{"self":[{"href":"http:\/\/wolfsreise.d-l-w.de\/index.php?rest_route=\/wp\/v2\/posts\/1369"}],"collection":[{"href":"http:\/\/wolfsreise.d-l-w.de\/index.php?rest_route=\/wp\/v2\/posts"}],"about":[{"href":"http:\/\/wolfsreise.d-l-w.de\/index.php?rest_route=\/wp\/v2\/types\/post"}],"author":[{"embeddable":true,"href":"http:\/\/wolfsreise.d-l-w.de\/index.php?rest_route=\/wp\/v2\/users\/2"}],"replies":[{"embeddable":true,"href":"http:\/\/wolfsreise.d-l-w.de\/index.php?rest_route=%2Fwp%2Fv2%2Fcomments&post=1369"}],"version-history":[{"count":7,"href":"http:\/\/wolfsreise.d-l-w.de\/index.php?rest_route=\/wp\/v2\/posts\/1369\/revisions"}],"predecessor-version":[{"id":2795,"href":"http:\/\/wolfsreise.d-l-w.de\/index.php?rest_route=\/wp\/v2\/posts\/1369\/revisions\/2795"}],"wp:attachment":[{"href":"http:\/\/wolfsreise.d-l-w.de\/index.php?rest_route=%2Fwp%2Fv2%2Fmedia&parent=1369"}],"wp:term":[{"taxonomy":"category","embeddable":true,"href":"http:\/\/wolfsreise.d-l-w.de\/index.php?rest_route=%2Fwp%2Fv2%2Fcategories&post=1369"},{"taxonomy":"post_tag","embeddable":true,"href":"http:\/\/wolfsreise.d-l-w.de\/index.php?rest_route=%2Fwp%2Fv2%2Ftags&post=1369"}],"curies":[{"name":"wp","href":"https:\/\/api.w.org\/{rel}","templated":true}]}}