{"id":1331,"date":"2019-06-01T09:51:51","date_gmt":"2019-06-01T07:51:51","guid":{"rendered":"http:\/\/wolfsreise.d-l-w.de\/?p=1331"},"modified":"2019-06-01T13:25:58","modified_gmt":"2019-06-01T11:25:58","slug":"willkommen-auf-dem-mond","status":"publish","type":"post","link":"http:\/\/wolfsreise.d-l-w.de\/?p=1331","title":{"rendered":"Willkommen auf dem Mond"},"content":{"rendered":"\n<figure class=\"wp-block-image\"><img loading=\"lazy\" decoding=\"async\" width=\"640\" height=\"480\" src=\"http:\/\/wolfsreise.d-l-w.de\/wp-content\/uploads\/2019\/06\/52284DD7-9B61-45F7-8E04-26C6D38A6B93.jpeg\" alt=\"\" class=\"wp-image-1340\" srcset=\"http:\/\/wolfsreise.d-l-w.de\/wp-content\/uploads\/2019\/06\/52284DD7-9B61-45F7-8E04-26C6D38A6B93.jpeg 640w, http:\/\/wolfsreise.d-l-w.de\/wp-content\/uploads\/2019\/06\/52284DD7-9B61-45F7-8E04-26C6D38A6B93-150x113.jpeg 150w, http:\/\/wolfsreise.d-l-w.de\/wp-content\/uploads\/2019\/06\/52284DD7-9B61-45F7-8E04-26C6D38A6B93-300x225.jpeg 300w\" sizes=\"(max-width: 640px) 100vw, 640px\" \/><figcaption>Der Mond auf Erden &#8211; die Landung war wohl hier<\/figcaption><\/figure>\n\n\n<p>Allerdings nur auf der dem Land zugewandten Seite. Dahinter ist es gr\u00fcn.<\/p>\n<p>Wir sind auf der Insel Rab. Die Anreise war spektakul\u00e4r. Immer an der K\u00fcste entlang, links die Berge mit mehr oder weniger Macchia, links unten das Meer, blau wie im Reiseprospekt. Und von vorn bl\u00e4st der Bora. Das merken wir aber erst so wichtig beim ersten Stop, wo es uns fast die T\u00fcr aus der Hand rei\u00dft.<\/p>\n<p>Irgendwann m\u00fcssen wir dann \u00fcber einigen Serpentinen runter an Meer, zur F\u00e4hre. Die Insel gegen\u00fcber, Rab, sieht aus wie der Mond, nur heller Fels, kein bisschen Gr\u00fcn drauf. Und das soll die gr\u00fcne Insel sein?<\/p>\n<p>Wir haben noch Zeit bis zur Abfahrt und nehmen an der Bude am Ende des Parkplatzes erst mal einen Kaffee. Die Sonne brennt, endlich, und wir sehen, wie ein Wohnmobil nach dem n\u00e4chsten eintrudelt, dann noch ein Wagen mit einer beeindruckenden Motoryacht auf dem Trailer. Wie der blo\u00df die Stra\u00dfe mit den vielen Kurven geschafft hat?<\/p>\n<p>Auf Rab fahren wir als erstes zum Campingplatz. Der entpuppt sich als kleines Areal mit Stellpl\u00e4tzen zwischen Olivenb\u00e4umen. Wir sind auf der gr\u00fcnen Seite der Insel angekommen, und der Platz ist so gut wie leer. Wir haben das Meer vor der T\u00fcr &#8211; sogar mit kleinem Strand. Hier bleiben wir ein paar Tage.<\/p>\n<p><img loading=\"lazy\" decoding=\"async\" class=\"size-full wp-image-1334\" src=\"http:\/\/wolfsreise.d-l-w.de\/wp-content\/uploads\/2019\/06\/img_5032-1.jpg\" width=\"2048\" height=\"1536\" srcset=\"http:\/\/wolfsreise.d-l-w.de\/wp-content\/uploads\/2019\/06\/img_5032-1.jpg 2048w, http:\/\/wolfsreise.d-l-w.de\/wp-content\/uploads\/2019\/06\/img_5032-1-150x113.jpg 150w, http:\/\/wolfsreise.d-l-w.de\/wp-content\/uploads\/2019\/06\/img_5032-1-300x225.jpg 300w, http:\/\/wolfsreise.d-l-w.de\/wp-content\/uploads\/2019\/06\/img_5032-1-768x576.jpg 768w, http:\/\/wolfsreise.d-l-w.de\/wp-content\/uploads\/2019\/06\/img_5032-1-1024x768.jpg 1024w\" sizes=\"(max-width: 767px) 89vw, (max-width: 1000px) 54vw, (max-width: 1071px) 543px, 580px\" \/><\/p>\n\n\n<figure class=\"wp-block-image\"><img loading=\"lazy\" decoding=\"async\" width=\"640\" height=\"480\" src=\"http:\/\/wolfsreise.d-l-w.de\/wp-content\/uploads\/2019\/06\/555624D6-7F03-4C62-9472-2A7AC343277C.jpeg\" alt=\"\" class=\"wp-image-1341\" srcset=\"http:\/\/wolfsreise.d-l-w.de\/wp-content\/uploads\/2019\/06\/555624D6-7F03-4C62-9472-2A7AC343277C.jpeg 640w, http:\/\/wolfsreise.d-l-w.de\/wp-content\/uploads\/2019\/06\/555624D6-7F03-4C62-9472-2A7AC343277C-150x113.jpeg 150w, http:\/\/wolfsreise.d-l-w.de\/wp-content\/uploads\/2019\/06\/555624D6-7F03-4C62-9472-2A7AC343277C-300x225.jpeg 300w\" sizes=\"(max-width: 640px) 100vw, 640px\" \/><figcaption>Der Bus f\u00e4hrt Schiffchen<\/figcaption><\/figure>\n","protected":false},"excerpt":{"rendered":"<p>Allerdings nur auf der dem Land zugewandten Seite. Dahinter ist es gr\u00fcn. Wir sind auf der Insel Rab. Die Anreise war spektakul\u00e4r. Immer an der K\u00fcste entlang, links die Berge mit mehr oder weniger Macchia, links unten das Meer, blau wie im Reiseprospekt. Und von vorn bl\u00e4st der Bora. Das merken wir aber erst so &hellip; <\/p>\n<p class=\"link-more\"><a href=\"http:\/\/wolfsreise.d-l-w.de\/?p=1331\" class=\"more-link\"><span class=\"screen-reader-text\">\u201eWillkommen auf dem Mond\u201c<\/span> weiterlesen<\/a><\/p>\n","protected":false},"author":1,"featured_media":0,"comment_status":"open","ping_status":"open","sticky":false,"template":"","format":"standard","meta":{"footnotes":""},"categories":[9],"tags":[],"class_list":["post-1331","post","type-post","status-publish","format-standard","hentry","category-europa-2019"],"_links":{"self":[{"href":"http:\/\/wolfsreise.d-l-w.de\/index.php?rest_route=\/wp\/v2\/posts\/1331"}],"collection":[{"href":"http:\/\/wolfsreise.d-l-w.de\/index.php?rest_route=\/wp\/v2\/posts"}],"about":[{"href":"http:\/\/wolfsreise.d-l-w.de\/index.php?rest_route=\/wp\/v2\/types\/post"}],"author":[{"embeddable":true,"href":"http:\/\/wolfsreise.d-l-w.de\/index.php?rest_route=\/wp\/v2\/users\/1"}],"replies":[{"embeddable":true,"href":"http:\/\/wolfsreise.d-l-w.de\/index.php?rest_route=%2Fwp%2Fv2%2Fcomments&post=1331"}],"version-history":[{"count":5,"href":"http:\/\/wolfsreise.d-l-w.de\/index.php?rest_route=\/wp\/v2\/posts\/1331\/revisions"}],"predecessor-version":[{"id":1342,"href":"http:\/\/wolfsreise.d-l-w.de\/index.php?rest_route=\/wp\/v2\/posts\/1331\/revisions\/1342"}],"wp:attachment":[{"href":"http:\/\/wolfsreise.d-l-w.de\/index.php?rest_route=%2Fwp%2Fv2%2Fmedia&parent=1331"}],"wp:term":[{"taxonomy":"category","embeddable":true,"href":"http:\/\/wolfsreise.d-l-w.de\/index.php?rest_route=%2Fwp%2Fv2%2Fcategories&post=1331"},{"taxonomy":"post_tag","embeddable":true,"href":"http:\/\/wolfsreise.d-l-w.de\/index.php?rest_route=%2Fwp%2Fv2%2Ftags&post=1331"}],"curies":[{"name":"wp","href":"https:\/\/api.w.org\/{rel}","templated":true}]}}