{"id":1286,"date":"2019-05-27T18:13:21","date_gmt":"2019-05-27T16:13:21","guid":{"rendered":"http:\/\/wolfsreise.d-l-w.de\/?p=1286"},"modified":"2019-05-27T21:07:15","modified_gmt":"2019-05-27T19:07:15","slug":"cats-and-dogs-alles-faellt-vom-himmel","status":"publish","type":"post","link":"http:\/\/wolfsreise.d-l-w.de\/?p=1286","title":{"rendered":"Cats and dogs, alles f\u00e4llt vom Himmel"},"content":{"rendered":"\n<p>Eigentlich schickt man bei diesem Wetter keinen Hund vor die T\u00fcr &#8211; wir haben ja auch keinen mit. W\u00fcrde ohnehin sehr schlecht riechen im Bus.<\/p>\n\n\n\n<p>Also verhalten wir uns dem\u00fctig und besuchen die zwei wichtigsten Kirchengeb\u00e4ude der Region um Porec.<\/p>\n\n\n\n<p>A. Euphrasius-Basilika, byzantinisch, voller Mosaiken und ein Beitrag zu unserer Sammlung \u201eWeltkulturerbe\u201c. Sie liegt in de Altstadt von Pore\u010d. Wir finden einen Parkplatz direkt am Zentrum. Mit Regencape (Angelika) und Regenschirm (Gerd) schlendern wir durch die Altstadt. Auch hier sind haupts\u00e4chlich Touristen und Reisegruppen unterwegs. Der Rundgang durch die Kirche f\u00fchrt \u00fcber 10 Etappen. Der Kirchenraum ist Etappe 10. Der Aufstieg auf den Glockenturm als kleine sportliche Einlage wurde durch einen Blick \u00fcber Pore\u010d belohnt. Alle Besucher sind brav hinaufgestiegen und dann wieder herunter. <\/p>\n\n\n\n<p>Der weitere Rundgang durch die Altstadt wurde von den Einladungen der Kellner der vielen Restaurants begleitet. Etwas l\u00e4stig das ganze. Wir nahmen unser lunch dann in einer kroatischen Version der D\u00f6nerbude ein. Also Cevapcici, Ra\u017enji\u0107i und andere Hackspezialit\u00e4ten im Fladen mit Pommes. War ganz ganz lecker. <\/p>\n\n\n\n<div class=\"wp-block-image\"><figure class=\"alignleft\"><img loading=\"lazy\" decoding=\"async\" width=\"1024\" height=\"768\" src=\"http:\/\/wolfsreise.d-l-w.de\/wp-content\/uploads\/2019\/05\/109DD67C-A74C-400C-9A48-D863B04B046E-1024x768.jpeg\" alt=\"\" class=\"wp-image-1288\" srcset=\"http:\/\/wolfsreise.d-l-w.de\/wp-content\/uploads\/2019\/05\/109DD67C-A74C-400C-9A48-D863B04B046E-1024x768.jpeg 1024w, http:\/\/wolfsreise.d-l-w.de\/wp-content\/uploads\/2019\/05\/109DD67C-A74C-400C-9A48-D863B04B046E-150x113.jpeg 150w, http:\/\/wolfsreise.d-l-w.de\/wp-content\/uploads\/2019\/05\/109DD67C-A74C-400C-9A48-D863B04B046E-300x225.jpeg 300w, http:\/\/wolfsreise.d-l-w.de\/wp-content\/uploads\/2019\/05\/109DD67C-A74C-400C-9A48-D863B04B046E-768x576.jpeg 768w, http:\/\/wolfsreise.d-l-w.de\/wp-content\/uploads\/2019\/05\/109DD67C-A74C-400C-9A48-D863B04B046E.jpeg 2048w\" sizes=\"(max-width: 767px) 89vw, (max-width: 1000px) 54vw, (max-width: 1071px) 543px, 580px\" \/><figcaption>G\u00fclden \u00f6ffnet sich der Himmel Gottes<\/figcaption><\/figure><\/div>\n\n\n\n<figure class=\"wp-block-image\"><img loading=\"lazy\" decoding=\"async\" width=\"768\" height=\"1024\" src=\"http:\/\/wolfsreise.d-l-w.de\/wp-content\/uploads\/2019\/05\/9AEDD998-7648-4A4A-B6B2-F683312BD6AD-768x1024.jpeg\" alt=\"\" class=\"wp-image-1289\" srcset=\"http:\/\/wolfsreise.d-l-w.de\/wp-content\/uploads\/2019\/05\/9AEDD998-7648-4A4A-B6B2-F683312BD6AD-768x1024.jpeg 768w, http:\/\/wolfsreise.d-l-w.de\/wp-content\/uploads\/2019\/05\/9AEDD998-7648-4A4A-B6B2-F683312BD6AD-113x150.jpeg 113w, http:\/\/wolfsreise.d-l-w.de\/wp-content\/uploads\/2019\/05\/9AEDD998-7648-4A4A-B6B2-F683312BD6AD-225x300.jpeg 225w, http:\/\/wolfsreise.d-l-w.de\/wp-content\/uploads\/2019\/05\/9AEDD998-7648-4A4A-B6B2-F683312BD6AD.jpeg 1536w\" sizes=\"(max-width: 767px) 89vw, (max-width: 1000px) 54vw, (max-width: 1071px) 543px, 580px\" \/><figcaption>In seiner gnadenreichen G\u00e4nze <\/figcaption><\/figure>\n\n\n\n<p>B. Gotische Friedhofskapelle Sv. Marija na Skriljinah mit vollst\u00e4ndig erhaltenen Totentanzfresken und einer Schl\u00fcsselholaktion und \u201eF\u00fchrung\u201c durch die K\u00fcsterin. <\/p>\n\n\n\n<p>Diesmal hatten wir Gl\u00fcck. Die H\u00fcterin des Schl\u00fcssels der Kirche mit den alten Fresken war zuhause. Sie kl\u00e4rte ums erst einmal auf, das die Fresken sich nicht in der Kirche im Ort befinden, sondern in der Friedhofskapelle 1 km au\u00dferhalb. <\/p>\n\n\n\n<p>Wir mussten 20 Kn. pro Person bezahlen und sie zur Kapelle mitnehmen. Dort Schluss f\u00fcr uns auf und zeigte uns mit einer Taschenlampe die Fresken die alle W\u00e4nde der Kapelle bedeckten. Elektrisches Licht und Blitzlicht war verboten. Damit die alten Farben nicht leiden. Nach und nach kamen weitere Interessenten hinzu, so dass wir etwas l\u00e4nger als geplant in der Kapelle blieben. Wir mussten die K\u00fcsterin ja schlie\u00dflich wieder zur\u00fcckbringen hoch in den Ort.<\/p>\n\n\n\n<figure class=\"wp-block-image\"><img loading=\"lazy\" decoding=\"async\" width=\"1024\" height=\"768\" src=\"http:\/\/wolfsreise.d-l-w.de\/wp-content\/uploads\/2019\/05\/574F3F77-78EB-4A45-8342-95D7D06E0E75-1024x768.jpeg\" alt=\"\" class=\"wp-image-1290\" srcset=\"http:\/\/wolfsreise.d-l-w.de\/wp-content\/uploads\/2019\/05\/574F3F77-78EB-4A45-8342-95D7D06E0E75-1024x768.jpeg 1024w, http:\/\/wolfsreise.d-l-w.de\/wp-content\/uploads\/2019\/05\/574F3F77-78EB-4A45-8342-95D7D06E0E75-150x113.jpeg 150w, http:\/\/wolfsreise.d-l-w.de\/wp-content\/uploads\/2019\/05\/574F3F77-78EB-4A45-8342-95D7D06E0E75-300x225.jpeg 300w, http:\/\/wolfsreise.d-l-w.de\/wp-content\/uploads\/2019\/05\/574F3F77-78EB-4A45-8342-95D7D06E0E75-768x576.jpeg 768w, http:\/\/wolfsreise.d-l-w.de\/wp-content\/uploads\/2019\/05\/574F3F77-78EB-4A45-8342-95D7D06E0E75.jpeg 2048w\" sizes=\"(max-width: 767px) 89vw, (max-width: 1000px) 54vw, (max-width: 1071px) 543px, 580px\" \/><figcaption>Um vor dem Tod alle Gleiche unter Gleichen zu sein &#8230;<\/figcaption><\/figure>\n\n\n\n<figure class=\"wp-block-image\"><img loading=\"lazy\" decoding=\"async\" width=\"2048\" height=\"1536\" src=\"http:\/\/wolfsreise.d-l-w.de\/wp-content\/uploads\/2019\/05\/img_5021.jpg\" alt=\"\" class=\"wp-image-1303\" srcset=\"http:\/\/wolfsreise.d-l-w.de\/wp-content\/uploads\/2019\/05\/img_5021.jpg 2048w, http:\/\/wolfsreise.d-l-w.de\/wp-content\/uploads\/2019\/05\/img_5021-150x113.jpg 150w, http:\/\/wolfsreise.d-l-w.de\/wp-content\/uploads\/2019\/05\/img_5021-300x225.jpg 300w, http:\/\/wolfsreise.d-l-w.de\/wp-content\/uploads\/2019\/05\/img_5021-768x576.jpg 768w, http:\/\/wolfsreise.d-l-w.de\/wp-content\/uploads\/2019\/05\/img_5021-1024x768.jpg 1024w\" sizes=\"(max-width: 767px) 89vw, (max-width: 1000px) 54vw, (max-width: 1071px) 543px, 580px\" \/><figcaption>Der Judaskuss<\/figcaption><\/figure>\n\n\n\n<figure class=\"wp-block-image\"><img loading=\"lazy\" decoding=\"async\" width=\"2048\" height=\"1536\" src=\"http:\/\/wolfsreise.d-l-w.de\/wp-content\/uploads\/2019\/05\/img_5023.jpg\" alt=\"\" class=\"wp-image-1305\" srcset=\"http:\/\/wolfsreise.d-l-w.de\/wp-content\/uploads\/2019\/05\/img_5023.jpg 2048w, http:\/\/wolfsreise.d-l-w.de\/wp-content\/uploads\/2019\/05\/img_5023-150x113.jpg 150w, http:\/\/wolfsreise.d-l-w.de\/wp-content\/uploads\/2019\/05\/img_5023-300x225.jpg 300w, http:\/\/wolfsreise.d-l-w.de\/wp-content\/uploads\/2019\/05\/img_5023-768x576.jpg 768w, http:\/\/wolfsreise.d-l-w.de\/wp-content\/uploads\/2019\/05\/img_5023-1024x768.jpg 1024w\" sizes=\"(max-width: 767px) 89vw, (max-width: 1000px) 54vw, (max-width: 1071px) 543px, 580px\" \/><figcaption>Aus dem Leben Mariae<\/figcaption><\/figure>\n","protected":false},"excerpt":{"rendered":"<p>Eigentlich schickt man bei diesem Wetter keinen Hund vor die T\u00fcr &#8211; wir haben ja auch keinen mit. W\u00fcrde ohnehin sehr schlecht riechen im Bus. Also verhalten wir uns dem\u00fctig und besuchen die zwei wichtigsten Kirchengeb\u00e4ude der Region um Porec. A. Euphrasius-Basilika, byzantinisch, voller Mosaiken und ein Beitrag zu unserer Sammlung \u201eWeltkulturerbe\u201c. Sie liegt in &hellip; <\/p>\n<p class=\"link-more\"><a href=\"http:\/\/wolfsreise.d-l-w.de\/?p=1286\" class=\"more-link\"><span class=\"screen-reader-text\">\u201eCats and dogs, alles f\u00e4llt vom Himmel\u201c<\/span> weiterlesen<\/a><\/p>\n","protected":false},"author":2,"featured_media":0,"comment_status":"open","ping_status":"open","sticky":false,"template":"","format":"standard","meta":{"footnotes":""},"categories":[9],"tags":[],"class_list":["post-1286","post","type-post","status-publish","format-standard","hentry","category-europa-2019"],"_links":{"self":[{"href":"http:\/\/wolfsreise.d-l-w.de\/index.php?rest_route=\/wp\/v2\/posts\/1286"}],"collection":[{"href":"http:\/\/wolfsreise.d-l-w.de\/index.php?rest_route=\/wp\/v2\/posts"}],"about":[{"href":"http:\/\/wolfsreise.d-l-w.de\/index.php?rest_route=\/wp\/v2\/types\/post"}],"author":[{"embeddable":true,"href":"http:\/\/wolfsreise.d-l-w.de\/index.php?rest_route=\/wp\/v2\/users\/2"}],"replies":[{"embeddable":true,"href":"http:\/\/wolfsreise.d-l-w.de\/index.php?rest_route=%2Fwp%2Fv2%2Fcomments&post=1286"}],"version-history":[{"count":12,"href":"http:\/\/wolfsreise.d-l-w.de\/index.php?rest_route=\/wp\/v2\/posts\/1286\/revisions"}],"predecessor-version":[{"id":1315,"href":"http:\/\/wolfsreise.d-l-w.de\/index.php?rest_route=\/wp\/v2\/posts\/1286\/revisions\/1315"}],"wp:attachment":[{"href":"http:\/\/wolfsreise.d-l-w.de\/index.php?rest_route=%2Fwp%2Fv2%2Fmedia&parent=1286"}],"wp:term":[{"taxonomy":"category","embeddable":true,"href":"http:\/\/wolfsreise.d-l-w.de\/index.php?rest_route=%2Fwp%2Fv2%2Fcategories&post=1286"},{"taxonomy":"post_tag","embeddable":true,"href":"http:\/\/wolfsreise.d-l-w.de\/index.php?rest_route=%2Fwp%2Fv2%2Ftags&post=1286"}],"curies":[{"name":"wp","href":"https:\/\/api.w.org\/{rel}","templated":true}]}}