{"id":1269,"date":"2019-05-24T16:18:41","date_gmt":"2019-05-24T14:18:41","guid":{"rendered":"http:\/\/wolfsreise.d-l-w.de\/?p=1269"},"modified":"2019-11-13T17:41:12","modified_gmt":"2019-11-13T16:41:12","slug":"von-italien-nach-kroatien-fuer-einen-sprung-nach-slovenien","status":"publish","type":"post","link":"http:\/\/wolfsreise.d-l-w.de\/?p=1269","title":{"rendered":"Von Italien nach Kroatien und f\u00fcr einen Sprung nach Slovenien"},"content":{"rendered":"\n<figure class=\"wp-block-image\"><img loading=\"lazy\" decoding=\"async\" width=\"1024\" height=\"768\" src=\"http:\/\/wolfsreise.d-l-w.de\/wp-content\/uploads\/2019\/05\/450ADCAC-25B6-4DD2-BDD1-7D3887C03E82-1024x768.jpeg\" alt=\"\" class=\"wp-image-1273\" srcset=\"http:\/\/wolfsreise.d-l-w.de\/wp-content\/uploads\/2019\/05\/450ADCAC-25B6-4DD2-BDD1-7D3887C03E82-1024x768.jpeg 1024w, http:\/\/wolfsreise.d-l-w.de\/wp-content\/uploads\/2019\/05\/450ADCAC-25B6-4DD2-BDD1-7D3887C03E82-150x113.jpeg 150w, http:\/\/wolfsreise.d-l-w.de\/wp-content\/uploads\/2019\/05\/450ADCAC-25B6-4DD2-BDD1-7D3887C03E82-300x225.jpeg 300w, http:\/\/wolfsreise.d-l-w.de\/wp-content\/uploads\/2019\/05\/450ADCAC-25B6-4DD2-BDD1-7D3887C03E82-768x576.jpeg 768w, http:\/\/wolfsreise.d-l-w.de\/wp-content\/uploads\/2019\/05\/450ADCAC-25B6-4DD2-BDD1-7D3887C03E82.jpeg 2048w\" sizes=\"(max-width: 767px) 89vw, (max-width: 1000px) 54vw, (max-width: 1071px) 543px, 580px\" \/><figcaption>Palmanova\u2018s ehemaliges Exerzierfeld, die Gener\u00e4le wohnten ringsum, im n\u00e4chsten Ring die \u00d6ffiziere und ganz au\u00dfen die einfachen Soldaten <\/figcaption><\/figure>\n\n\n\n<p>Zwischenstopp in Palmanova, der lohnt. Alte Festungsstadt der Venezianer und vieler anderer, kreisrund, hat\u2019s aber nicht gebracht. Heute in stiller, \u00fcbergro\u00dfer Stadtplatz in v\u00f6lliger Ruhe f\u00fcr einen kleinen Kaffee.<\/p>\n\n\n\n<p> In Izola ein r\u00e4tselhaftes Mittagessen, das uns vom Chefe selbstverst\u00e4ndlich auf deutsch erkl\u00e4rt wird. Und dannauf den kleinsten Bergstra\u00dfen durch einsame W\u00e4lder (Autobahn unbedingt vermeiden) bis nach Rovinj ans blaue Meer. Badewetter!<\/p>\n\n\n\n<figure class=\"wp-block-image\"><img loading=\"lazy\" decoding=\"async\" width=\"640\" height=\"480\" src=\"http:\/\/wolfsreise.d-l-w.de\/wp-content\/uploads\/2019\/05\/F58025AC-46E2-4D78-9BC8-C2B26308E480.jpeg\" alt=\"\" class=\"wp-image-1270\" srcset=\"http:\/\/wolfsreise.d-l-w.de\/wp-content\/uploads\/2019\/05\/F58025AC-46E2-4D78-9BC8-C2B26308E480.jpeg 640w, http:\/\/wolfsreise.d-l-w.de\/wp-content\/uploads\/2019\/05\/F58025AC-46E2-4D78-9BC8-C2B26308E480-150x113.jpeg 150w, http:\/\/wolfsreise.d-l-w.de\/wp-content\/uploads\/2019\/05\/F58025AC-46E2-4D78-9BC8-C2B26308E480-300x225.jpeg 300w\" sizes=\"(max-width: 640px) 100vw, 640px\" \/><figcaption>Wer kann da widerstehen?<\/figcaption><\/figure>\n\n\n\n<p> <\/p>\n\n\n\n<figure class=\"wp-block-image\"><img loading=\"lazy\" decoding=\"async\" width=\"1024\" height=\"765\" src=\"http:\/\/wolfsreise.d-l-w.de\/wp-content\/uploads\/2019\/05\/FAA25AC5-6B75-40CF-A5E6-A1CE5844672F-e1558708149875-1024x765.jpeg\" alt=\"\" class=\"wp-image-1272\" srcset=\"http:\/\/wolfsreise.d-l-w.de\/wp-content\/uploads\/2019\/05\/FAA25AC5-6B75-40CF-A5E6-A1CE5844672F-e1558708149875-1024x765.jpeg 1024w, http:\/\/wolfsreise.d-l-w.de\/wp-content\/uploads\/2019\/05\/FAA25AC5-6B75-40CF-A5E6-A1CE5844672F-e1558708149875-150x112.jpeg 150w, http:\/\/wolfsreise.d-l-w.de\/wp-content\/uploads\/2019\/05\/FAA25AC5-6B75-40CF-A5E6-A1CE5844672F-e1558708149875-300x224.jpeg 300w, http:\/\/wolfsreise.d-l-w.de\/wp-content\/uploads\/2019\/05\/FAA25AC5-6B75-40CF-A5E6-A1CE5844672F-e1558708149875-768x574.jpeg 768w\" sizes=\"(max-width: 767px) 89vw, (max-width: 1000px) 54vw, (max-width: 1071px) 543px, 580px\" \/><figcaption>Alles ausgepackt, auch Gerd!<\/figcaption><\/figure>\n","protected":false},"excerpt":{"rendered":"<p>Zwischenstopp in Palmanova, der lohnt. Alte Festungsstadt der Venezianer und vieler anderer, kreisrund, hat\u2019s aber nicht gebracht. Heute in stiller, \u00fcbergro\u00dfer Stadtplatz in v\u00f6lliger Ruhe f\u00fcr einen kleinen Kaffee. In Izola ein r\u00e4tselhaftes Mittagessen, das uns vom Chefe selbstverst\u00e4ndlich auf deutsch erkl\u00e4rt wird. Und dannauf den kleinsten Bergstra\u00dfen durch einsame W\u00e4lder (Autobahn unbedingt vermeiden) bis &hellip; <\/p>\n<p class=\"link-more\"><a href=\"http:\/\/wolfsreise.d-l-w.de\/?p=1269\" class=\"more-link\"><span class=\"screen-reader-text\">\u201eVon Italien nach Kroatien und f\u00fcr einen Sprung nach Slovenien\u201c<\/span> weiterlesen<\/a><\/p>\n","protected":false},"author":2,"featured_media":0,"comment_status":"open","ping_status":"open","sticky":false,"template":"","format":"standard","meta":{"footnotes":""},"categories":[9],"tags":[],"class_list":["post-1269","post","type-post","status-publish","format-standard","hentry","category-europa-2019"],"_links":{"self":[{"href":"http:\/\/wolfsreise.d-l-w.de\/index.php?rest_route=\/wp\/v2\/posts\/1269"}],"collection":[{"href":"http:\/\/wolfsreise.d-l-w.de\/index.php?rest_route=\/wp\/v2\/posts"}],"about":[{"href":"http:\/\/wolfsreise.d-l-w.de\/index.php?rest_route=\/wp\/v2\/types\/post"}],"author":[{"embeddable":true,"href":"http:\/\/wolfsreise.d-l-w.de\/index.php?rest_route=\/wp\/v2\/users\/2"}],"replies":[{"embeddable":true,"href":"http:\/\/wolfsreise.d-l-w.de\/index.php?rest_route=%2Fwp%2Fv2%2Fcomments&post=1269"}],"version-history":[{"count":6,"href":"http:\/\/wolfsreise.d-l-w.de\/index.php?rest_route=\/wp\/v2\/posts\/1269\/revisions"}],"predecessor-version":[{"id":2793,"href":"http:\/\/wolfsreise.d-l-w.de\/index.php?rest_route=\/wp\/v2\/posts\/1269\/revisions\/2793"}],"wp:attachment":[{"href":"http:\/\/wolfsreise.d-l-w.de\/index.php?rest_route=%2Fwp%2Fv2%2Fmedia&parent=1269"}],"wp:term":[{"taxonomy":"category","embeddable":true,"href":"http:\/\/wolfsreise.d-l-w.de\/index.php?rest_route=%2Fwp%2Fv2%2Fcategories&post=1269"},{"taxonomy":"post_tag","embeddable":true,"href":"http:\/\/wolfsreise.d-l-w.de\/index.php?rest_route=%2Fwp%2Fv2%2Ftags&post=1269"}],"curies":[{"name":"wp","href":"https:\/\/api.w.org\/{rel}","templated":true}]}}