{"id":123,"date":"2015-03-12T15:26:59","date_gmt":"2015-03-12T14:26:59","guid":{"rendered":"http:\/\/wolfsreise.d-l-w.de\/?p=123"},"modified":"2018-06-22T15:40:06","modified_gmt":"2018-06-22T13:40:06","slug":"es-ist-gepackt","status":"publish","type":"post","link":"http:\/\/wolfsreise.d-l-w.de\/?p=123","title":{"rendered":"Es ist gepackt"},"content":{"rendered":"<p>hoffentlich ist alles drin im Koffer, der f\u00fcr meine Verh\u00e4ltnisse extrem schwer ist. 25 kg und nicht alle B\u00fccher und nicht alles Malpapier kann mit. Aber immerhin die Espresso-Kanne und drei (!!!) Paar Schuhe. Ob ich das wirklich alles brauchen werde, wei\u00df ich noch nicht. Der Koffer ist nicht voll,das ist ja auch kein Ziel.<\/p>\n<p>Und die &#8222;Ger\u00e4te&#8220; haben sich vermehrt. I-Pad, I-Phone, Lautsprecher, tausende Kabel und der Rechner, der Foto, das eine oder andere Ladeger\u00e4t, die Steckdosenadapter &#8211; ist doch unglaublich, dass ich das alles brauchen soll. Dagegen wiegen die f\u00fcnf Seidenfetzen, die ich zum Anziehen mitnehme, nix.<\/p>\n<p><img decoding=\"async\" src=\"http:\/\/wolfsreise.d-l-w.de\/wp-content\/uploads\/2015\/03\/IMG_0129-22.jpg\" alt=\"\"><\/p>\n<p><span style=\"line-height: 28px;\"><\/span>Langsam nimmt sogar bei mir die Aufregung zu, ob alles so wird, wie ich es mir w\u00fcnsche und ertr\u00e4ume. Morgen fr\u00fch 4.15 Uhr ist die Nacht zuende, ehe sie richtig begonnen hat. Ein Kurzflug nach Stuttgart, Umstieg und dann noch eine l\u00e4ngere Stunde nach Lissabon. Es geht von dort erst 16.50 Uhr mit dem Zug weiter nach Evora. Dort fahren n\u00e4mlich nur vier Z\u00fcge t\u00e4glich hin, zwei morgens und zwei am Nachmittag und fr\u00fchen Abend. Von meiner Vermieterin Sandra werde ich abgeholt und dann ist der erste Reisetag schon fast vorbei.<\/p>\n<p>Entschleunigung in jeder Hinsicht.&nbsp;<\/p>\n","protected":false},"excerpt":{"rendered":"<p>hoffentlich ist alles drin im Koffer, der f\u00fcr meine Verh\u00e4ltnisse extrem schwer ist. 25 kg und nicht alle B\u00fccher und nicht alles Malpapier kann mit. Aber immerhin die Espresso-Kanne und drei (!!!) Paar Schuhe. Ob ich das wirklich alles brauchen werde, wei\u00df ich noch nicht. Der Koffer ist nicht voll,das ist ja auch kein Ziel. &hellip; <\/p>\n<p class=\"link-more\"><a href=\"http:\/\/wolfsreise.d-l-w.de\/?p=123\" class=\"more-link\"><span class=\"screen-reader-text\">\u201eEs ist gepackt\u201c<\/span> weiterlesen<\/a><\/p>\n","protected":false},"author":2,"featured_media":0,"comment_status":"open","ping_status":"open","sticky":false,"template":"","format":"standard","meta":{"footnotes":""},"categories":[8],"tags":[],"class_list":["post-123","post","type-post","status-publish","format-standard","hentry","category-portugal"],"_links":{"self":[{"href":"http:\/\/wolfsreise.d-l-w.de\/index.php?rest_route=\/wp\/v2\/posts\/123"}],"collection":[{"href":"http:\/\/wolfsreise.d-l-w.de\/index.php?rest_route=\/wp\/v2\/posts"}],"about":[{"href":"http:\/\/wolfsreise.d-l-w.de\/index.php?rest_route=\/wp\/v2\/types\/post"}],"author":[{"embeddable":true,"href":"http:\/\/wolfsreise.d-l-w.de\/index.php?rest_route=\/wp\/v2\/users\/2"}],"replies":[{"embeddable":true,"href":"http:\/\/wolfsreise.d-l-w.de\/index.php?rest_route=%2Fwp%2Fv2%2Fcomments&post=123"}],"version-history":[{"count":4,"href":"http:\/\/wolfsreise.d-l-w.de\/index.php?rest_route=\/wp\/v2\/posts\/123\/revisions"}],"predecessor-version":[{"id":136,"href":"http:\/\/wolfsreise.d-l-w.de\/index.php?rest_route=\/wp\/v2\/posts\/123\/revisions\/136"}],"wp:attachment":[{"href":"http:\/\/wolfsreise.d-l-w.de\/index.php?rest_route=%2Fwp%2Fv2%2Fmedia&parent=123"}],"wp:term":[{"taxonomy":"category","embeddable":true,"href":"http:\/\/wolfsreise.d-l-w.de\/index.php?rest_route=%2Fwp%2Fv2%2Fcategories&post=123"},{"taxonomy":"post_tag","embeddable":true,"href":"http:\/\/wolfsreise.d-l-w.de\/index.php?rest_route=%2Fwp%2Fv2%2Ftags&post=123"}],"curies":[{"name":"wp","href":"https:\/\/api.w.org\/{rel}","templated":true}]}}