{"id":1203,"date":"2019-05-15T18:05:18","date_gmt":"2019-05-15T16:05:18","guid":{"rendered":"http:\/\/wolfsreise.d-l-w.de\/?p=1203"},"modified":"2019-05-15T23:02:44","modified_gmt":"2019-05-15T21:02:44","slug":"ein-museum-ganz-fuer-uns-allein","status":"publish","type":"post","link":"http:\/\/wolfsreise.d-l-w.de\/?p=1203","title":{"rendered":"Ein Museum ganz f\u00fcr uns allein!"},"content":{"rendered":"\n<p>\u00dcberraschungen am 14. Mai<\/p>\n\n\n\n<figure class=\"wp-block-image\"><img loading=\"lazy\" decoding=\"async\" width=\"626\" height=\"470\" src=\"http:\/\/wolfsreise.d-l-w.de\/wp-content\/uploads\/2019\/05\/9C964781-47F9-484E-AD84-EFBAFD7CC562.jpeg\" alt=\"\" class=\"wp-image-1204\" srcset=\"http:\/\/wolfsreise.d-l-w.de\/wp-content\/uploads\/2019\/05\/9C964781-47F9-484E-AD84-EFBAFD7CC562.jpeg 626w, http:\/\/wolfsreise.d-l-w.de\/wp-content\/uploads\/2019\/05\/9C964781-47F9-484E-AD84-EFBAFD7CC562-150x113.jpeg 150w, http:\/\/wolfsreise.d-l-w.de\/wp-content\/uploads\/2019\/05\/9C964781-47F9-484E-AD84-EFBAFD7CC562-300x225.jpeg 300w\" sizes=\"(max-width: 626px) 100vw, 626px\" \/><figcaption>In Rapperswill \u00f6ffnete eine der spannendsten Ausstellungen nur f\u00fcr uns<\/figcaption><\/figure>\n\n\n\n<p>Gleich drei Ausstellungen werden im Kunst(Zeug)Haus gezeigt, alle drei gleicherma\u00dfen spannend. Und es \u00f6ffnet nur f\u00fcr uns. Wir haben im Internet die \u00d6ffnungszeiten sondiert und sind p\u00fcnktlich kurz nach 14.00 Uhr vor der T\u00fcr. Sie ist offen, wir spazieren hinein und bekommen gleich angeboten einen Kaffee zu trinken, man (in diesem Fall Frau) werde jemanden f\u00fcr uns holen. Dann erfahren wir, dass Dienstags eigentlich geschlossen ist, aber wir auf jeden Fall willkommen  sind und uns alles anschauen d\u00fcrfen. \u201eWir sind ja ohnehin da!\u201c \u201eAch und die Kasse ist auch geschlossen, gehen Sie doch einfach gratis hinein.\u201c Ich dr\u00e4nge auf eine Spende, die dann doch genommen wird. Ungewohnte Freundlichkeit, wir sind \u00fcberrumpelt und genie\u00dfen alle drei Ausstellungen voller Freude.<\/p>\n\n\n\n<p>_ Rhythmus, Reihe, Repetition, Werke aus der Sammlung von Peter und Elisabeth Bosshard, die ihre Kunstwerke zu einem gro\u00dfen Teil dem Kunst(Zeug)Haus gestiftet haben.<\/p>\n\n\n\n<figure class=\"wp-block-image\"><img loading=\"lazy\" decoding=\"async\" width=\"480\" height=\"640\" src=\"http:\/\/wolfsreise.d-l-w.de\/wp-content\/uploads\/2019\/05\/5D86DD91-6472-4BD4-8648-E16E00B3AA65.jpeg\" alt=\"\" class=\"wp-image-1206\" srcset=\"http:\/\/wolfsreise.d-l-w.de\/wp-content\/uploads\/2019\/05\/5D86DD91-6472-4BD4-8648-E16E00B3AA65.jpeg 480w, http:\/\/wolfsreise.d-l-w.de\/wp-content\/uploads\/2019\/05\/5D86DD91-6472-4BD4-8648-E16E00B3AA65-113x150.jpeg 113w, http:\/\/wolfsreise.d-l-w.de\/wp-content\/uploads\/2019\/05\/5D86DD91-6472-4BD4-8648-E16E00B3AA65-225x300.jpeg 225w\" sizes=\"(max-width: 480px) 100vw, 480px\" \/><figcaption>Einer der weitl\u00e4ufigen Ausstellungss\u00e4le<\/figcaption><\/figure>\n\n\n\n<figure class=\"wp-block-image\"><img loading=\"lazy\" decoding=\"async\" width=\"163\" height=\"624\" src=\"http:\/\/wolfsreise.d-l-w.de\/wp-content\/uploads\/2019\/05\/D55EF1ED-0D8D-4F0E-AC25-5E52C9EACB08.jpeg\" alt=\"\" class=\"wp-image-1207\" srcset=\"http:\/\/wolfsreise.d-l-w.de\/wp-content\/uploads\/2019\/05\/D55EF1ED-0D8D-4F0E-AC25-5E52C9EACB08.jpeg 163w, http:\/\/wolfsreise.d-l-w.de\/wp-content\/uploads\/2019\/05\/D55EF1ED-0D8D-4F0E-AC25-5E52C9EACB08-39x150.jpeg 39w, http:\/\/wolfsreise.d-l-w.de\/wp-content\/uploads\/2019\/05\/D55EF1ED-0D8D-4F0E-AC25-5E52C9EACB08-78x300.jpeg 78w\" sizes=\"(max-width: 163px) 100vw, 163px\" \/><figcaption>Werk aus der Sammlung, Fokus Carlos Matter<\/figcaption><\/figure>\n\n\n\n<p><\/p>\n\n\n\n<figure class=\"wp-block-image\"><img loading=\"lazy\" decoding=\"async\" width=\"434\" height=\"590\" src=\"http:\/\/wolfsreise.d-l-w.de\/wp-content\/uploads\/2019\/05\/5006FFC3-E055-49B9-8703-EE6885247AC1.jpeg\" alt=\"\" class=\"wp-image-1208\" srcset=\"http:\/\/wolfsreise.d-l-w.de\/wp-content\/uploads\/2019\/05\/5006FFC3-E055-49B9-8703-EE6885247AC1.jpeg 434w, http:\/\/wolfsreise.d-l-w.de\/wp-content\/uploads\/2019\/05\/5006FFC3-E055-49B9-8703-EE6885247AC1-110x150.jpeg 110w, http:\/\/wolfsreise.d-l-w.de\/wp-content\/uploads\/2019\/05\/5006FFC3-E055-49B9-8703-EE6885247AC1-221x300.jpeg 221w\" sizes=\"(max-width: 434px) 100vw, 434px\" \/><figcaption> Selina  Baumann, Patricia Bucher, Chloe Delarue: Iles &#8211; Elles bis Juli 2019<\/figcaption><\/figure>\n\n\n\n<figure class=\"wp-block-image\"><img loading=\"lazy\" decoding=\"async\" width=\"480\" height=\"640\" src=\"http:\/\/wolfsreise.d-l-w.de\/wp-content\/uploads\/2019\/05\/B025B94A-E582-4CB9-8572-0DE774F12634.jpeg\" alt=\"\" class=\"wp-image-1214\" srcset=\"http:\/\/wolfsreise.d-l-w.de\/wp-content\/uploads\/2019\/05\/B025B94A-E582-4CB9-8572-0DE774F12634.jpeg 480w, http:\/\/wolfsreise.d-l-w.de\/wp-content\/uploads\/2019\/05\/B025B94A-E582-4CB9-8572-0DE774F12634-113x150.jpeg 113w, http:\/\/wolfsreise.d-l-w.de\/wp-content\/uploads\/2019\/05\/B025B94A-E582-4CB9-8572-0DE774F12634-225x300.jpeg 225w\" sizes=\"(max-width: 480px) 100vw, 480px\" \/><figcaption><em>Amaris Navarro: Paella mit Queso in der Reihe Seitenwagen, ein heimischer K\u00fcnstler aus Rapperswil-Jona <\/em><\/figcaption><\/figure>\n\n\n\n<p>Ein Besuch ist empfohlen: info@kunstzeughaus.ch<\/p>\n","protected":false},"excerpt":{"rendered":"<p>\u00dcberraschungen am 14. Mai Gleich drei Ausstellungen werden im Kunst(Zeug)Haus gezeigt, alle drei gleicherma\u00dfen spannend. Und es \u00f6ffnet nur f\u00fcr uns. Wir haben im Internet die \u00d6ffnungszeiten sondiert und sind p\u00fcnktlich kurz nach 14.00 Uhr vor der T\u00fcr. Sie ist offen, wir spazieren hinein und bekommen gleich angeboten einen Kaffee zu trinken, man (in diesem &hellip; <\/p>\n<p class=\"link-more\"><a href=\"http:\/\/wolfsreise.d-l-w.de\/?p=1203\" class=\"more-link\"><span class=\"screen-reader-text\">\u201eEin Museum ganz f\u00fcr uns allein!\u201c<\/span> weiterlesen<\/a><\/p>\n","protected":false},"author":2,"featured_media":0,"comment_status":"open","ping_status":"open","sticky":false,"template":"","format":"standard","meta":{"footnotes":""},"categories":[9],"tags":[],"class_list":["post-1203","post","type-post","status-publish","format-standard","hentry","category-europa-2019"],"_links":{"self":[{"href":"http:\/\/wolfsreise.d-l-w.de\/index.php?rest_route=\/wp\/v2\/posts\/1203"}],"collection":[{"href":"http:\/\/wolfsreise.d-l-w.de\/index.php?rest_route=\/wp\/v2\/posts"}],"about":[{"href":"http:\/\/wolfsreise.d-l-w.de\/index.php?rest_route=\/wp\/v2\/types\/post"}],"author":[{"embeddable":true,"href":"http:\/\/wolfsreise.d-l-w.de\/index.php?rest_route=\/wp\/v2\/users\/2"}],"replies":[{"embeddable":true,"href":"http:\/\/wolfsreise.d-l-w.de\/index.php?rest_route=%2Fwp%2Fv2%2Fcomments&post=1203"}],"version-history":[{"count":7,"href":"http:\/\/wolfsreise.d-l-w.de\/index.php?rest_route=\/wp\/v2\/posts\/1203\/revisions"}],"predecessor-version":[{"id":1227,"href":"http:\/\/wolfsreise.d-l-w.de\/index.php?rest_route=\/wp\/v2\/posts\/1203\/revisions\/1227"}],"wp:attachment":[{"href":"http:\/\/wolfsreise.d-l-w.de\/index.php?rest_route=%2Fwp%2Fv2%2Fmedia&parent=1203"}],"wp:term":[{"taxonomy":"category","embeddable":true,"href":"http:\/\/wolfsreise.d-l-w.de\/index.php?rest_route=%2Fwp%2Fv2%2Fcategories&post=1203"},{"taxonomy":"post_tag","embeddable":true,"href":"http:\/\/wolfsreise.d-l-w.de\/index.php?rest_route=%2Fwp%2Fv2%2Ftags&post=1203"}],"curies":[{"name":"wp","href":"https:\/\/api.w.org\/{rel}","templated":true}]}}